{"id":177041,"date":"2023-01-27T18:45:00","date_gmt":"2023-01-27T16:45:00","guid":{"rendered":"https:\/\/www.tucomarca.com\/wordpress\/segunda\/?p=177041"},"modified":"2023-01-27T23:52:11","modified_gmt":"2023-01-27T21:52:11","slug":"lajuntament-dalboraig-realitza-actuacions-per-a-previndre-els-incendis-forestals","status":"publish","type":"post","link":"https:\/\/www.tucomarca.com\/wordpress\/segunda\/ca\/lajuntament-dalboraig-realitza-actuacions-per-a-previndre-els-incendis-forestals\/","title":{"rendered":"L&#8217;Ajuntament d&#8217;Alboraig realitza actuacions per a previndre els incendis forestals"},"content":{"rendered":"\n<p>L&#8217;Ajuntament d&#8217;Alboraig est\u00e0 duent a terme diverses actuacions per a la gesti\u00f3 forestal sostenible i la prevenci\u00f3 d&#8217;incendis forestals, gr\u00e0cies a la subvenci\u00f3 Reacciona 2021 de la Diputaci\u00f3 de Val\u00e8ncia.&nbsp;<\/p>\n\n\n\n<p>Concretament, la subvenci\u00f3 rebuda \u00e9s de 12.559,69 euros en concepte de treballs forestals i de 8.373,12 euros en concepte d&#8217;inversions.<\/p>\n\n\n\n<p>\u00c9s en els mesos hivernals \u00e9s quan cal actuar per a cuidar dels nostres boscos i evitar, en la mesura que siga possible, que es deslliguen en ells devastadors incendis forestals.<\/p>\n\n\n\n<p>Aix\u00ed ho est\u00e0 fent l&#8217;Ajuntament d&#8217;Alboraig amb intervencions com la neteja en el Barranc Pallares i altres punts del terme municipal.<\/p>\n","protected":false},"excerpt":{"rendered":"<div class=\"mh-excerpt\">L&#8217;Ajuntament d&#8217;Alboraig est\u00e0 duent a terme diverses actuacions per a la gesti\u00f3 forestal sostenible i la prevenci\u00f3 d&#8217;incendis forestals, gr\u00e0cies a la subvenci\u00f3 Reacciona 2021 de la Diputaci\u00f3 de Val\u00e8ncia.&nbsp; Concretament, la subvenci\u00f3 rebuda \u00e9s <a class=\"mh-excerpt-more\" href=\"https:\/\/www.tucomarca.com\/wordpress\/segunda\/ca\/lajuntament-dalboraig-realitza-actuacions-per-a-previndre-els-incendis-forestals\/\" title=\"L&#8217;Ajuntament d&#8217;Alboraig realitza actuacions per a previndre els incendis forestals\">[+] <\/a><\/div>\n","protected":false},"author":12,"featured_media":177039,"comment_status":"open","ping_status":"open","sticky":false,"template":"","format":"standard","meta":{"footnotes":""},"categories":[10973,10948,10894,10912,10903,10947,10896],"tags":[11224,10914,12350,18756],"class_list":{"0":"post-177041","1":"post","2":"type-post","3":"status-publish","4":"format-standard","5":"has-post-thumbnail","7":"category-alborache-ca","8":"category-infraestructuras-ca","9":"category-la-comarca-ca","10":"category-la-hoya-ca","11":"category-medio-ambiente-la-comarca-ca","12":"category-politica","13":"category-seccion-ca","14":"tag-alborache-ca","15":"tag-la-hoya-de-bunol-chiva-ca","16":"tag-prevencion-de-incendios-ca","17":"tag-reacciona-2021-ca"},"_links":{"self":[{"href":"https:\/\/www.tucomarca.com\/wordpress\/segunda\/ca\/wp-json\/wp\/v2\/posts\/177041","targetHints":{"allow":["GET"]}}],"collection":[{"href":"https:\/\/www.tucomarca.com\/wordpress\/segunda\/ca\/wp-json\/wp\/v2\/posts"}],"about":[{"href":"https:\/\/www.tucomarca.com\/wordpress\/segunda\/ca\/wp-json\/wp\/v2\/types\/post"}],"author":[{"embeddable":true,"href":"https:\/\/www.tucomarca.com\/wordpress\/segunda\/ca\/wp-json\/wp\/v2\/users\/12"}],"replies":[{"embeddable":true,"href":"https:\/\/www.tucomarca.com\/wordpress\/segunda\/ca\/wp-json\/wp\/v2\/comments?post=177041"}],"version-history":[{"count":0,"href":"https:\/\/www.tucomarca.com\/wordpress\/segunda\/ca\/wp-json\/wp\/v2\/posts\/177041\/revisions"}],"wp:featuredmedia":[{"embeddable":true,"href":"https:\/\/www.tucomarca.com\/wordpress\/segunda\/ca\/wp-json\/wp\/v2\/media\/177039"}],"wp:attachment":[{"href":"https:\/\/www.tucomarca.com\/wordpress\/segunda\/ca\/wp-json\/wp\/v2\/media?parent=177041"}],"wp:term":[{"taxonomy":"category","embeddable":true,"href":"https:\/\/www.tucomarca.com\/wordpress\/segunda\/ca\/wp-json\/wp\/v2\/categories?post=177041"},{"taxonomy":"post_tag","embeddable":true,"href":"https:\/\/www.tucomarca.com\/wordpress\/segunda\/ca\/wp-json\/wp\/v2\/tags?post=177041"}],"curies":[{"name":"wp","href":"https:\/\/api.w.org\/{rel}","templated":true}]}}