{"id":177051,"date":"2023-01-29T12:00:00","date_gmt":"2023-01-29T10:00:00","guid":{"rendered":"https:\/\/www.tucomarca.com\/wordpress\/segunda\/?p=177051"},"modified":"2023-01-30T20:58:49","modified_gmt":"2023-01-30T18:58:49","slug":"riba-roja-de-turia-augmenta-fins-a-115-milions-de-metres-quadrats-la-superficie-agricola-destinada-al-cultiu-de-citrics-i-supera-ja-les-xifres-pre-pandemia","status":"publish","type":"post","link":"https:\/\/www.tucomarca.com\/wordpress\/segunda\/ca\/riba-roja-de-turia-augmenta-fins-a-115-milions-de-metres-quadrats-la-superficie-agricola-destinada-al-cultiu-de-citrics-i-supera-ja-les-xifres-pre-pandemia\/","title":{"rendered":"Riba-roja de T\u00faria augmenta fins a 11\u20195 milions de metres quadrats la superf\u00edcie agr\u00edcola destinada al cultiu de c\u00edtrics i supera ja les xifres pre-pand\u00e8mia&nbsp;"},"content":{"rendered":"\n<h4 class=\"wp-block-heading\">L&#8217;Informe del sector agrari valenci\u00e0 elaborat per la Conselleria d&#8217;Agricultura constata un increment de les taronges i el manteniment de les garrofes com a producte aut\u00f2cton&nbsp;<\/h4>\n\n\n\n<p>El terme municipal de Riba-roja de T\u00faria ha experimentat un increment notable dels terrenys destinats al cultiu de taronges i mandarines en m\u00e9s de 100.000 metres quadrats d&#8217;extensi\u00f3 i supera ja les xifres pre-pand\u00e8mia de l&#8217;any 2019. D&#8217;aquesta manera, la localitat ha passat d&#8217;una extensi\u00f3 de 1.143 hect\u00e0rees de l&#8217;any 2019 als m\u00e9s de 1.153 hect\u00e0rees de l&#8217;exercici de 2021.&nbsp;<\/p>\n\n\n\n<p>L&#8217;informe del sector agrari valenci\u00e0 publicat per la Conselleria d&#8217;Agricultura detalla, de manera detallada, l&#8217;evoluci\u00f3 dels productes d&#8217;aquest sector durant els \u00faltims anys, amb una atenci\u00f3 especial a les xifres d&#8217;entre l&#8217;exercici anterior a la pand\u00e8mia i l&#8217;actualitat. D&#8217;aquesta manera, la superf\u00edcie destinada pels agricultors de Riba-roja de T\u00faria durant l&#8217;exercici de 2019 estava fixada en 623 hect\u00e0rees en total mentre que l&#8217;any passat van aconseguir les 656 hect\u00e0rees, \u00e9s a dir, un increment de fins a 330.000 metres quadrats entre tots dos per\u00edodes de temps.&nbsp;<\/p>\n\n\n\n<p>Per part seua, la superf\u00edcie destinada a Riba-roja de T\u00faria a mandarines ha passat de 520 hect\u00e0rees en l&#8217;exercici de 2019 a les 497 hect\u00e0rees de l&#8217;any passat, \u00e9s a dir, un descens de 230.000 metres quadrats entre tots dos exercicis. No obstant aix\u00f2, el muntant global entre totes dues categories de c\u00edtrics, taronger dol\u00e7 i mandariner, segons la terminologia emprada per la Generalitat, s&#8217;ha incrementat en els citats 100.000 metres quadrats d&#8217;extensi\u00f3.&nbsp;<\/p>\n\n\n\n<p>L&#8217;informe de la Generalitat Valenciana se centra, tamb\u00e9, en els diversos tipus de cultius als quals es destinen els restants metres quadrats del s\u00f2l agr\u00edcola del terme municipal de Riba-roja de T\u00faria. D&#8217;aquesta manera, la producci\u00f3 de les garrofes es mant\u00e9 en un tercer lloc despr\u00e9s dels c\u00edtrics, amb un total de 412 hect\u00e0rees en sec\u00e0 i altres 6 hect\u00e0rees en regadiu, fins a aconseguir les 418 hect\u00e0rees entre totes dues modalitats. Les xifres de la garrofa mantenen una l\u00ednia regular des de l&#8217;exercici de 2019, en la qual l&#8217;es ha mantingut en les citades 418 hect\u00e0rees.&nbsp;<\/p>\n\n\n\n<p>A m\u00e9s, cal destacar altres tipus de cultius recollits en l&#8217;informe de la Conselleria d&#8217;Agricultura de manera que els terrenys dedicats a l&#8217;olivar per a la producci\u00f3 d&#8217;oli arriben a superar les xifres, fins i tot, de l&#8217;any 2017 en passar de les 85 hect\u00e0rees d&#8217;aquell exercici a les actuals 89 de l&#8217;any 2021. Altres cultius s\u00f3n els caquis, per als quals es destinen 11 hect\u00e0rees des de l&#8217;any 2018 o les 6 hect\u00e0rees de magraners o els 5 de les bresquilleres.&nbsp;<br>La quantitat de terrenys del terme municipal de Riba-roja de T\u00faria, dotat de 65\u20194 milions de metres quadrats en total, suposa que el 17\u20195% es destina al cultiu de c\u00edtrics \u2013tant taronges dolces com les mandarines- amb un total de 11\u20195 milions de metres quadrats mentre que els terrenys dedicats a les garrofes s\u00f3n un total de 4\u20191 milions de metres quadrats, \u00e9s a dir, el 6\u20194%. La resta de cultius es reparteixen entre una gran varietat de productes agr\u00edcoles.&nbsp;<\/p>\n\n\n\n<p>Altres productes agr\u00edcoles es mantenen en xifres similars al llarg dels \u00faltims anys, amb les 9 hect\u00e0rees destinades a les flors i les plantes ornamentals, les 16 hect\u00e0rees d&#8217;alfals, les 6 hect\u00e0rees de producci\u00f3 d&#8217;encisams, les 2 hect\u00e0rees de melons d&#8217;Alger o una hect\u00e0rea per a la producci\u00f3 de tomaques, tots ells elements tradicionals en la llista de la compra de les persones. Finalment, altres productes a tindre en compte s\u00f3n les 2 hect\u00e0rees que es destinen a les cebes o les 3 hect\u00e0rees de carabasseta.&nbsp;<\/p>\n\n\n\n<p>Cal destacar que el decret 43\/2007 del 13 d&#8217;abril de la Generalitat Valenciana va suposar la Declaraci\u00f3 del Parc Natural del T\u00faria i, per tant, un reconeixement que posa en relleu la import\u00e0ncia de l&#8217;horta en les riberes del T\u00faria. Precisament, es tracta d&#8217;un dels eixos fonamentals sobre els quals pivoten les pol\u00edtiques municipals de l&#8217;actual equip de govern en mat\u00e8ria d&#8217;agricultura, enfocades a la preservaci\u00f3 dels productes aut\u00f2ctons.&nbsp;<\/p>\n\n\n\n<p>L&#8217;alcalde de Riba-roja de T\u00faria, Robert Raga, ha afirmat que les dades contingudes en l&#8217;informe de la conselleria d&#8217;Agricultura \u201cavalen l&#8217;aposta d&#8217;aquest equip de govern de fer costat als nostres agricultors amb incentius fiscals a conseq\u00fc\u00e8ncia d&#8217;episodis atmosf\u00e8rics adversos o subvencions per la neteja de les parcel\u00b7les ja que es tracta d&#8217;un sector estrat\u00e8gic essencial per a desenvolupar pol\u00edtiques ambientals relacionades amb la petjada de carboni, per a reduir les emissions de di\u00f2xid de carboni i l&#8217;economia circular que aposta pels productes de proximitat\u201d.<\/p>\n\n\n\n<p><\/p>\n","protected":false},"excerpt":{"rendered":"<div class=\"mh-excerpt\">L&#8217;Informe del sector agrari valenci\u00e0 elaborat per la Conselleria d&#8217;Agricultura constata un increment de les taronges i el manteniment de les garrofes com a producte aut\u00f2cton&nbsp; El terme municipal de Riba-roja de T\u00faria ha experimentat <a class=\"mh-excerpt-more\" href=\"https:\/\/www.tucomarca.com\/wordpress\/segunda\/ca\/riba-roja-de-turia-augmenta-fins-a-115-milions-de-metres-quadrats-la-superficie-agricola-destinada-al-cultiu-de-citrics-i-supera-ja-les-xifres-pre-pandemia\/\" title=\"Riba-roja de T\u00faria augmenta fins a 11\u20195 milions de metres quadrats la superf\u00edcie agr\u00edcola destinada al cultiu de c\u00edtrics i supera ja les xifres pre-pand\u00e8mia&nbsp;\">[+] <\/a><\/div>\n","protected":false},"author":12,"featured_media":177050,"comment_status":"open","ping_status":"open","sticky":false,"template":"","format":"standard","meta":{"footnotes":""},"categories":[10905,10892,10948,10894,10904,10947,10906,10896],"tags":[10899,18757,15024],"class_list":{"0":"post-177051","1":"post","2":"type-post","3":"status-publish","4":"format-standard","5":"has-post-thumbnail","7":"category-agricultura-la-comarca-ca","8":"category-camp-de-turia-ca","9":"category-infraestructuras-ca","10":"category-la-comarca-ca","11":"category-sin-categorizar-ca","12":"category-politica","13":"category-riba-roja-ca","14":"category-seccion-ca","15":"tag-camp-de-turia-ca","16":"tag-cultivo-de-citricos-ca","17":"tag-riba-roja-de-turia-ca"},"_links":{"self":[{"href":"https:\/\/www.tucomarca.com\/wordpress\/segunda\/ca\/wp-json\/wp\/v2\/posts\/177051","targetHints":{"allow":["GET"]}}],"collection":[{"href":"https:\/\/www.tucomarca.com\/wordpress\/segunda\/ca\/wp-json\/wp\/v2\/posts"}],"about":[{"href":"https:\/\/www.tucomarca.com\/wordpress\/segunda\/ca\/wp-json\/wp\/v2\/types\/post"}],"author":[{"embeddable":true,"href":"https:\/\/www.tucomarca.com\/wordpress\/segunda\/ca\/wp-json\/wp\/v2\/users\/12"}],"replies":[{"embeddable":true,"href":"https:\/\/www.tucomarca.com\/wordpress\/segunda\/ca\/wp-json\/wp\/v2\/comments?post=177051"}],"version-history":[{"count":0,"href":"https:\/\/www.tucomarca.com\/wordpress\/segunda\/ca\/wp-json\/wp\/v2\/posts\/177051\/revisions"}],"wp:featuredmedia":[{"embeddable":true,"href":"https:\/\/www.tucomarca.com\/wordpress\/segunda\/ca\/wp-json\/wp\/v2\/media\/177050"}],"wp:attachment":[{"href":"https:\/\/www.tucomarca.com\/wordpress\/segunda\/ca\/wp-json\/wp\/v2\/media?parent=177051"}],"wp:term":[{"taxonomy":"category","embeddable":true,"href":"https:\/\/www.tucomarca.com\/wordpress\/segunda\/ca\/wp-json\/wp\/v2\/categories?post=177051"},{"taxonomy":"post_tag","embeddable":true,"href":"https:\/\/www.tucomarca.com\/wordpress\/segunda\/ca\/wp-json\/wp\/v2\/tags?post=177051"}],"curies":[{"name":"wp","href":"https:\/\/api.w.org\/{rel}","templated":true}]}}