{"id":177071,"date":"2023-01-29T20:00:00","date_gmt":"2023-01-29T18:00:00","guid":{"rendered":"https:\/\/www.tucomarca.com\/wordpress\/segunda\/?p=177071"},"modified":"2023-01-30T21:01:47","modified_gmt":"2023-01-30T19:01:47","slug":"el-cim-la-armonica-de-bunyol-dona-a-coneixer-a-les-que-seran-les-seues-misses-per-a-2023","status":"publish","type":"post","link":"https:\/\/www.tucomarca.com\/wordpress\/segunda\/ca\/el-cim-la-armonica-de-bunyol-dona-a-coneixer-a-les-que-seran-les-seues-misses-per-a-2023\/","title":{"rendered":"El CIM &#8220;La Arm\u00f3nica&#8221; de Bunyol dona a con\u00e9ixer a les que seran les seues Misses per a 2023"},"content":{"rendered":"\n<p>El 27 de gener ha sigut el dia triat pel Litre per a fer lliurament de les cartes que acrediten a Arlen S\u00e1nchez S\u00e1nchez, a Carmen Blasco Cerd\u00e1n i a Andrea Cano Bened\u00e9 com a futures Representant, Miss Harm\u00f2nica Infantil i Miss Arm\u00f3nica. L&#8217;acte va tindre lloc en el Sal\u00f3 de la Ximenera del Palau la M\u00fasica, on les joves litreras van rebre aquestes missives acompanyades dels seus familiars i sers estimats. A m\u00e9s, en aquest mateix acte s&#8217;ha convertit en tradici\u00f3 que cadascuna d&#8217;elles expresse en el Llibre de les Misses els desitjos i il\u00b7lusions que en elles desperta aquest nou cam\u00ed que recorreran, comen\u00e7ant aix\u00ed a formar part de la hist\u00f2ria litrera.<br>Aquest acte ha sigut rebut amb molt d&#8217;entusiasme at\u00e9s que, a conseq\u00fc\u00e8ncia de la pand\u00e8mia, des de 2020 no s&#8217;havia pogut celebrar. Volem transmetre&#8217;ls els nostres millors desitjos a Andrea, Carmen i Arlen per la nova marxa que comencen.<\/p>\n\n\n\n<figure class=\"wp-block-gallery has-nested-images columns-2 is-cropped wp-block-gallery-1 is-layout-flex wp-block-gallery-is-layout-flex\">\n<figure class=\"wp-block-image size-large\"><img loading=\"lazy\" decoding=\"async\" width=\"886\" height=\"590\" data-id=\"177059\" src=\"http:\/\/www.tucomarca.com\/wordpress\/segunda\/wp-content\/uploads\/2023\/01\/litroMisses2023_2.jpg\" alt=\"\" class=\"wp-image-177059\" srcset=\"https:\/\/www.tucomarca.com\/wordpress\/segunda\/wp-content\/uploads\/2023\/01\/litroMisses2023_2.jpg 886w, https:\/\/www.tucomarca.com\/wordpress\/segunda\/wp-content\/uploads\/2023\/01\/litroMisses2023_2-300x200.jpg 300w, https:\/\/www.tucomarca.com\/wordpress\/segunda\/wp-content\/uploads\/2023\/01\/litroMisses2023_2-768x511.jpg 768w\" sizes=\"auto, (max-width: 886px) 100vw, 886px\" \/><\/figure>\n\n\n\n<figure class=\"wp-block-image size-large\"><img loading=\"lazy\" decoding=\"async\" width=\"886\" height=\"590\" data-id=\"177061\" src=\"http:\/\/www.tucomarca.com\/wordpress\/segunda\/wp-content\/uploads\/2023\/01\/litroMisses2023_3.jpg\" alt=\"\" class=\"wp-image-177061\" srcset=\"https:\/\/www.tucomarca.com\/wordpress\/segunda\/wp-content\/uploads\/2023\/01\/litroMisses2023_3.jpg 886w, https:\/\/www.tucomarca.com\/wordpress\/segunda\/wp-content\/uploads\/2023\/01\/litroMisses2023_3-300x200.jpg 300w, https:\/\/www.tucomarca.com\/wordpress\/segunda\/wp-content\/uploads\/2023\/01\/litroMisses2023_3-768x511.jpg 768w\" sizes=\"auto, (max-width: 886px) 100vw, 886px\" \/><\/figure>\n\n\n\n<figure class=\"wp-block-image size-large\"><img loading=\"lazy\" decoding=\"async\" width=\"886\" height=\"626\" data-id=\"177063\" src=\"http:\/\/www.tucomarca.com\/wordpress\/segunda\/wp-content\/uploads\/2023\/01\/litroMisses2023_4.jpg\" alt=\"\" class=\"wp-image-177063\" srcset=\"https:\/\/www.tucomarca.com\/wordpress\/segunda\/wp-content\/uploads\/2023\/01\/litroMisses2023_4.jpg 886w, https:\/\/www.tucomarca.com\/wordpress\/segunda\/wp-content\/uploads\/2023\/01\/litroMisses2023_4-300x212.jpg 300w, https:\/\/www.tucomarca.com\/wordpress\/segunda\/wp-content\/uploads\/2023\/01\/litroMisses2023_4-768x543.jpg 768w\" sizes=\"auto, (max-width: 886px) 100vw, 886px\" \/><\/figure>\n\n\n\n<figure class=\"wp-block-image size-large\"><img loading=\"lazy\" decoding=\"async\" width=\"886\" height=\"581\" data-id=\"177067\" src=\"http:\/\/www.tucomarca.com\/wordpress\/segunda\/wp-content\/uploads\/2023\/01\/litroMisses2023_6.jpg\" alt=\"\" class=\"wp-image-177067\" srcset=\"https:\/\/www.tucomarca.com\/wordpress\/segunda\/wp-content\/uploads\/2023\/01\/litroMisses2023_6.jpg 886w, https:\/\/www.tucomarca.com\/wordpress\/segunda\/wp-content\/uploads\/2023\/01\/litroMisses2023_6-300x197.jpg 300w, https:\/\/www.tucomarca.com\/wordpress\/segunda\/wp-content\/uploads\/2023\/01\/litroMisses2023_6-768x504.jpg 768w\" sizes=\"auto, (max-width: 886px) 100vw, 886px\" \/><\/figure>\n\n\n\n<figure class=\"wp-block-image size-large\"><img loading=\"lazy\" decoding=\"async\" width=\"886\" height=\"577\" data-id=\"177065\" src=\"http:\/\/www.tucomarca.com\/wordpress\/segunda\/wp-content\/uploads\/2023\/01\/litroMisses2023_5.jpg\" alt=\"\" class=\"wp-image-177065\" srcset=\"https:\/\/www.tucomarca.com\/wordpress\/segunda\/wp-content\/uploads\/2023\/01\/litroMisses2023_5.jpg 886w, https:\/\/www.tucomarca.com\/wordpress\/segunda\/wp-content\/uploads\/2023\/01\/litroMisses2023_5-300x195.jpg 300w, https:\/\/www.tucomarca.com\/wordpress\/segunda\/wp-content\/uploads\/2023\/01\/litroMisses2023_5-768x500.jpg 768w\" sizes=\"auto, (max-width: 886px) 100vw, 886px\" \/><\/figure>\n<\/figure>\n","protected":false},"excerpt":{"rendered":"<div class=\"mh-excerpt\">El 27 de gener ha sigut el dia triat pel Litre per a fer lliurament de les cartes que acrediten a Arlen S\u00e1nchez S\u00e1nchez, a Carmen Blasco Cerd\u00e1n i a Andrea Cano Bened\u00e9 com a <a class=\"mh-excerpt-more\" href=\"https:\/\/www.tucomarca.com\/wordpress\/segunda\/ca\/el-cim-la-armonica-de-bunyol-dona-a-coneixer-a-les-que-seran-les-seues-misses-per-a-2023\/\" title=\"El CIM &#8220;La Arm\u00f3nica&#8221; de Bunyol dona a con\u00e9ixer a les que seran les seues Misses per a 2023\">[+] <\/a><\/div>\n","protected":false},"author":12,"featured_media":177058,"comment_status":"open","ping_status":"open","sticky":false,"template":"","format":"gallery","meta":{"footnotes":""},"categories":[10911,10894,10912,11007,10896],"tags":[10913,11209,10914,18759],"class_list":{"0":"post-177071","1":"post","2":"type-post","3":"status-publish","4":"format-gallery","5":"has-post-thumbnail","7":"category-bunol-ca","8":"category-la-comarca-ca","9":"category-la-hoya-ca","10":"category-ocio-y-cultura-ca","11":"category-seccion-ca","12":"tag-bunol-ca","13":"tag-cim-la-armonica-de-bunol-ca","14":"tag-la-hoya-de-bunol-chiva-ca","15":"tag-misses-2023-ca","16":"post_format-post-format-gallery"},"_links":{"self":[{"href":"https:\/\/www.tucomarca.com\/wordpress\/segunda\/ca\/wp-json\/wp\/v2\/posts\/177071","targetHints":{"allow":["GET"]}}],"collection":[{"href":"https:\/\/www.tucomarca.com\/wordpress\/segunda\/ca\/wp-json\/wp\/v2\/posts"}],"about":[{"href":"https:\/\/www.tucomarca.com\/wordpress\/segunda\/ca\/wp-json\/wp\/v2\/types\/post"}],"author":[{"embeddable":true,"href":"https:\/\/www.tucomarca.com\/wordpress\/segunda\/ca\/wp-json\/wp\/v2\/users\/12"}],"replies":[{"embeddable":true,"href":"https:\/\/www.tucomarca.com\/wordpress\/segunda\/ca\/wp-json\/wp\/v2\/comments?post=177071"}],"version-history":[{"count":0,"href":"https:\/\/www.tucomarca.com\/wordpress\/segunda\/ca\/wp-json\/wp\/v2\/posts\/177071\/revisions"}],"wp:featuredmedia":[{"embeddable":true,"href":"https:\/\/www.tucomarca.com\/wordpress\/segunda\/ca\/wp-json\/wp\/v2\/media\/177058"}],"wp:attachment":[{"href":"https:\/\/www.tucomarca.com\/wordpress\/segunda\/ca\/wp-json\/wp\/v2\/media?parent=177071"}],"wp:term":[{"taxonomy":"category","embeddable":true,"href":"https:\/\/www.tucomarca.com\/wordpress\/segunda\/ca\/wp-json\/wp\/v2\/categories?post=177071"},{"taxonomy":"post_tag","embeddable":true,"href":"https:\/\/www.tucomarca.com\/wordpress\/segunda\/ca\/wp-json\/wp\/v2\/tags?post=177071"}],"curies":[{"name":"wp","href":"https:\/\/api.w.org\/{rel}","templated":true}]}}