{"id":177098,"date":"2023-01-30T07:00:00","date_gmt":"2023-01-30T05:00:00","guid":{"rendered":"https:\/\/www.tucomarca.com\/wordpress\/segunda\/?p=177098"},"modified":"2023-01-30T20:39:29","modified_gmt":"2023-01-30T18:39:29","slug":"els-bombers-del-consorci-atenen-diversos-incendis-per-estufas-i-rescaten-a-un-motorista-caigut-al-barranc-de-la-yesa","status":"publish","type":"post","link":"https:\/\/www.tucomarca.com\/wordpress\/segunda\/ca\/els-bombers-del-consorci-atenen-diversos-incendis-per-estufas-i-rescaten-a-un-motorista-caigut-al-barranc-de-la-yesa\/","title":{"rendered":"Els bombers del Consorci atenen diversos incendis per estufas i rescaten a un motorista caigut al barranc de La Yesa"},"content":{"rendered":"\n<p>Els efectius del parc d\u2019Alzira han at\u00e9s diverses incid\u00e8ncies destacades en la matinada del dissabte al diumenge. Aix\u00ed, a les 02:40 h, bombers i sergent d\u2019este parc es despla\u00e7aven a Algemes\u00ed, on s\u2019hi havia produ\u00eft un incendi a un pis de l\u2019avinguda Pa\u00eds Valenci\u00e0, afectant el menjador i dos estances pr\u00f2ximes. Un poc m\u00e9s tard, a les 04:56 h, s\u2019hi van mobilitzar a la carretera CV-675 a Simat de la Valldigna, on en este cas era un vehicle, un turisme, el que estava en flames i que tamb\u00e9 hi va haver de ser extingit pels bombers. Ja de mat\u00ed, a les 07:40 h, els bombers han&nbsp; actuat a una nova incid\u00e8ncia al carrer Colon. En este cas s\u2019hi ha produ\u00eft una concentraci\u00f3 de gas en una estufa catal\u00edtica, ocasionant una forta explosi\u00f3 a una casa, que ha deixat nombrosos danys. A conseq\u00fc\u00e8ncia del succ\u00e9s, provoca cremades a una persona, que a l\u2019arribada dels bombers ja estava sent atesa pels sanitaris.<\/p>\n\n\n\n<p>D\u2019altra banda, com a rescat destacat de les \u00faltimes hores hi figura el cas d\u2019un motorista que havia caigut uns 10 m per un barranc de La Yesa. El sinistre va obligar a la mobilitzaci\u00f3 de grup de rescat GERA, sergent de Paterna, i bombers voluntaris de Titaguas i de Chelva. Una vegada estabilitzat i immobilitzat, els bombers el van extreure amb llitera niu fins a la carretera, amb col\u00b7laboraci\u00f3 de la resta de mitjans d\u2019emerg\u00e8ncia, per a transfer\u00e8ncia a ambul\u00e0ncia. Una vegada finalitzada esta operaci\u00f3, els bombers van recuperar tamb\u00e9 la moto del lloc on havia caigut.&nbsp;<\/p>\n","protected":false},"excerpt":{"rendered":"<div class=\"mh-excerpt\">Els efectius del parc d\u2019Alzira han at\u00e9s diverses incid\u00e8ncies destacades en la matinada del dissabte al diumenge. Aix\u00ed, a les 02:40 h, bombers i sergent d\u2019este parc es despla\u00e7aven a Algemes\u00ed, on s\u2019hi havia produ\u00eft <a class=\"mh-excerpt-more\" href=\"https:\/\/www.tucomarca.com\/wordpress\/segunda\/ca\/els-bombers-del-consorci-atenen-diversos-incendis-per-estufas-i-rescaten-a-un-motorista-caigut-al-barranc-de-la-yesa\/\" title=\"Els bombers del Consorci atenen diversos incendis per estufas i rescaten a un motorista caigut al barranc de La Yesa\">[+] <\/a><\/div>\n","protected":false},"author":1,"featured_media":177087,"comment_status":"open","ping_status":"open","sticky":false,"template":"","format":"standard","meta":{"footnotes":""},"categories":[10983,10889,11046,10898,10948,10894,10902,11023,10896,10897],"tags":[12834,11928,12177],"class_list":{"0":"post-177098","1":"post","2":"type-post","3":"status-publish","4":"format-standard","5":"has-post-thumbnail","7":"category-algemesi-ca","8":"category-alzira-cat","9":"category-los-serranos-ca","10":"category-ventana-ca","11":"category-infraestructuras-ca","12":"category-la-comarca-ca","13":"category-la-ribera-ca","14":"category-la-yesa-ca","15":"category-seccion-ca","16":"category-sucesos-la-comarca-ca","17":"tag-consorcio-provincial-de-bomberos-de-valencia-ca","18":"tag-la-serrania-ca","19":"tag-la-yesa-ca"},"_links":{"self":[{"href":"https:\/\/www.tucomarca.com\/wordpress\/segunda\/ca\/wp-json\/wp\/v2\/posts\/177098","targetHints":{"allow":["GET"]}}],"collection":[{"href":"https:\/\/www.tucomarca.com\/wordpress\/segunda\/ca\/wp-json\/wp\/v2\/posts"}],"about":[{"href":"https:\/\/www.tucomarca.com\/wordpress\/segunda\/ca\/wp-json\/wp\/v2\/types\/post"}],"author":[{"embeddable":true,"href":"https:\/\/www.tucomarca.com\/wordpress\/segunda\/ca\/wp-json\/wp\/v2\/users\/1"}],"replies":[{"embeddable":true,"href":"https:\/\/www.tucomarca.com\/wordpress\/segunda\/ca\/wp-json\/wp\/v2\/comments?post=177098"}],"version-history":[{"count":0,"href":"https:\/\/www.tucomarca.com\/wordpress\/segunda\/ca\/wp-json\/wp\/v2\/posts\/177098\/revisions"}],"wp:featuredmedia":[{"embeddable":true,"href":"https:\/\/www.tucomarca.com\/wordpress\/segunda\/ca\/wp-json\/wp\/v2\/media\/177087"}],"wp:attachment":[{"href":"https:\/\/www.tucomarca.com\/wordpress\/segunda\/ca\/wp-json\/wp\/v2\/media?parent=177098"}],"wp:term":[{"taxonomy":"category","embeddable":true,"href":"https:\/\/www.tucomarca.com\/wordpress\/segunda\/ca\/wp-json\/wp\/v2\/categories?post=177098"},{"taxonomy":"post_tag","embeddable":true,"href":"https:\/\/www.tucomarca.com\/wordpress\/segunda\/ca\/wp-json\/wp\/v2\/tags?post=177098"}],"curies":[{"name":"wp","href":"https:\/\/api.w.org\/{rel}","templated":true}]}}