{"id":177118,"date":"2023-01-30T11:00:00","date_gmt":"2023-01-30T09:00:00","guid":{"rendered":"https:\/\/www.tucomarca.com\/wordpress\/segunda\/?p=177118"},"modified":"2023-01-30T20:56:10","modified_gmt":"2023-01-30T18:56:10","slug":"el-pp-critica-que-lalcalde-de-la-pobla-de-vallbona-sume-una-altra-denuncia-mes-per-la-seua-gestio-de-la-policia-local-per-no-incorporar-a-un-agent","status":"publish","type":"post","link":"https:\/\/www.tucomarca.com\/wordpress\/segunda\/ca\/el-pp-critica-que-lalcalde-de-la-pobla-de-vallbona-sume-una-altra-denuncia-mes-per-la-seua-gestio-de-la-policia-local-per-no-incorporar-a-un-agent\/","title":{"rendered":"El PP critica que l&#8217;alcalde de la Pobla de Vallbona &#8220;sume una altra den\u00fancia m\u00e9s per la seua gesti\u00f3 de la Policia Local per no incorporar a un agent&#8221;"},"content":{"rendered":"\n<h4 class=\"wp-block-heading\">Contelles explica que un altre agent, que hauria d&#8217;estar incorporat a la plantilla i no est\u00e0, ha presentat una nova demanda en el jutjat perqu\u00e8 l&#8217;alcalde ha incomplit una resoluci\u00f3 que ell mateix va dictar<\/h4>\n\n\n\n<h4 class=\"wp-block-heading\">\u201cAra que per fi Josep Vicent Garcia i Tamarit ha reconegut el problema d&#8217;inseguretat despr\u00e9s d&#8217;anys denunciant-lo el PP, que tampoc arribe tard a aix\u00f2 i dignifique la Policia Local\u201d&nbsp;<\/h4>\n\n\n\n<h4 class=\"wp-block-heading\">La portaveu del PP critica que l&#8217;alcalde \u201ccontinue calcigant els drets dels treballadors de l&#8217;Ajuntament en general i de la Policia Local en particular, ell que es diu tan d&#8217;esquerres i d&#8217;un partit que promet \u2018rescatar persones\u2019\u201d<\/h4>\n\n\n\n<p>La portaveu del Partit Popular a l&#8217;Ajuntament de la Pobla de Vallbona, Mari Carmen Contelles, ha fet p\u00fablic que l&#8217;alcalde del municipi, Josep Vicent Garcia i Tamarit, acumula una altra den\u00fancia per la seua gesti\u00f3 al capdavant de la Policia Local.&nbsp;<br>En concret, Contelles ha revelat que un altre agent, que hauria d&#8217;estar incorporat a la plantilla i no est\u00e0, ha presentat una nova demanda en el jutjat perqu\u00e8 l&#8217;alcalde ha incomplit una resoluci\u00f3 que ell mateix va dictar. En la resoluci\u00f3 el propi alcalde \u201cresolia\u201d enviar a l&#8217;agent al pr\u00f2xim curs que es convocara del IVASPE per a la seua posterior incorporaci\u00f3 a la plantilla amb tota la formaci\u00f3 necess\u00e0ria completa. L&#8217;alcalde de la Pobla de Vallbona ni l&#8217;ha manat al IVASPE ni l&#8217;ha incorporat a la plantilla.<br>La portaveu del PP indica que aquesta nova den\u00fancia s&#8217;afig a les mesures cautelars per a la inscripci\u00f3 dels policies en pr\u00e0ctiques en un curs del IVASPE que el jutjat contenci\u00f3s administratiu n\u00fam. 8 de Val\u00e8ncia va ordenar amb data l\u00edmit del 20 de gener de 2023.&nbsp;<br>Contelles ha explicat que l&#8217;alcalde ha d&#8217;inscriure a l&#8217;agent en el curs del IVASPE, ja que aix\u00f2 suposaria la incorporaci\u00f3 d&#8217;un agent m\u00e9s treballant per a la Pobla de Vallbona, amb la seua formaci\u00f3 deguda i arma de foc reglament\u00e0ria, perqu\u00e8 diversos agents que estaven en la borsa abans que ell han renunciat per a anar a altres llocs i li toca a ell entrar, \u201cper\u00f2 per deixadesa o per algun motiu m\u00e9s fosc que desconeixem Josep Vicent Garcia i Tamarit incompleix la seua paraula\u201d.<br>\u201c\u00c9s m\u00e9s, l&#8217;alcalde continua donant excuses vagues que es desmunten per si soles, com que no pot enviar a l&#8217;agent al curs del IVASPE per necessitats del servei, perqu\u00e8 aquest aspirant no ha sigut reclamat per part d&#8217;aquest Ajuntament per a treballar i per tant que no ocupa pla\u00e7a en aquest moment i no s&#8217;hauria de contractar un altre agent per a suplir-li\u201d, indica Contelles.&nbsp;<br>La portaveu del PP ha criticat que Josep Vicent Garcia i Tamarit \u201ccontinue calcigant els drets dels treballadors de l&#8217;Ajuntament en general i de la Policia Local en particular, ell que es diu tan d&#8217;esquerres i d&#8217;un partit que promet \u2018rescatar persones\u2019, i nom\u00e9s posen bastons a la roda a gent que l&#8217;\u00fanica cosa que vol \u00e9s treballar i donar el seu servei p\u00fablic a la Pobla de Vallbona\u201d.&nbsp;<br>A m\u00e9s, Contelles ha lamentat \u201cque l&#8217;Ajuntament en lloc de buscar una soluci\u00f3 acabe en els tribunals per contradir-se incomplint una Resoluci\u00f3 d&#8217;Alcaldia ja dictada, i tenint fins i tot haver de suportar unes possibles despeses judicials que, finalment, acabarien pagant tots els contribuents de la Pobla de Vallbona\u201d.&nbsp;<br>En definitiva, la portaveu del PP ha concl\u00f2s reflexionant que \u201cara que sembla que l&#8217;alcalde Josep Vicent Garcia i Tamarit per fi s&#8217;ha adonat del problema de la inseguretat a sa Pobla malgrat que portem advertint des de fa anys tant els ve\u00efns com el PP, que no arribe tampoc tard a dignificar la nostra Policia Local i respectar els drets laborals dels agents, a les seues mans est\u00e0 no continuar sumant un rosari de den\u00fancies\u201d.<\/p>\n\n\n\n<p><\/p>\n","protected":false},"excerpt":{"rendered":"<div class=\"mh-excerpt\">Contelles explica que un altre agent, que hauria d&#8217;estar incorporat a la plantilla i no est\u00e0, ha presentat una nova demanda en el jutjat perqu\u00e8 l&#8217;alcalde ha incomplit una resoluci\u00f3 que ell mateix va dictar <a class=\"mh-excerpt-more\" href=\"https:\/\/www.tucomarca.com\/wordpress\/segunda\/ca\/el-pp-critica-que-lalcalde-de-la-pobla-de-vallbona-sume-una-altra-denuncia-mes-per-la-seua-gestio-de-la-policia-local-per-no-incorporar-a-un-agent\/\" title=\"El PP critica que l&#8217;alcalde de la Pobla de Vallbona &#8220;sume una altra den\u00fancia m\u00e9s per la seua gesti\u00f3 de la Policia Local per no incorporar a un agent&#8221;\">[+] <\/a><\/div>\n","protected":false},"author":12,"featured_media":177117,"comment_status":"open","ping_status":"open","sticky":false,"template":"","format":"standard","meta":{"footnotes":""},"categories":[10892,10948,10894,10915,10947,10896],"tags":[10899,13649,11274],"class_list":{"0":"post-177118","1":"post","2":"type-post","3":"status-publish","4":"format-standard","5":"has-post-thumbnail","7":"category-camp-de-turia-ca","8":"category-infraestructuras-ca","9":"category-la-comarca-ca","10":"category-la-pobla-ca","11":"category-politica","12":"category-seccion-ca","13":"tag-camp-de-turia-ca","14":"tag-pobla-de-vallbona-ca","15":"tag-pp-pobla-de-vallbona-ca"},"_links":{"self":[{"href":"https:\/\/www.tucomarca.com\/wordpress\/segunda\/ca\/wp-json\/wp\/v2\/posts\/177118","targetHints":{"allow":["GET"]}}],"collection":[{"href":"https:\/\/www.tucomarca.com\/wordpress\/segunda\/ca\/wp-json\/wp\/v2\/posts"}],"about":[{"href":"https:\/\/www.tucomarca.com\/wordpress\/segunda\/ca\/wp-json\/wp\/v2\/types\/post"}],"author":[{"embeddable":true,"href":"https:\/\/www.tucomarca.com\/wordpress\/segunda\/ca\/wp-json\/wp\/v2\/users\/12"}],"replies":[{"embeddable":true,"href":"https:\/\/www.tucomarca.com\/wordpress\/segunda\/ca\/wp-json\/wp\/v2\/comments?post=177118"}],"version-history":[{"count":0,"href":"https:\/\/www.tucomarca.com\/wordpress\/segunda\/ca\/wp-json\/wp\/v2\/posts\/177118\/revisions"}],"wp:featuredmedia":[{"embeddable":true,"href":"https:\/\/www.tucomarca.com\/wordpress\/segunda\/ca\/wp-json\/wp\/v2\/media\/177117"}],"wp:attachment":[{"href":"https:\/\/www.tucomarca.com\/wordpress\/segunda\/ca\/wp-json\/wp\/v2\/media?parent=177118"}],"wp:term":[{"taxonomy":"category","embeddable":true,"href":"https:\/\/www.tucomarca.com\/wordpress\/segunda\/ca\/wp-json\/wp\/v2\/categories?post=177118"},{"taxonomy":"post_tag","embeddable":true,"href":"https:\/\/www.tucomarca.com\/wordpress\/segunda\/ca\/wp-json\/wp\/v2\/tags?post=177118"}],"curies":[{"name":"wp","href":"https:\/\/api.w.org\/{rel}","templated":true}]}}