{"id":177125,"date":"2023-01-30T09:01:00","date_gmt":"2023-01-30T07:01:00","guid":{"rendered":"https:\/\/www.tucomarca.com\/wordpress\/segunda\/?p=177125"},"modified":"2023-01-31T17:04:52","modified_gmt":"2023-01-31T15:04:52","slug":"comencen-les-reparacions-de-jocs-infantils-als-parcs-de-xest","status":"publish","type":"post","link":"https:\/\/www.tucomarca.com\/wordpress\/segunda\/ca\/comencen-les-reparacions-de-jocs-infantils-als-parcs-de-xest\/","title":{"rendered":"Comencen les reparacions de jocs infantils als parcs de Xest"},"content":{"rendered":"\n<p>Ja han comen\u00e7at les tasques de reparaci\u00f3 i d&#8217;instal\u00b7laci\u00f3 de jocs infantils als parcs Plaza d&#8217;Espanya, Enrique Arnau, Anselmo Balaguer, Maestro Luis Ad\u00e1n Vice, La Lomiquia, Chirr\u00edn i Ricardo Mar\u00edn.<\/p>\n\n\n\n<p>\u201cAra com ara s&#8217;ha comen\u00e7at a substituir els jocs que es trobaven en pitjor estat i s&#8217;estan reparant els que necessitaven arranjaments. Des de la regidoria de Parcs i Jardins ens agradaria poder renovar-los tots alhora per\u00f2 actualment disposem d&#8217;un pressupost limitat. En aquesta ocasi\u00f3 la inversi\u00f3 ascendeix a 45.443,24 + IVA; aqueix preu inclou millores, com la reparaci\u00f3 de cautx\u00fas i la substituci\u00f3 de jocs en mal estat. A m\u00e9s, al Parc de La Lomiquia s&#8217;ha instal\u00b7lat una tirolina i gronxadors\u201d, ha explicat el regidor de Parcs i Jardins, David Pujals.<\/p>\n\n\n\n<p>Segons ha anunciat el regidor, les tasques de millora continuaran durant els pr\u00f2xims dies i es preveu que concloguen pr\u00f2ximament. \u201cFins a aqueix moment, demane a la poblaci\u00f3 que no accedisca als jocs que es troben precintats, ja que es mantindran aix\u00ed fins que estiguen a punt i siga segura la seua utilitzaci\u00f3\u201d, ha declarat Pujals.<\/p>\n\n\n\n<p><\/p>\n","protected":false},"excerpt":{"rendered":"<div class=\"mh-excerpt\">Ja han comen\u00e7at les tasques de reparaci\u00f3 i d&#8217;instal\u00b7laci\u00f3 de jocs infantils als parcs Plaza d&#8217;Espanya, Enrique Arnau, Anselmo Balaguer, Maestro Luis Ad\u00e1n Vice, La Lomiquia, Chirr\u00edn i Ricardo Mar\u00edn. \u201cAra com ara s&#8217;ha comen\u00e7at <a class=\"mh-excerpt-more\" href=\"https:\/\/www.tucomarca.com\/wordpress\/segunda\/ca\/comencen-les-reparacions-de-jocs-infantils-als-parcs-de-xest\/\" title=\"Comencen les reparacions de jocs infantils als parcs de Xest\">[+] <\/a><\/div>\n","protected":false},"author":12,"featured_media":177124,"comment_status":"open","ping_status":"open","sticky":false,"template":"","format":"standard","meta":{"footnotes":""},"categories":[10948,10894,10912,10947,10896,10974],"tags":[11071,18766,10914,18767],"class_list":{"0":"post-177125","1":"post","2":"type-post","3":"status-publish","4":"format-standard","5":"has-post-thumbnail","7":"category-infraestructuras-ca","8":"category-la-comarca-ca","9":"category-la-hoya-ca","10":"category-politica","11":"category-seccion-ca","12":"category-cheste-ca","13":"tag-cheste","14":"tag-juegos-infantiles-ca","15":"tag-la-hoya-de-bunol-chiva-ca","16":"tag-parques-ca"},"_links":{"self":[{"href":"https:\/\/www.tucomarca.com\/wordpress\/segunda\/ca\/wp-json\/wp\/v2\/posts\/177125","targetHints":{"allow":["GET"]}}],"collection":[{"href":"https:\/\/www.tucomarca.com\/wordpress\/segunda\/ca\/wp-json\/wp\/v2\/posts"}],"about":[{"href":"https:\/\/www.tucomarca.com\/wordpress\/segunda\/ca\/wp-json\/wp\/v2\/types\/post"}],"author":[{"embeddable":true,"href":"https:\/\/www.tucomarca.com\/wordpress\/segunda\/ca\/wp-json\/wp\/v2\/users\/12"}],"replies":[{"embeddable":true,"href":"https:\/\/www.tucomarca.com\/wordpress\/segunda\/ca\/wp-json\/wp\/v2\/comments?post=177125"}],"version-history":[{"count":0,"href":"https:\/\/www.tucomarca.com\/wordpress\/segunda\/ca\/wp-json\/wp\/v2\/posts\/177125\/revisions"}],"wp:featuredmedia":[{"embeddable":true,"href":"https:\/\/www.tucomarca.com\/wordpress\/segunda\/ca\/wp-json\/wp\/v2\/media\/177124"}],"wp:attachment":[{"href":"https:\/\/www.tucomarca.com\/wordpress\/segunda\/ca\/wp-json\/wp\/v2\/media?parent=177125"}],"wp:term":[{"taxonomy":"category","embeddable":true,"href":"https:\/\/www.tucomarca.com\/wordpress\/segunda\/ca\/wp-json\/wp\/v2\/categories?post=177125"},{"taxonomy":"post_tag","embeddable":true,"href":"https:\/\/www.tucomarca.com\/wordpress\/segunda\/ca\/wp-json\/wp\/v2\/tags?post=177125"}],"curies":[{"name":"wp","href":"https:\/\/api.w.org\/{rel}","templated":true}]}}