{"id":177132,"date":"2023-01-30T08:10:00","date_gmt":"2023-01-30T06:10:00","guid":{"rendered":"https:\/\/www.tucomarca.com\/wordpress\/segunda\/?p=177132"},"modified":"2023-01-30T20:27:14","modified_gmt":"2023-01-30T18:27:14","slug":"livaj-posa-en-marxa-una-nova-edicio-del-programa-jove-oportunitat-per-a-joves-dentre-16-i-21-anys-de-bunyol-que-no-estudien-ni-treballen","status":"publish","type":"post","link":"https:\/\/www.tucomarca.com\/wordpress\/segunda\/ca\/livaj-posa-en-marxa-una-nova-edicio-del-programa-jove-oportunitat-per-a-joves-dentre-16-i-21-anys-de-bunyol-que-no-estudien-ni-treballen\/","title":{"rendered":"L&#8217;IVAJ posa en marxa una nova edici\u00f3 del Programa Jove Oportunitat per a joves d&#8217;entre 16 i 21 anys de Bunyol que no estudien ni treballen"},"content":{"rendered":"\n<h4 class=\"wp-block-heading\">Uns 15 joves buscaran a trav\u00e9s de sessions de coaching i visites a empresa orientar el seu futur i trobar la seua vocaci\u00f3. Les classes presencials s&#8217;imparteixen en l&#8217;Antic Institut de Bunyol, de 9 a 14h fins a juny.&nbsp;<\/h4>\n\n\n\n<p>L&#8217;Institut Valenci\u00e0 de la Joventut (IVAJ) ha posat en marxa la setena edici\u00f3 del Programa Jove Oportunitat (JOOP), una iniciativa finan\u00e7ada pel Fons Social Europeu que persegueix motivar i orientar a joves d&#8217;entre 16 i 21 anys que han abandonat els seus estudis de manera primerenca. En total es realitzaran 75 grups en municipis repartits per tota la geografia de la Comunitat, i un d&#8217;ells \u00e9s Bunyol, que en aquesta ocasi\u00f3 \u00e9s la seua segona edici\u00f3 en la localitat. Compta amb m\u00e9s d&#8217;un 70% d&#8217;\u00e8xit entre els joves que s&#8217;inscriuen. Aconsegueixen trobar el seu cam\u00ed laboral o educatiu, perdut en els \u00faltims temps per diversos motius socioecon\u00f2mics i\/o educatius.&nbsp;<br>Durant sis mesos, de dilluns a divendres en horari de dem\u00e0, els integrants participen en nombroses din\u00e0miques d&#8217;aula, visites a empresa i activitats socioculturals. L&#8217;objectiu \u00e9s que aconseguisquen, a trav\u00e9s de sessions de coaching i visites a empresa, orientar el seu futur i trobar la seua vocaci\u00f3. Els joves comencen el programa desmotivats i es transformen en persones proactives i aut\u00f2nomes, capaces d&#8217;arribar a una decisi\u00f3 raonada, realista i motivante sobre el seu objectiu professional i vital. Un total de 15 joves poden fer-ho a Bunyol. Les inscripcions estan obertes tot el mes de febrer. Tots els que estiguen interessats a formar part d&#8217;aquest programa poden telefonar al 96 250 30 85, que \u00e9s el tel\u00e8fon de Serveis Socials de l&#8217;Ajuntament.&nbsp;<br>Per a poder participar en Jove Oportunitat han d&#8217;estar inscrits en Garantia Juvenil, una iniciativa de la Uni\u00f3&nbsp;Europea, gestionada pel SEPE (Servei P\u00fablic d&#8217;Ocupaci\u00f3 Estatal), que t\u00e9 com a objectiu que joves majors de 16 i menors de 30 anys que no estiguen cursant estudis, formaci\u00f3 ocupacional o no tinguen ocupaci\u00f3, puguen rebre una oferta d&#8217;ocupaci\u00f3, d&#8217;educaci\u00f3 o formaci\u00f3 despr\u00e9s d&#8217;haver finalitzat els seus estudis o quedar aturats.<br>Els xics i xiques que participen en JOOP van sempre acompanyats per la seua coach. Els coaches, professionals de l&#8217;\u00e0rea de la psicologia, pedagogia i educaci\u00f3 social, els ajuden a reflexionar sobre el futur que desitgen aconseguir i construir un projecte de vida propi.<br>Pau L\u00f3pez, coordinador psicopedag\u00f2gic d&#8217;aquest programa, confirma que la principal eina que s&#8217;utilitza en Jove Oportunitat \u00e9s el&nbsp;coaching actitudinal. \u201cA m\u00e9s, se&#8217;ls proporciona orientaci\u00f3 sobre les diferents fam\u00edlies professionals des d&#8217;un enfocament pr\u00e0ctic, visitant empreses, on se&#8217;ls mostra el treball real al qual porta cada titulaci\u00f3 i puguen aix\u00ed descobrir la seua vertadera vocaci\u00f3\u201d, assegura aquest coordinador de JOOP.<br>D&#8217;aquesta manera, el coach passa a convertir-se en una figura d&#8217;acompanyament, que respon a les necessitats b\u00e0siques dels joves, veient-les com una oportunitat de canvi real a curt i mitj\u00e0 termini. Aix\u00ed mateix, durant les diferents sessions d&#8217;aula que marquen el desenvolupament de Jove Oportunitat es fomenta la cohesi\u00f3 del grup, s&#8217;inculquen h\u00e0bits de vida saludables i es treballa en l&#8217;adquisici\u00f3 de compet\u00e8ncies curriculars.<br>Les classes arranquen aquest mes de febrer de 9h a 14h en l&#8217;antic Institut de la localitat. Concretament de 9 a 13h s&#8217;imparteixen classes en grup i de 13 a 14h s\u00f3n totalment individualitzades per a con\u00e9ixer m\u00e9s de prop les circumst\u00e0ncies de cada jove en per qu\u00e8 no ha aconseguit continuar estudiant ni tindre un treball en l&#8217;actualitat. Pau L\u00f3pez assegura que els joves compten amb sis mesos de formaci\u00f3 en aula i els altres 6 mesos l&#8217;acompanyament continua, ja no de manera di\u00e0ria per\u00f2 s\u00ed de forma continuada per a confirmar l&#8217;\u00e8xit d&#8217;aquest programa.&nbsp;<br>Despr\u00e9s de la formaci\u00f3, al juny se&#8217;ls convida a tots els alumnes a un alberg de conviv\u00e8ncia amb activitats multiaventura completament gratu\u00eft per a ells, on prenen contacte amb altres joves de les seues mateixes edats que han passat per circumst\u00e0ncies similars.&nbsp;<br>Aquest programa va arrancar com una necessitat actual palpable en la societat juvenil que compta amb major n\u00famero d&#8217;absentisme educatiu a primerenques edats, provocant una dificultat m\u00e0xima a l&#8217;hora de trobar un treball i canalitzar els seus camins personals, laborals i educatius.<\/p>\n\n\n\n<p><\/p>\n","protected":false},"excerpt":{"rendered":"<div class=\"mh-excerpt\">Uns 15 joves buscaran a trav\u00e9s de sessions de coaching i visites a empresa orientar el seu futur i trobar la seua vocaci\u00f3. Les classes presencials s&#8217;imparteixen en l&#8217;Antic Institut de Bunyol, de 9 a <a class=\"mh-excerpt-more\" href=\"https:\/\/www.tucomarca.com\/wordpress\/segunda\/ca\/livaj-posa-en-marxa-una-nova-edicio-del-programa-jove-oportunitat-per-a-joves-dentre-16-i-21-anys-de-bunyol-que-no-estudien-ni-treballen\/\" title=\"L&#8217;IVAJ posa en marxa una nova edici\u00f3 del Programa Jove Oportunitat per a joves d&#8217;entre 16 i 21 anys de Bunyol que no estudien ni treballen\">[+] <\/a><\/div>\n","protected":false},"author":12,"featured_media":177131,"comment_status":"open","ping_status":"open","sticky":false,"template":"","format":"standard","meta":{"footnotes":""},"categories":[10911,10948,10894,10912,10947,10896],"tags":[10913,11726,10914,18769],"class_list":{"0":"post-177132","1":"post","2":"type-post","3":"status-publish","4":"format-standard","5":"has-post-thumbnail","7":"category-bunol-ca","8":"category-infraestructuras-ca","9":"category-la-comarca-ca","10":"category-la-hoya-ca","11":"category-politica","12":"category-seccion-ca","13":"tag-bunol-ca","14":"tag-ivaj-ca","15":"tag-la-hoya-de-bunol-chiva-ca","16":"tag-programa-jove-oportunitat-ca"},"_links":{"self":[{"href":"https:\/\/www.tucomarca.com\/wordpress\/segunda\/ca\/wp-json\/wp\/v2\/posts\/177132","targetHints":{"allow":["GET"]}}],"collection":[{"href":"https:\/\/www.tucomarca.com\/wordpress\/segunda\/ca\/wp-json\/wp\/v2\/posts"}],"about":[{"href":"https:\/\/www.tucomarca.com\/wordpress\/segunda\/ca\/wp-json\/wp\/v2\/types\/post"}],"author":[{"embeddable":true,"href":"https:\/\/www.tucomarca.com\/wordpress\/segunda\/ca\/wp-json\/wp\/v2\/users\/12"}],"replies":[{"embeddable":true,"href":"https:\/\/www.tucomarca.com\/wordpress\/segunda\/ca\/wp-json\/wp\/v2\/comments?post=177132"}],"version-history":[{"count":0,"href":"https:\/\/www.tucomarca.com\/wordpress\/segunda\/ca\/wp-json\/wp\/v2\/posts\/177132\/revisions"}],"wp:featuredmedia":[{"embeddable":true,"href":"https:\/\/www.tucomarca.com\/wordpress\/segunda\/ca\/wp-json\/wp\/v2\/media\/177131"}],"wp:attachment":[{"href":"https:\/\/www.tucomarca.com\/wordpress\/segunda\/ca\/wp-json\/wp\/v2\/media?parent=177132"}],"wp:term":[{"taxonomy":"category","embeddable":true,"href":"https:\/\/www.tucomarca.com\/wordpress\/segunda\/ca\/wp-json\/wp\/v2\/categories?post=177132"},{"taxonomy":"post_tag","embeddable":true,"href":"https:\/\/www.tucomarca.com\/wordpress\/segunda\/ca\/wp-json\/wp\/v2\/tags?post=177132"}],"curies":[{"name":"wp","href":"https:\/\/api.w.org\/{rel}","templated":true}]}}