{"id":177139,"date":"2023-01-30T08:00:00","date_gmt":"2023-01-30T06:00:00","guid":{"rendered":"https:\/\/www.tucomarca.com\/wordpress\/segunda\/?p=177139"},"modified":"2023-01-30T20:18:28","modified_gmt":"2023-01-30T18:18:28","slug":"huit-joves-chestanos-participen-en-un-taller-de-rap-i-audiovisuals-i-creen-el-seu-propi-tema","status":"publish","type":"post","link":"https:\/\/www.tucomarca.com\/wordpress\/segunda\/ca\/huit-joves-chestanos-participen-en-un-taller-de-rap-i-audiovisuals-i-creen-el-seu-propi-tema\/","title":{"rendered":"Huit joves chestanos participen en un taller de rap i audiovisuals i creen el seu propi tema"},"content":{"rendered":"\n<p>Ahir, diumenge 29 de gener, va finalitzar el taller de rap que ha impartit Ant\u00e0rtida Produccions, en el marc del projecte Cultucrea, amb la col\u00b7laboraci\u00f3 de la regidoria de Joventut de l&#8217;Ajuntament de Xest.<\/p>\n\n\n\n<p>El taller, guiat pel productor Barb\u00e9 &#8211; Adri\u00e1n Gonz\u00e1lez- i del raper valenci\u00e0 KHBO &#8211; Kevin Gonz\u00e1lez-, ha comptat amb la participaci\u00f3 de 8 joves i s&#8217;ha desenvolupat al llarg de quatre sessions de dues hores i mitja dedicades a la producci\u00f3 musical, a la composici\u00f3 d&#8217;una can\u00e7\u00f3 i a l&#8217;enregistrament del tema i del seu videoclip. A m\u00e9s, el mes vinent d&#8217;abril els participants realitzaran una exhibici\u00f3 de l&#8217;apr\u00e9s.<\/p>\n\n\n\n<p>\u201cL&#8217;objectiu d&#8217;aquest taller \u00e9s que es parle d&#8217;una tem\u00e0tica social i fer entendre als participants que el rap \u00e9s una eina d&#8217;uni\u00f3, de comprensi\u00f3 i sobretot d&#8217;expressi\u00f3\u201d, explicava KHBO. \u201cLa nostra intenci\u00f3 \u00e9s que aprenguen a expressar-se lliurement i que utilitzen el rap per a parlar dels seus problemes o de qualsevol tem\u00e0tica que vulguen denunciar o visibilitzar\u201d.<\/p>\n\n\n\n<p>Segons apuntaven els responsables del taller, per a participar no era necessari comptar amb cap coneixement previ, ja que s&#8217;abordava tot el proc\u00e9s de producci\u00f3 des de l&#8217;inici; i, per a la composici\u00f3 del tema final, els dos artistes oferien diferents refer\u00e8ncies sobre les quals treballar. \u201cPartim del moment en el qual no existeix res per a arribar el moment en qu\u00e8 es pugen a l&#8217;escenari, mostrant-los tot el proc\u00e9s que hi ha darrere d&#8217;una actuaci\u00f3\u201d, apuntava Barb\u00e9. \u201cPer aix\u00f2 comencem amb una sessi\u00f3 dedicada a la producci\u00f3 musical: els ensenyem com es crea un instrumental des de zero i com fer qualsevol tipus de so amb un teclat midi. A partir d&#8217;ac\u00ed comencem amb la composici\u00f3 i hem finalitzat amb l&#8217;enregistrament. La sort que hem tingut a Xest \u00e9s que quasi tots els participants s\u00f3n m\u00fasics, llavors venien ja amb una base molt bona\u201d.<\/p>\n\n\n\n<p>\u201cAquest \u00e9s el primer projecte que es fa per a joves en aquest 2023 i ha tingut molt bon acolliment\u201d, ha destacat el regidor de Joventut, Ra\u00fal Mota. \u201cPr\u00f2ximament es realitzaran altres activitats, com el taller de DJ que es desenvolupar\u00e0 al mar\u00e7\u201d.<\/p>\n\n\n\n<p>Pr\u00f2xim taller per a joves<br>El taller de DJ es realitzar\u00e0 novament en col\u00b7laboraci\u00f3 amb Ant\u00e0rtida Produccions i Cultucrea i tindr\u00e0 lloc els dies 4 i 11 de mar\u00e7. Les inscripcions ja estan disponibles en @antartidaprods i en www.cultucrea.org.<\/p>\n\n\n\n<p><\/p>\n","protected":false},"excerpt":{"rendered":"<div class=\"mh-excerpt\">Ahir, diumenge 29 de gener, va finalitzar el taller de rap que ha impartit Ant\u00e0rtida Produccions, en el marc del projecte Cultucrea, amb la col\u00b7laboraci\u00f3 de la regidoria de Joventut de l&#8217;Ajuntament de Xest. El <a class=\"mh-excerpt-more\" href=\"https:\/\/www.tucomarca.com\/wordpress\/segunda\/ca\/huit-joves-chestanos-participen-en-un-taller-de-rap-i-audiovisuals-i-creen-el-seu-propi-tema\/\" title=\"Huit joves chestanos participen en un taller de rap i audiovisuals i creen el seu propi tema\">[+] <\/a><\/div>\n","protected":false},"author":12,"featured_media":177138,"comment_status":"open","ping_status":"open","sticky":false,"template":"","format":"standard","meta":{"footnotes":""},"categories":[10894,10912,11007,10896,10974],"tags":[11071,10914],"class_list":{"0":"post-177139","1":"post","2":"type-post","3":"status-publish","4":"format-standard","5":"has-post-thumbnail","7":"category-la-comarca-ca","8":"category-la-hoya-ca","9":"category-ocio-y-cultura-ca","10":"category-seccion-ca","11":"category-cheste-ca","12":"tag-cheste","13":"tag-la-hoya-de-bunol-chiva-ca"},"_links":{"self":[{"href":"https:\/\/www.tucomarca.com\/wordpress\/segunda\/ca\/wp-json\/wp\/v2\/posts\/177139","targetHints":{"allow":["GET"]}}],"collection":[{"href":"https:\/\/www.tucomarca.com\/wordpress\/segunda\/ca\/wp-json\/wp\/v2\/posts"}],"about":[{"href":"https:\/\/www.tucomarca.com\/wordpress\/segunda\/ca\/wp-json\/wp\/v2\/types\/post"}],"author":[{"embeddable":true,"href":"https:\/\/www.tucomarca.com\/wordpress\/segunda\/ca\/wp-json\/wp\/v2\/users\/12"}],"replies":[{"embeddable":true,"href":"https:\/\/www.tucomarca.com\/wordpress\/segunda\/ca\/wp-json\/wp\/v2\/comments?post=177139"}],"version-history":[{"count":0,"href":"https:\/\/www.tucomarca.com\/wordpress\/segunda\/ca\/wp-json\/wp\/v2\/posts\/177139\/revisions"}],"wp:featuredmedia":[{"embeddable":true,"href":"https:\/\/www.tucomarca.com\/wordpress\/segunda\/ca\/wp-json\/wp\/v2\/media\/177138"}],"wp:attachment":[{"href":"https:\/\/www.tucomarca.com\/wordpress\/segunda\/ca\/wp-json\/wp\/v2\/media?parent=177139"}],"wp:term":[{"taxonomy":"category","embeddable":true,"href":"https:\/\/www.tucomarca.com\/wordpress\/segunda\/ca\/wp-json\/wp\/v2\/categories?post=177139"},{"taxonomy":"post_tag","embeddable":true,"href":"https:\/\/www.tucomarca.com\/wordpress\/segunda\/ca\/wp-json\/wp\/v2\/tags?post=177139"}],"curies":[{"name":"wp","href":"https:\/\/api.w.org\/{rel}","templated":true}]}}