{"id":177153,"date":"2023-01-30T09:00:00","date_gmt":"2023-01-30T07:00:00","guid":{"rendered":"https:\/\/www.tucomarca.com\/wordpress\/segunda\/?p=177153"},"modified":"2023-01-30T21:04:31","modified_gmt":"2023-01-30T19:04:31","slug":"arranca-la-setmana-de-larbre-a-xest","status":"publish","type":"post","link":"https:\/\/www.tucomarca.com\/wordpress\/segunda\/ca\/arranca-la-setmana-de-larbre-a-xest\/","title":{"rendered":"Arranca la Setmana de l&#8217;Arbre a Xest"},"content":{"rendered":"\n<p>Des de hui fins al divendres dia 3 de febrer se celebrar\u00e0 a Xest la Setmana de l&#8217;Arbre, unes jornades d&#8217;educaci\u00f3 ambiental dirigides a alumnat dels centres educatius promogudes des de la regidoria de Medi Ambient, en col\u00b7laboraci\u00f3 amb les \u00e0rees d&#8217;Educaci\u00f3 i Serveis.<\/p>\n\n\n\n<p>Durant tota la setmana, alumnat de 4t de Prim\u00e0ria els col\u00b7legis de Xest, de la guarderia Menuts i del Centre de Formaci\u00f3 de Persones Adultes realitzaran tallers que inclouran la plantaci\u00f3 de diferents esp\u00e8cies aut\u00f2ctones. \u201cL&#8217;objectiu d&#8217;aquesta setmana \u00e9s conscienciar sobre la import\u00e0ncia dels arbres i que coneguen la seua estructura i les seues cures\u201d, explicava l&#8217;educadora ambiental Sandra Fraile. \u201cCom a novetat enguany, l&#8217;alumnat del Centre de Formaci\u00f3 de Persones Adultes plantar\u00e0 diversos exemplars d&#8217;arom\u00e0tiques que ha adquirit l&#8217;Ajuntament\u201d.<\/p>\n\n\n\n<p>\u201cDes de la regidoria de Medi Ambient estem realitzant diferents tallers al llarg de tot l&#8217;any perqu\u00e8 considerem que s\u00f3n una eina molt valuosa per a informar i conscienciar a la poblaci\u00f3 de manera pr\u00e0ctica i l\u00fadica. La celebraci\u00f3 de la Setmana de l&#8217;Arbre \u00e9s una m\u00e9s de les accions que es realitzen des d&#8217;aquesta \u00e0rea municipal per a aconseguir que la poblaci\u00f3 aposte per la sostenibilitat i pel respecte de l&#8217;entorn natural\u201d, ha manifestat el regidor, David Pujals.<\/p>\n\n\n\n<p><strong>Primera jornada<\/strong><\/p>\n\n\n\n<figure class=\"wp-block-gallery has-nested-images columns-2 is-cropped wp-block-gallery-1 is-layout-flex wp-block-gallery-is-layout-flex\">\n<figure class=\"wp-block-image size-large\"><img loading=\"lazy\" decoding=\"async\" width=\"886\" height=\"591\" data-id=\"177144\" src=\"http:\/\/www.tucomarca.com\/wordpress\/segunda\/wp-content\/uploads\/2023\/01\/Cheste_SemanaArbol_8.jpg\" alt=\"\" class=\"wp-image-177144\" srcset=\"https:\/\/www.tucomarca.com\/wordpress\/segunda\/wp-content\/uploads\/2023\/01\/Cheste_SemanaArbol_8.jpg 886w, https:\/\/www.tucomarca.com\/wordpress\/segunda\/wp-content\/uploads\/2023\/01\/Cheste_SemanaArbol_8-300x200.jpg 300w, https:\/\/www.tucomarca.com\/wordpress\/segunda\/wp-content\/uploads\/2023\/01\/Cheste_SemanaArbol_8-768x512.jpg 768w\" sizes=\"auto, (max-width: 886px) 100vw, 886px\" \/><\/figure>\n\n\n\n<figure class=\"wp-block-image size-large\"><img loading=\"lazy\" decoding=\"async\" width=\"886\" height=\"591\" data-id=\"177148\" src=\"http:\/\/www.tucomarca.com\/wordpress\/segunda\/wp-content\/uploads\/2023\/01\/Cheste_SemanaArbol_7.jpg\" alt=\"\" class=\"wp-image-177148\" srcset=\"https:\/\/www.tucomarca.com\/wordpress\/segunda\/wp-content\/uploads\/2023\/01\/Cheste_SemanaArbol_7.jpg 886w, https:\/\/www.tucomarca.com\/wordpress\/segunda\/wp-content\/uploads\/2023\/01\/Cheste_SemanaArbol_7-300x200.jpg 300w, https:\/\/www.tucomarca.com\/wordpress\/segunda\/wp-content\/uploads\/2023\/01\/Cheste_SemanaArbol_7-768x512.jpg 768w\" sizes=\"auto, (max-width: 886px) 100vw, 886px\" \/><\/figure>\n\n\n\n<figure class=\"wp-block-image size-large\"><img loading=\"lazy\" decoding=\"async\" width=\"886\" height=\"591\" data-id=\"177146\" src=\"http:\/\/www.tucomarca.com\/wordpress\/segunda\/wp-content\/uploads\/2023\/01\/Cheste_SemanaArbol_10.jpg\" alt=\"\" class=\"wp-image-177146\" srcset=\"https:\/\/www.tucomarca.com\/wordpress\/segunda\/wp-content\/uploads\/2023\/01\/Cheste_SemanaArbol_10.jpg 886w, https:\/\/www.tucomarca.com\/wordpress\/segunda\/wp-content\/uploads\/2023\/01\/Cheste_SemanaArbol_10-300x200.jpg 300w, https:\/\/www.tucomarca.com\/wordpress\/segunda\/wp-content\/uploads\/2023\/01\/Cheste_SemanaArbol_10-768x512.jpg 768w\" sizes=\"auto, (max-width: 886px) 100vw, 886px\" \/><\/figure>\n<\/figure>\n\n\n\n<p>Aquest mat\u00ed ja han participat 20 alumnes i alumnes el CEIP Francisco Giner dels Rius, els qui s&#8217;han despla\u00e7at fins al van viure municipal per a rebre una xarrada sobre les esp\u00e8cies aut\u00f2ctones i les esp\u00e8cies invasores a c\u00e0rrec de les t\u00e8cniques del departament de Medi Ambient de l&#8217;Ajuntament. Tamb\u00e9 han intervingut en la sessi\u00f3 el t\u00e8cnic d&#8217;arbratge i jardineria sostenible i el podador de l&#8217;Ajuntament i personal de jardineria.<\/p>\n\n\n\n<p>Com cada any, despr\u00e9s de la xarrada, els xiquets i xiquetes han apr\u00e9s a plantar un arbre, preparant el test i col\u00b7locant la terra. A m\u00e9s, han realitzat el trasplantament de diferents pins a un test de major grand\u00e0ria, exemplars que en un futur seran plantats en zones verdes de la localitat.&nbsp;<\/p>\n\n\n\n<p>Tal com han explicat des de l&#8217;organitzaci\u00f3, la celebraci\u00f3 de la Setmana de l&#8217;Arbre es reserva per a 4t curs en els col\u00b7legis, de manera que tots els xiquets i xiquetes tinguen l&#8217;experi\u00e8ncia una vegada durant el seu pas per l&#8217;etapa d&#8217;Educaci\u00f3 Prim\u00e0ria. \u201cEncara que \u00e9s la primera vegada que aquest grup realitza l&#8217;activitat, la majoria sabia fer moltes coses de les quals han realitzat hui. Crec que ha sigut una experi\u00e8ncia positiva, ja que, encara que molts conegueren el proc\u00e9s, el fet de fer-lo de manera pr\u00e0ctica i presencial \u00e9s la millor manera perqu\u00e8 puguen interioritzar-lo\u201d, ha apuntat la mestra Lourdes Alomar.<\/p>\n\n\n\n<p>Totes les persones participants han rebut una bossa amb una tassa, una gorra, una cantimplora i una llibreta, amb la imatge de Xest Verda.<\/p>\n","protected":false},"excerpt":{"rendered":"<div class=\"mh-excerpt\">Des de hui fins al divendres dia 3 de febrer se celebrar\u00e0 a Xest la Setmana de l&#8217;Arbre, unes jornades d&#8217;educaci\u00f3 ambiental dirigides a alumnat dels centres educatius promogudes des de la regidoria de Medi <a class=\"mh-excerpt-more\" href=\"https:\/\/www.tucomarca.com\/wordpress\/segunda\/ca\/arranca-la-setmana-de-larbre-a-xest\/\" title=\"Arranca la Setmana de l&#8217;Arbre a Xest\">[+] <\/a><\/div>\n","protected":false},"author":12,"featured_media":177151,"comment_status":"open","ping_status":"open","sticky":false,"template":"","format":"gallery","meta":{"footnotes":""},"categories":[10894,10912,10903,10947,10896,10974],"tags":[17360,11071,13680,10914,16349],"class_list":{"0":"post-177153","1":"post","2":"type-post","3":"status-publish","4":"format-gallery","5":"has-post-thumbnail","7":"category-la-comarca-ca","8":"category-la-hoya-ca","9":"category-medio-ambiente-la-comarca-ca","10":"category-politica","11":"category-seccion-ca","12":"category-cheste-ca","13":"tag-ceip-francisco-giner-de-los-rios-ca","14":"tag-cheste","15":"tag-cheste-verde-ca","16":"tag-la-hoya-de-bunol-chiva-ca","17":"tag-semana-del-arbol-ca","18":"post_format-post-format-gallery"},"_links":{"self":[{"href":"https:\/\/www.tucomarca.com\/wordpress\/segunda\/ca\/wp-json\/wp\/v2\/posts\/177153","targetHints":{"allow":["GET"]}}],"collection":[{"href":"https:\/\/www.tucomarca.com\/wordpress\/segunda\/ca\/wp-json\/wp\/v2\/posts"}],"about":[{"href":"https:\/\/www.tucomarca.com\/wordpress\/segunda\/ca\/wp-json\/wp\/v2\/types\/post"}],"author":[{"embeddable":true,"href":"https:\/\/www.tucomarca.com\/wordpress\/segunda\/ca\/wp-json\/wp\/v2\/users\/12"}],"replies":[{"embeddable":true,"href":"https:\/\/www.tucomarca.com\/wordpress\/segunda\/ca\/wp-json\/wp\/v2\/comments?post=177153"}],"version-history":[{"count":0,"href":"https:\/\/www.tucomarca.com\/wordpress\/segunda\/ca\/wp-json\/wp\/v2\/posts\/177153\/revisions"}],"wp:featuredmedia":[{"embeddable":true,"href":"https:\/\/www.tucomarca.com\/wordpress\/segunda\/ca\/wp-json\/wp\/v2\/media\/177151"}],"wp:attachment":[{"href":"https:\/\/www.tucomarca.com\/wordpress\/segunda\/ca\/wp-json\/wp\/v2\/media?parent=177153"}],"wp:term":[{"taxonomy":"category","embeddable":true,"href":"https:\/\/www.tucomarca.com\/wordpress\/segunda\/ca\/wp-json\/wp\/v2\/categories?post=177153"},{"taxonomy":"post_tag","embeddable":true,"href":"https:\/\/www.tucomarca.com\/wordpress\/segunda\/ca\/wp-json\/wp\/v2\/tags?post=177153"}],"curies":[{"name":"wp","href":"https:\/\/api.w.org\/{rel}","templated":true}]}}