{"id":177160,"date":"2023-01-30T12:00:00","date_gmt":"2023-01-30T10:00:00","guid":{"rendered":"https:\/\/www.tucomarca.com\/wordpress\/segunda\/?p=177160"},"modified":"2023-01-30T20:16:10","modified_gmt":"2023-01-30T18:16:10","slug":"benaguasil-formara-a-docents-i-alumnat-per-a-previndre-la-violencia-lgtb-en-els-centres-educatius","status":"publish","type":"post","link":"https:\/\/www.tucomarca.com\/wordpress\/segunda\/ca\/benaguasil-formara-a-docents-i-alumnat-per-a-previndre-la-violencia-lgtb-en-els-centres-educatius\/","title":{"rendered":"Benaguasil formar\u00e0 a docents i alumnat per a previndre la viol\u00e8ncia LGTB en els centres educatius"},"content":{"rendered":"\n<h4 class=\"wp-block-heading\">Benaguasil \u00e9s dels primers municipis del Camp de T\u00faria a formar a docents i alumnat a trav\u00e9s de LGTB Education amb la col\u00b7laboraci\u00f3 de Mirall Camp de T\u00faria.<\/h4>\n\n\n\n<p>L&#8217;Ajuntament a trav\u00e9s de l&#8217;\u00e0rea d&#8217;Igualtat, ofereix als docents i a l&#8217;alumnat de Benaguasil la possibilitat de realitzar cursos de formaci\u00f3 en protocols de prevenci\u00f3 i actuaci\u00f3 per a previndre la viol\u00e8ncia LGTB en els centres educatius.<br>Les sessions que seran impartides per LGTB Education, es realitzaran en l\u00ednia i consten de dos m\u00f2duls de 4 hores cadascun. Pr\u00e8viament, es realitzar\u00e0 una reuni\u00f3 telem\u00e0tica a trav\u00e9s de la plataforma MEET, on es presentar\u00e0 la formaci\u00f3 i es resoldran possibles dubtes.<br>Aix\u00ed mateix es realitzaran campanyes de sensibilitzaci\u00f3 dirigides a l&#8217;alumnat per a mostrar-los les diferents realitats LGTB amb les quals es conviu en el dia a dia tant dins com fora dels centres educatius, ja que con\u00e9ixer-les i respectar-les els ajudar\u00e0 a crear un espai segur dins de les aules.<\/p>\n\n\n\n<p><strong>Lluita contra les conductes homof\u00f3bicas<\/strong><\/p>\n\n\n\n<p>La regidor d&#8217;Igualtat Alicia Molina ha assenyalat que \u201cdurant el per\u00edode de col\u00b7legi i institut, els xiquets, xiquetes i xiquetes desenvolupen habilitats socials, creen nous lla\u00e7os d&#8217;amistat i comen\u00e7a a formar la seua pr\u00f2pia personalitat, per la qual cosa \u00e9s molt important acompanyar-los en aquest proc\u00e9s des d&#8217;un punt de vista en el qual la diversitat i la igualtat siga present\u201d. Es tracta tamb\u00e9 d&#8217;avan\u00e7ar-se al conflicte i que els professors puguen previndre conductes homof\u00f3bicas i detectar situacions de risc o d&#8217;exist\u00e8ncia de discriminaci\u00f3 per als joves homosexuals, bisexuals i transsexuals\u201d.<br>LGTB Education \u00e9s una plataforma transversal encarregada de formar educadors en protocols de prevenci\u00f3 i actuaci\u00f3 enfront de la viol\u00e8ncia LGTB en els centres educatius, aix\u00ed com impartir campanyes de sensibilitzaci\u00f3 en l&#8217;alumnat tractant de crear espais segurs on poder cr\u00e9ixer i formar-se.<\/p>\n\n\n\n<p><\/p>\n","protected":false},"excerpt":{"rendered":"<div class=\"mh-excerpt\">Benaguasil \u00e9s dels primers municipis del Camp de T\u00faria a formar a docents i alumnat a trav\u00e9s de LGTB Education amb la col\u00b7laboraci\u00f3 de Mirall Camp de T\u00faria. L&#8217;Ajuntament a trav\u00e9s de l&#8217;\u00e0rea d&#8217;Igualtat, ofereix <a class=\"mh-excerpt-more\" href=\"https:\/\/www.tucomarca.com\/wordpress\/segunda\/ca\/benaguasil-formara-a-docents-i-alumnat-per-a-previndre-la-violencia-lgtb-en-els-centres-educatius\/\" title=\"Benaguasil formar\u00e0 a docents i alumnat per a previndre la viol\u00e8ncia LGTB en els centres educatius\">[+] <\/a><\/div>\n","protected":false},"author":12,"featured_media":177159,"comment_status":"open","ping_status":"open","sticky":false,"template":"","format":"standard","meta":{"footnotes":""},"categories":[11019,10952,10892,10948,10894,10947,10896],"tags":[11136,10899,18771,12034,18772],"class_list":{"0":"post-177160","1":"post","2":"type-post","3":"status-publish","4":"format-standard","5":"has-post-thumbnail","7":"category-agenda-ca","8":"category-benaguasil-ca","9":"category-camp-de-turia-ca","10":"category-infraestructuras-ca","11":"category-la-comarca-ca","12":"category-politica","13":"category-seccion-ca","14":"tag-benaguasil-ca","15":"tag-camp-de-turia-ca","16":"tag-homofobia-ca","17":"tag-igualdad-ca","18":"tag-lgtb-education-ca"},"_links":{"self":[{"href":"https:\/\/www.tucomarca.com\/wordpress\/segunda\/ca\/wp-json\/wp\/v2\/posts\/177160","targetHints":{"allow":["GET"]}}],"collection":[{"href":"https:\/\/www.tucomarca.com\/wordpress\/segunda\/ca\/wp-json\/wp\/v2\/posts"}],"about":[{"href":"https:\/\/www.tucomarca.com\/wordpress\/segunda\/ca\/wp-json\/wp\/v2\/types\/post"}],"author":[{"embeddable":true,"href":"https:\/\/www.tucomarca.com\/wordpress\/segunda\/ca\/wp-json\/wp\/v2\/users\/12"}],"replies":[{"embeddable":true,"href":"https:\/\/www.tucomarca.com\/wordpress\/segunda\/ca\/wp-json\/wp\/v2\/comments?post=177160"}],"version-history":[{"count":0,"href":"https:\/\/www.tucomarca.com\/wordpress\/segunda\/ca\/wp-json\/wp\/v2\/posts\/177160\/revisions"}],"wp:featuredmedia":[{"embeddable":true,"href":"https:\/\/www.tucomarca.com\/wordpress\/segunda\/ca\/wp-json\/wp\/v2\/media\/177159"}],"wp:attachment":[{"href":"https:\/\/www.tucomarca.com\/wordpress\/segunda\/ca\/wp-json\/wp\/v2\/media?parent=177160"}],"wp:term":[{"taxonomy":"category","embeddable":true,"href":"https:\/\/www.tucomarca.com\/wordpress\/segunda\/ca\/wp-json\/wp\/v2\/categories?post=177160"},{"taxonomy":"post_tag","embeddable":true,"href":"https:\/\/www.tucomarca.com\/wordpress\/segunda\/ca\/wp-json\/wp\/v2\/tags?post=177160"}],"curies":[{"name":"wp","href":"https:\/\/api.w.org\/{rel}","templated":true}]}}