{"id":177176,"date":"2023-01-31T09:00:00","date_gmt":"2023-01-31T07:00:00","guid":{"rendered":"https:\/\/www.tucomarca.com\/wordpress\/segunda\/?p=177176"},"modified":"2023-01-31T21:27:58","modified_gmt":"2023-01-31T19:27:58","slug":"la-pobla-de-vallbona-extiende-la-banda-ancha-a-22-nucleos-sin-cobertura-con-fondos-europeos-de-recuperacion-economica","status":"publish","type":"post","link":"https:\/\/www.tucomarca.com\/wordpress\/segunda\/ca\/la-pobla-de-vallbona-extiende-la-banda-ancha-a-22-nucleos-sin-cobertura-con-fondos-europeos-de-recuperacion-economica\/","title":{"rendered":"La Pobla de Vallbona est\u00e9n la banda ampla a 22 nuclis sense cobertura amb fons europeus de recuperaci\u00f3 econ\u00f2mica"},"content":{"rendered":"\n<h4 class=\"wp-block-heading\">El Ministeri d&#8217;Assumptes Econ\u00f2mics publica les localitats benefici\u00e0ries<\/h4>\n\n\n\n<p>L&#8217;Ajuntament de la Pobla de Vallbona rebr\u00e0 finan\u00e7ament per a estendre la banda ampla a un total de 22 nuclis poblacionals que actualment manquen de cobertura digital i, per tant, no tenen acc\u00e9s a les noves tecnologies. Aquest projecte est\u00e0 incl\u00f2s en el Pla de Recuperaci\u00f3, Transformaci\u00f3 i Resili\u00e8ncia de la Uni\u00f3 Europea gr\u00e0cies als Next Generation.&nbsp;<\/p>\n\n\n\n<p>El Ministeri d&#8217;Assumptes Econ\u00f2mics i Transformaci\u00f3 Digital ha publicat el llistat de les localitats d&#8217;Espanya que han resultat benefici\u00e0ries amb aquestes ajudes econ\u00f2miques en el programa d&#8217;Universalitzaci\u00f3 d&#8217;Infraestructures Digitals per a la Cohesi\u00f3 de la banda ampla que en l&#8217;\u00e0mbit de la Comunitat Valeciana gestiona la conselleria d&#8217;Innovaci\u00f3, Universitats, Ci\u00e8ncia i Societat Digital.&nbsp;<\/p>\n\n\n\n<p>En el cas de la Pobla de Vallbona es tracta de 22 nuclis que s&#8217;han identificat, pr\u00e8viament, amb la denominaci\u00f3 de \u201czones blanques\u201d per a designar aquelles localitats que manquen de qualsevol tipus de cobertura de banda ampla de nova generaci\u00f3 ni acc\u00e9s a les noves tecnologies. A m\u00e9s, en aquestes \u201czones blanques\u201d tampoc existeix ni previsi\u00f3 per a la seua dotaci\u00f3 per part d&#8217;algun operador en el termini de 3 anys, sobre la base de plans d&#8217;inversi\u00f3 cre\u00efbles.<\/p>\n\n\n\n<p>La prov\u00edncia de Val\u00e8ncia rebr\u00e0 un total de 7 milions d&#8217;euros per a escometre un total de 20.374 actuacions en altres tantes unitats immobili\u00e0ries de manera que aquestes zones blanques puguen tindre acc\u00e9s a la banda ampla. Cal recordar que durant el per\u00edode 2022-2025 es repartiran fins a un total de 25 milions d&#8217;euros gr\u00e0cies als plans de recuperaci\u00f3 europeus Next Generation.&nbsp;<\/p>\n\n\n\n<p>Eliminar la denominada \u201cbretxa digital\u201d \u00e9s un dels principals problemes als quals s&#8217;han d&#8217;enfrontar, actualment, moltes fam\u00edlies per a efectuar i realitzar determinats tr\u00e0mits i procediments administratius. Per tant, amb la posada en marxa d&#8217;aquesta iniciativa, tots els ciutadans d&#8217;una mateixa localitat tindran les mateixes oportunitats a l&#8217;hora d&#8217;efectuar els seus tr\u00e0mits. &nbsp;<\/p>\n\n\n\n<p>La candidata socialista a l&#8217;alcaldia de sa Pobla de Valbona, Noem\u00ed Morales, ha subratllat \u201cla import\u00e0ncia de dur a terme aquesta actuaci\u00f3 en mat\u00e8ria de noves tecnologies en la nostra localitat i que permetr\u00e0 eliminar, definitivament, la bretxa digital entre les persones per motius econ\u00f2mics o socials i que, d&#8217;aquesta manera, podran efectuar els seus tr\u00e0mits i procediments\u201d.&nbsp;<\/p>\n\n\n\n<p><\/p>\n","protected":false},"excerpt":{"rendered":"<div class=\"mh-excerpt\">El Ministeri d&#8217;Assumptes Econ\u00f2mics publica les localitats benefici\u00e0ries L&#8217;Ajuntament de la Pobla de Vallbona rebr\u00e0 finan\u00e7ament per a estendre la banda ampla a un total de 22 nuclis poblacionals que actualment manquen de cobertura digital <a class=\"mh-excerpt-more\" href=\"https:\/\/www.tucomarca.com\/wordpress\/segunda\/ca\/la-pobla-de-vallbona-extiende-la-banda-ancha-a-22-nucleos-sin-cobertura-con-fondos-europeos-de-recuperacion-economica\/\" title=\"La Pobla de Vallbona est\u00e9n la banda ampla a 22 nuclis sense cobertura amb fons europeus de recuperaci\u00f3 econ\u00f2mica\">[+] <\/a><\/div>\n","protected":false},"author":12,"featured_media":171216,"comment_status":"open","ping_status":"open","sticky":false,"template":"","format":"standard","meta":{"footnotes":""},"categories":[10892,10948,10894,10915,10947,10896],"tags":[10899,10916],"class_list":{"0":"post-177176","1":"post","2":"type-post","3":"status-publish","4":"format-standard","5":"has-post-thumbnail","7":"category-camp-de-turia-ca","8":"category-infraestructuras-ca","9":"category-la-comarca-ca","10":"category-la-pobla-ca","11":"category-politica","12":"category-seccion-ca","13":"tag-camp-de-turia-ca","14":"tag-la-pobla-de-vallbona-ca"},"_links":{"self":[{"href":"https:\/\/www.tucomarca.com\/wordpress\/segunda\/ca\/wp-json\/wp\/v2\/posts\/177176","targetHints":{"allow":["GET"]}}],"collection":[{"href":"https:\/\/www.tucomarca.com\/wordpress\/segunda\/ca\/wp-json\/wp\/v2\/posts"}],"about":[{"href":"https:\/\/www.tucomarca.com\/wordpress\/segunda\/ca\/wp-json\/wp\/v2\/types\/post"}],"author":[{"embeddable":true,"href":"https:\/\/www.tucomarca.com\/wordpress\/segunda\/ca\/wp-json\/wp\/v2\/users\/12"}],"replies":[{"embeddable":true,"href":"https:\/\/www.tucomarca.com\/wordpress\/segunda\/ca\/wp-json\/wp\/v2\/comments?post=177176"}],"version-history":[{"count":0,"href":"https:\/\/www.tucomarca.com\/wordpress\/segunda\/ca\/wp-json\/wp\/v2\/posts\/177176\/revisions"}],"wp:featuredmedia":[{"embeddable":true,"href":"https:\/\/www.tucomarca.com\/wordpress\/segunda\/ca\/wp-json\/wp\/v2\/media\/171216"}],"wp:attachment":[{"href":"https:\/\/www.tucomarca.com\/wordpress\/segunda\/ca\/wp-json\/wp\/v2\/media?parent=177176"}],"wp:term":[{"taxonomy":"category","embeddable":true,"href":"https:\/\/www.tucomarca.com\/wordpress\/segunda\/ca\/wp-json\/wp\/v2\/categories?post=177176"},{"taxonomy":"post_tag","embeddable":true,"href":"https:\/\/www.tucomarca.com\/wordpress\/segunda\/ca\/wp-json\/wp\/v2\/tags?post=177176"}],"curies":[{"name":"wp","href":"https:\/\/api.w.org\/{rel}","templated":true}]}}