{"id":177252,"date":"2023-01-31T14:56:00","date_gmt":"2023-01-31T13:56:00","guid":{"rendered":"https:\/\/www.tucomarca.com\/wordpress\/segunda\/?p=177252"},"modified":"2023-02-01T10:08:54","modified_gmt":"2023-02-01T09:08:54","slug":"la-clavaria-de-la-mare-de-deu-de-montiel-de-benaguasil-posa-en-marxa-la-iniciativa-els-bunyols-de-la-tia-sunsioneta","status":"publish","type":"post","link":"https:\/\/www.tucomarca.com\/wordpress\/segunda\/ca\/la-clavaria-de-la-mare-de-deu-de-montiel-de-benaguasil-posa-en-marxa-la-iniciativa-els-bunyols-de-la-tia-sunsioneta\/","title":{"rendered":"La Clav\u00e0ria de la Mare de D\u00e9u de Montiel de Benaguasil posa en marxa la iniciativa \u201cEls Bunyols de la Tia Sunsioneta\u201d"},"content":{"rendered":"\n<h4 class=\"wp-block-heading\">Cada diumenge de 09.00 a 12.00 i fins al 12 de mar\u00e7, la Clavaria elaborar\u00e0 bunyols i els posar\u00e0 a la disposici\u00f3 de la ciutadania per a recaptar fons per a les festes patronals.<\/h4>\n\n\n\n<p>Una vegada finalitzats els actes en honor a Sant Antoni i Sant Blai, la Clavaria de la Mare de D\u00e9u de Montiel llan\u00e7a la iniciativa Els Bunyols de la Tia Sunsioneta.<br>I \u00e9s que, mares i pares dels components de la clavaria elaboraran cada diumenge fins al 12 de mar\u00e7, bunyols tradicionals sota la supervisi\u00f3 de la Tia Sunsioneta.<br>L&#8217;objectiu d&#8217;aquest projecte \u00e9s doble ja que, la Clavaria pret\u00e9n acostar a tot el municipi, per\u00f2 tamb\u00e9 a persones que visiten Benaguasil, un producte artesanal i elaborat amb una recepta centen\u00e0ria alhora que recaptar fons per a l&#8217;organitzaci\u00f3 del dia gran les Festes Patronals en Honor a la Verge de Montiel el pr\u00f2xim 8 de setembre.<br>Des de la Clavaria de la Mare de D\u00e9u de Montiel destaquen \u201cel car\u00e0cter local i valenci\u00e0 d&#8217;aquesta iniciativa per a posar en valor el nostre a trav\u00e9s d&#8217;una cosa tan especial com els bunyols, encara que amb un toc tradicional ja que seran elaborats pels nostres pares i mares\u201d.<br>A partir del pr\u00f2xim 5 de mar\u00e7 i en horari de 09.00 a 12.00 estar\u00e0 obert el punt de repartiment al Carrer Verge del Pilar, 26 de Benaguasil. Tamb\u00e9 s&#8217;ha establit el tel\u00e8fon 643751809 per a realitzar enc\u00e0rrecs.<\/p>\n\n\n\n<p><\/p>\n","protected":false},"excerpt":{"rendered":"<div class=\"mh-excerpt\">Cada diumenge de 09.00 a 12.00 i fins al 12 de mar\u00e7, la Clavaria elaborar\u00e0 bunyols i els posar\u00e0 a la disposici\u00f3 de la ciutadania per a recaptar fons per a les festes patronals. Una <a class=\"mh-excerpt-more\" href=\"https:\/\/www.tucomarca.com\/wordpress\/segunda\/ca\/la-clavaria-de-la-mare-de-deu-de-montiel-de-benaguasil-posa-en-marxa-la-iniciativa-els-bunyols-de-la-tia-sunsioneta\/\" title=\"La Clav\u00e0ria de la Mare de D\u00e9u de Montiel de Benaguasil posa en marxa la iniciativa \u201cEls Bunyols de la Tia Sunsioneta\u201d\">[+] <\/a><\/div>\n","protected":false},"author":12,"featured_media":177251,"comment_status":"open","ping_status":"open","sticky":false,"template":"","format":"standard","meta":{"footnotes":""},"categories":[10952,10892,10894,11007,10896],"tags":[11136,10899,18775],"class_list":{"0":"post-177252","1":"post","2":"type-post","3":"status-publish","4":"format-standard","5":"has-post-thumbnail","7":"category-benaguasil-ca","8":"category-camp-de-turia-ca","9":"category-la-comarca-ca","10":"category-ocio-y-cultura-ca","11":"category-seccion-ca","12":"tag-benaguasil-ca","13":"tag-camp-de-turia-ca","14":"tag-clavaria-mare-de-deu-ca"},"_links":{"self":[{"href":"https:\/\/www.tucomarca.com\/wordpress\/segunda\/ca\/wp-json\/wp\/v2\/posts\/177252","targetHints":{"allow":["GET"]}}],"collection":[{"href":"https:\/\/www.tucomarca.com\/wordpress\/segunda\/ca\/wp-json\/wp\/v2\/posts"}],"about":[{"href":"https:\/\/www.tucomarca.com\/wordpress\/segunda\/ca\/wp-json\/wp\/v2\/types\/post"}],"author":[{"embeddable":true,"href":"https:\/\/www.tucomarca.com\/wordpress\/segunda\/ca\/wp-json\/wp\/v2\/users\/12"}],"replies":[{"embeddable":true,"href":"https:\/\/www.tucomarca.com\/wordpress\/segunda\/ca\/wp-json\/wp\/v2\/comments?post=177252"}],"version-history":[{"count":0,"href":"https:\/\/www.tucomarca.com\/wordpress\/segunda\/ca\/wp-json\/wp\/v2\/posts\/177252\/revisions"}],"wp:featuredmedia":[{"embeddable":true,"href":"https:\/\/www.tucomarca.com\/wordpress\/segunda\/ca\/wp-json\/wp\/v2\/media\/177251"}],"wp:attachment":[{"href":"https:\/\/www.tucomarca.com\/wordpress\/segunda\/ca\/wp-json\/wp\/v2\/media?parent=177252"}],"wp:term":[{"taxonomy":"category","embeddable":true,"href":"https:\/\/www.tucomarca.com\/wordpress\/segunda\/ca\/wp-json\/wp\/v2\/categories?post=177252"},{"taxonomy":"post_tag","embeddable":true,"href":"https:\/\/www.tucomarca.com\/wordpress\/segunda\/ca\/wp-json\/wp\/v2\/tags?post=177252"}],"curies":[{"name":"wp","href":"https:\/\/api.w.org\/{rel}","templated":true}]}}