{"id":177274,"date":"2023-01-31T19:00:00","date_gmt":"2023-01-31T18:00:00","guid":{"rendered":"https:\/\/www.tucomarca.com\/wordpress\/segunda\/?p=177274"},"modified":"2023-02-01T11:32:52","modified_gmt":"2023-02-01T10:32:52","slug":"requena-inicia-la-celebracio-de-la-seua-19-setmana-mediambiental","status":"publish","type":"post","link":"https:\/\/www.tucomarca.com\/wordpress\/segunda\/ca\/requena-inicia-la-celebracio-de-la-seua-19-setmana-mediambiental\/","title":{"rendered":"Requena inicia la celebraci\u00f3 de la seua 19 Setmana Mediambiental"},"content":{"rendered":"\n<p><strong>Es realitzaran plantacions de diversos tipus d&#8217;arbres\u00a0<br><\/strong>Conmemorando el Dia de l&#8217;Arbre que se celebra hui 31 de gener a la Comunitat Valenciana, es faran plantacions de diversos tipus d&#8217;arbres a c\u00e0rrec d&#8217;alumnes dels diferents centres educatius del municipi al llarg de tota la setmana, fins a aconseguir els 2.000 exemplars. Concretament, comen\u00e7ar\u00e0 aquesta labor l&#8217;alumnat dels col\u00b7legis de la localitat, Alfons X El Savi, Serrano Clavero, Higuerillas i Lucio Gil Fagoaga.<br>Li seguiran l&#8217;IES 1, el dijous 2 de febrer, i el divendres 3, els alumnes de l&#8217;IES Oleana.<br>Els centres educatius de les pedanies, Manuel Garc\u00eda Izquierdo i el CRA El Teix, se sumaran a la iniciativa al llarg de febrer.<br>D&#8217;aquesta manera, es plantaran exemplars de diferents esp\u00e8cies com a pins coscoll i pinyer, quejigos, carrasques i arbo\u00e7os.<br>Aix\u00ed, cada centre educatiu col\u00b7labora amb un total de 200 o 300 exemplars plantats, que tamb\u00e9 seran regats degudament, tots ells situats en la via pecu\u00e0ria de la Canyada de Sant Joan, &#8220;la qual cosa sens dubte contribuir\u00e0 a refor\u00e7ar el pulm\u00f3 verd del nostre municipi i emfatitzar als estudiants la import\u00e0ncia d&#8217;aquesta mena d&#8217;iniciatives&#8221; destaquen des del consistori requenense.<\/p>\n","protected":false},"excerpt":{"rendered":"<div class=\"mh-excerpt\">Es realitzaran plantacions de diversos tipus d&#8217;arbres\u00a0Conmemorando el Dia de l&#8217;Arbre que se celebra hui 31 de gener a la Comunitat Valenciana, es faran plantacions de diversos tipus d&#8217;arbres a c\u00e0rrec d&#8217;alumnes dels diferents centres <a class=\"mh-excerpt-more\" href=\"https:\/\/www.tucomarca.com\/wordpress\/segunda\/ca\/requena-inicia-la-celebracio-de-la-seua-19-setmana-mediambiental\/\" title=\"Requena inicia la celebraci\u00f3 de la seua 19 Setmana Mediambiental\">[+] <\/a><\/div>\n","protected":false},"author":1,"featured_media":177272,"comment_status":"open","ping_status":"open","sticky":false,"template":"","format":"standard","meta":{"footnotes":""},"categories":[11019,10905,10948,10894,10903,10947,10908,10909,10896],"tags":[12166,11099,10910],"class_list":{"0":"post-177274","1":"post","2":"type-post","3":"status-publish","4":"format-standard","5":"has-post-thumbnail","7":"category-agenda-ca","8":"category-agricultura-la-comarca-ca","9":"category-infraestructuras-ca","10":"category-la-comarca-ca","11":"category-medio-ambiente-la-comarca-ca","12":"category-politica","13":"category-requena-ca","14":"category-requena-utiel-ca","15":"category-seccion-ca","16":"tag-medio-ambiente-ca","17":"tag-requena-ca","18":"tag-requena-utiel-ca"},"_links":{"self":[{"href":"https:\/\/www.tucomarca.com\/wordpress\/segunda\/ca\/wp-json\/wp\/v2\/posts\/177274","targetHints":{"allow":["GET"]}}],"collection":[{"href":"https:\/\/www.tucomarca.com\/wordpress\/segunda\/ca\/wp-json\/wp\/v2\/posts"}],"about":[{"href":"https:\/\/www.tucomarca.com\/wordpress\/segunda\/ca\/wp-json\/wp\/v2\/types\/post"}],"author":[{"embeddable":true,"href":"https:\/\/www.tucomarca.com\/wordpress\/segunda\/ca\/wp-json\/wp\/v2\/users\/1"}],"replies":[{"embeddable":true,"href":"https:\/\/www.tucomarca.com\/wordpress\/segunda\/ca\/wp-json\/wp\/v2\/comments?post=177274"}],"version-history":[{"count":0,"href":"https:\/\/www.tucomarca.com\/wordpress\/segunda\/ca\/wp-json\/wp\/v2\/posts\/177274\/revisions"}],"wp:featuredmedia":[{"embeddable":true,"href":"https:\/\/www.tucomarca.com\/wordpress\/segunda\/ca\/wp-json\/wp\/v2\/media\/177272"}],"wp:attachment":[{"href":"https:\/\/www.tucomarca.com\/wordpress\/segunda\/ca\/wp-json\/wp\/v2\/media?parent=177274"}],"wp:term":[{"taxonomy":"category","embeddable":true,"href":"https:\/\/www.tucomarca.com\/wordpress\/segunda\/ca\/wp-json\/wp\/v2\/categories?post=177274"},{"taxonomy":"post_tag","embeddable":true,"href":"https:\/\/www.tucomarca.com\/wordpress\/segunda\/ca\/wp-json\/wp\/v2\/tags?post=177274"}],"curies":[{"name":"wp","href":"https:\/\/api.w.org\/{rel}","templated":true}]}}