{"id":177283,"date":"2023-02-01T11:00:00","date_gmt":"2023-02-01T10:00:00","guid":{"rendered":"https:\/\/www.tucomarca.com\/wordpress\/segunda\/?p=177283"},"modified":"2023-02-01T22:44:20","modified_gmt":"2023-02-01T21:44:20","slug":"aicu-sorteja-6-premis-per-sant-valenti-en-realitzar-compres-en-els-establiments-associats-dutiel","status":"publish","type":"post","link":"https:\/\/www.tucomarca.com\/wordpress\/segunda\/ca\/aicu-sorteja-6-premis-per-sant-valenti-en-realitzar-compres-en-els-establiments-associats-dutiel\/","title":{"rendered":"AICU sorteja 6 premis per Sant Valent\u00ed en realitzar compres en els establiments associats&nbsp;d&#8217;Utiel"},"content":{"rendered":"\n<p>Acostant-se la data dels enamorats, Sant Valent\u00ed, l&#8217;Associaci\u00f3 d&#8217;Ind\u00fastria i Comer\u00e7 d&#8217;Utiel llan\u00e7a la seua campanya per a aquells que realitzen les seues compres participant en el sorteig de 6 premis enfocats a regalar bons moments o detalls a la parella. En aquesta ocasi\u00f3, AICU ha apostat per diferents maneres d&#8217;obsequiar-los com el gaudi en parella amb un sopar per a dos, tres premis de 50 AICUS cadascun d&#8217;ells per a poder comprar un elegant collaret, anell, rellotge o aquell producte que m\u00e9s agrade de les diferents joieries. I els dos \u00faltims restants, pensats en la cura personal a trav\u00e9s d&#8217;un perfum, cremes o productes de bellesa tant per a ell com per a ella en les seues drogueries. Tot aix\u00f2 a trav\u00e9s dels seus establiments associats i cadascun d&#8217;aquests premis tamb\u00e9 inclour\u00e0 un estoig de vins per a poder celebrar moments feli\u00e7os en parella. Aquesta campanya arranca el primer dia del mes dels enamorats, 1 de febrer, i podran participar aquelles persones que compren en les m\u00e9s de 110 empreses associades, ac\u00ed obtindran un val que hauran d&#8217;emplenar amb les seues dades personals, i depositar en l&#8217;urna que estar\u00e0 situada en l&#8217;hall de la Casa de la Cultura d&#8217;Utiel, fins al 15 de febrer. Els sis guanyadors de Sant Valent\u00ed es donaran a con\u00e9ixer a trav\u00e9s de les xarxes socials de AICU, tant Instagram com Facebook, el divendres 17 de febrer.<strong> Informa, Luis Ib\u00e1\u00f1ez.<\/strong><\/p>\n\n\n\n<p><\/p>\n","protected":false},"excerpt":{"rendered":"<div class=\"mh-excerpt\">Acostant-se la data dels enamorats, Sant Valent\u00ed, l&#8217;Associaci\u00f3 d&#8217;Ind\u00fastria i Comer\u00e7 d&#8217;Utiel llan\u00e7a la seua campanya per a aquells que realitzen les seues compres participant en el sorteig de 6 premis enfocats a regalar bons <a class=\"mh-excerpt-more\" href=\"https:\/\/www.tucomarca.com\/wordpress\/segunda\/ca\/aicu-sorteja-6-premis-per-sant-valenti-en-realitzar-compres-en-els-establiments-associats-dutiel\/\" title=\"AICU sorteja 6 premis per Sant Valent\u00ed en realitzar compres en els establiments associats&nbsp;d&#8217;Utiel\">[+] <\/a><\/div>\n","protected":false},"author":12,"featured_media":177282,"comment_status":"open","ping_status":"open","sticky":false,"template":"","format":"standard","meta":{"footnotes":""},"categories":[10948,10894,10909,10896,11059],"tags":[13721,10910,11174],"class_list":{"0":"post-177283","1":"post","2":"type-post","3":"status-publish","4":"format-standard","5":"has-post-thumbnail","7":"category-infraestructuras-ca","8":"category-la-comarca-ca","9":"category-requena-utiel-ca","10":"category-seccion-ca","11":"category-utiel-ca","12":"tag-aicu-ca","13":"tag-requena-utiel-ca","14":"tag-utiel-ca"},"_links":{"self":[{"href":"https:\/\/www.tucomarca.com\/wordpress\/segunda\/ca\/wp-json\/wp\/v2\/posts\/177283","targetHints":{"allow":["GET"]}}],"collection":[{"href":"https:\/\/www.tucomarca.com\/wordpress\/segunda\/ca\/wp-json\/wp\/v2\/posts"}],"about":[{"href":"https:\/\/www.tucomarca.com\/wordpress\/segunda\/ca\/wp-json\/wp\/v2\/types\/post"}],"author":[{"embeddable":true,"href":"https:\/\/www.tucomarca.com\/wordpress\/segunda\/ca\/wp-json\/wp\/v2\/users\/12"}],"replies":[{"embeddable":true,"href":"https:\/\/www.tucomarca.com\/wordpress\/segunda\/ca\/wp-json\/wp\/v2\/comments?post=177283"}],"version-history":[{"count":0,"href":"https:\/\/www.tucomarca.com\/wordpress\/segunda\/ca\/wp-json\/wp\/v2\/posts\/177283\/revisions"}],"wp:featuredmedia":[{"embeddable":true,"href":"https:\/\/www.tucomarca.com\/wordpress\/segunda\/ca\/wp-json\/wp\/v2\/media\/177282"}],"wp:attachment":[{"href":"https:\/\/www.tucomarca.com\/wordpress\/segunda\/ca\/wp-json\/wp\/v2\/media?parent=177283"}],"wp:term":[{"taxonomy":"category","embeddable":true,"href":"https:\/\/www.tucomarca.com\/wordpress\/segunda\/ca\/wp-json\/wp\/v2\/categories?post=177283"},{"taxonomy":"post_tag","embeddable":true,"href":"https:\/\/www.tucomarca.com\/wordpress\/segunda\/ca\/wp-json\/wp\/v2\/tags?post=177283"}],"curies":[{"name":"wp","href":"https:\/\/api.w.org\/{rel}","templated":true}]}}