{"id":177439,"date":"2023-02-03T10:00:00","date_gmt":"2023-02-03T09:00:00","guid":{"rendered":"https:\/\/www.tucomarca.com\/wordpress\/segunda\/?p=177439"},"modified":"2023-02-03T14:22:15","modified_gmt":"2023-02-03T13:22:15","slug":"joan-lerma-obri-el-cicle-de-conferencies-sobre-el-40-aniversari-de-lestatut-dautonomia-organitzat-per-la-regidoria-de-comunicacio-de-lajuntament-de-bunyol","status":"publish","type":"post","link":"https:\/\/www.tucomarca.com\/wordpress\/segunda\/ca\/joan-lerma-obri-el-cicle-de-conferencies-sobre-el-40-aniversari-de-lestatut-dautonomia-organitzat-per-la-regidoria-de-comunicacio-de-lajuntament-de-bunyol\/","title":{"rendered":"Joan Lerma obri el cicle de confer\u00e8ncies sobre el 40 aniversari de l&#8217;Estatut d&#8217;Autonomia organitzat per la regidoria de Comunicaci\u00f3 de l&#8217;Ajuntament de Bunyol"},"content":{"rendered":"\n<h3 class=\"wp-block-heading\">La Regidoria de Comunicaci\u00f3 arranca un cicle de confer\u00e8ncies sobre el 40 aniversari de l&#8217;Estatut d&#8217;Autonomia divendres que ve 10 de febrer en els estudis de televisi\u00f3 de R\u00e0dio Bunyol. A partir de les 13,00 h se celebra la primera confer\u00e8ncia en els estudis de televisi\u00f3 de R\u00e0dio Bunyol, i es comptar\u00e0 amb la pres\u00e8ncia de Joan Lerma. L&#8217;acte ser\u00e0 presentat per Jonquera Carrascosa, Alcaldessa de Bunyol. Tots els ve\u00efns que ho desitgen poden assistir lliurement i participar.\u00a0<\/h3>\n\n\n\n<p>Divendres que ve 10 de febrer en els estudis de Televisi\u00f3 de R\u00e0dio Bunyol TV se celebren unes confer\u00e8ncies sobre el 40 aniversari de l&#8217;Estatut d&#8217;Autonomia, organitzades per la Regidoria de Mitjans de comunicaci\u00f3 de l&#8217;Ajuntament de Bunyol a les 13h. L&#8217;acte estar\u00e0 obert a la ciutadania. Ser\u00e0 gravat per a posteriorment ser editat i pujat a les xarxes socials d&#8217;aquesta emissora municipal i de l&#8217;Ajuntament de Bunyol.<br>En l&#8217;acte intervindr\u00e0 Joan Lerma, President de la Generalitat Valenciana en 1982-1995. Presentar\u00e0 aquest acte l&#8217;Alcaldessa de Bunyol, Jonquera Carrascosa. Els estudis de televisi\u00f3 de R\u00e0dio Bunyol tamb\u00e9 van rebre a Joan Lerma en 2021, President de la Generalitat Valenciana des de 1982 a 1995, a m\u00e9s de Ministre d&#8217;Administracions P\u00fabliques entre 1995 i 1996, i president de la Comissi\u00f3 de Just\u00edcia del Senat des de 2020. Va ser amb motiu d&#8217;uns especials sobre el 15\u00e9 Aniversari de la reforma de l&#8217;Estatut d&#8217;Autonomia de la Comunitat Valenciana. Persona pr\u00f2xima i de principis molt clars, va recordar aquells moments, que relata amb gran il\u00b7lusi\u00f3 en uns temps de renovaci\u00f3.\u00a0<br>Joan Lerma va ser un dels m\u00e0xims impulsors de la recuperaci\u00f3 de l&#8217;autogovern valenci\u00e0, culminat amb l&#8217;Estatut d&#8217;Autonomia de 1982. Aquest acte, que estar\u00e0 obert al p\u00fablic de la localitat i la comarca, relatar\u00e0 com va ser la redacci\u00f3 de l&#8217;estatut de mans d&#8217;un dels seus protagonistes. Un excel\u00b7lent acte que estar\u00e0 presentat per Jonquera Carrascosa, Alcaldessa de Bunyol, i al qual Manuel Sierra, regidor de Mitjans de comunicaci\u00f3 de l&#8217;Ajuntament, convida a assistir i participar lliurement.<br>Tamb\u00e9 l&#8217;edil recorda que despr\u00e9s de l&#8217;enregistrament i la seua posterior edici\u00f3 aquest programa podr\u00e0 veure&#8217;s en el canal de Youtube de R\u00e0dio Bunyol tantes vegades com es vulga, a m\u00e9s de passar-se per les xarxes socials d&#8217;aquesta emissora municipal, del Consistori bunyolense i tamb\u00e9 els o\u00efdors de R\u00e0dio Bunyol podran escoltar-lo en diversos moments.\u00a0<br>L&#8217;edil bunyolense, Manuel Sierra, confirma que aquest \u00e9s un projecte m\u00e9s dins de R\u00e0dio Bunyol TV com a r\u00e0dio oberta, plural, participativa i a l&#8217;abast de tots, \u201cper aix\u00f2 les associacions o entitats de la localitat que desitgen utilitzar les nostres instal\u00b7lacions per a dur a terme un acte modest, destinat a la ciutadania ac\u00ed, en els estudis de televisi\u00f3 tenen un lloc disponible i pr\u00f2xim\u201d; aix\u00ed ho ent\u00e9n Sierra, qui es mostra molt satisfet per la labor que des d&#8217;aquesta r\u00e0dio i la regidoria conjuntament han dut a terme en aquesta legislatura.\u00a0<br>Aquesta confer\u00e8ncia que es dur\u00e0 a terme divendres que ve 10 de febrer tamb\u00e9 s&#8217;ha desenvolupat en altres localitats de la Comunitat Valenciana, per\u00f2 nom\u00e9s ac\u00ed, en els estudis de televisi\u00f3 de R\u00e0dio Bunyol ser\u00e0 gravada, \u201calguna cosa que fa encara m\u00e9s especial l&#8217;acte, per la qual cosa anime a tots els ve\u00efns de la localitat i de la comarca al fet que assistisquen i puguen con\u00e9ixer de prop unes excel\u00b7lents instal\u00b7lacions audiovisuals a l&#8217;abast de tots i m\u00e9s de mans d&#8217;un excel\u00b7lent conferenciant i una presentadora a l&#8217;altura d&#8217;aquest acte pol\u00edtic, com \u00e9s Jonquera Carrascosa, Alcaldessa del municipi\u201d, va finalitzar Sierra.<\/p>\n\n\n\n<figure class=\"wp-block-image size-large\"><img loading=\"lazy\" decoding=\"async\" width=\"726\" height=\"1024\" src=\"http:\/\/www.tucomarca.com\/wordpress\/segunda\/wp-content\/uploads\/2023\/02\/AutonomiaBunol-726x1024.jpg\" alt=\"\" class=\"wp-image-177436\" srcset=\"https:\/\/www.tucomarca.com\/wordpress\/segunda\/wp-content\/uploads\/2023\/02\/AutonomiaBunol-726x1024.jpg 726w, https:\/\/www.tucomarca.com\/wordpress\/segunda\/wp-content\/uploads\/2023\/02\/AutonomiaBunol-213x300.jpg 213w, https:\/\/www.tucomarca.com\/wordpress\/segunda\/wp-content\/uploads\/2023\/02\/AutonomiaBunol-768x1083.jpg 768w, https:\/\/www.tucomarca.com\/wordpress\/segunda\/wp-content\/uploads\/2023\/02\/AutonomiaBunol-1089x1536.jpg 1089w, https:\/\/www.tucomarca.com\/wordpress\/segunda\/wp-content\/uploads\/2023\/02\/AutonomiaBunol.jpg 1452w\" sizes=\"auto, (max-width: 726px) 100vw, 726px\" \/><\/figure>\n\n\n\n<p>&nbsp;<\/p>\n","protected":false},"excerpt":{"rendered":"<div class=\"mh-excerpt\">La Regidoria de Comunicaci\u00f3 arranca un cicle de confer\u00e8ncies sobre el 40 aniversari de l&#8217;Estatut d&#8217;Autonomia divendres que ve 10 de febrer en els estudis de televisi\u00f3 de R\u00e0dio Bunyol. A partir de les 13,00 <a class=\"mh-excerpt-more\" href=\"https:\/\/www.tucomarca.com\/wordpress\/segunda\/ca\/joan-lerma-obri-el-cicle-de-conferencies-sobre-el-40-aniversari-de-lestatut-dautonomia-organitzat-per-la-regidoria-de-comunicacio-de-lajuntament-de-bunyol\/\" title=\"Joan Lerma obri el cicle de confer\u00e8ncies sobre el 40 aniversari de l&#8217;Estatut d&#8217;Autonomia organitzat per la regidoria de Comunicaci\u00f3 de l&#8217;Ajuntament de Bunyol\">[+] <\/a><\/div>\n","protected":false},"author":1,"featured_media":177437,"comment_status":"open","ping_status":"open","sticky":false,"template":"","format":"standard","meta":{"footnotes":""},"categories":[11019,10911,10948,10894,10904,10912,10947,10896],"tags":[10913,10914,11140],"class_list":{"0":"post-177439","1":"post","2":"type-post","3":"status-publish","4":"format-standard","5":"has-post-thumbnail","7":"category-agenda-ca","8":"category-bunol-ca","9":"category-infraestructuras-ca","10":"category-la-comarca-ca","11":"category-sin-categorizar-ca","12":"category-la-hoya-ca","13":"category-politica","14":"category-seccion-ca","15":"tag-bunol-ca","16":"tag-la-hoya-de-bunol-chiva-ca","17":"tag-politica-ca"},"_links":{"self":[{"href":"https:\/\/www.tucomarca.com\/wordpress\/segunda\/ca\/wp-json\/wp\/v2\/posts\/177439","targetHints":{"allow":["GET"]}}],"collection":[{"href":"https:\/\/www.tucomarca.com\/wordpress\/segunda\/ca\/wp-json\/wp\/v2\/posts"}],"about":[{"href":"https:\/\/www.tucomarca.com\/wordpress\/segunda\/ca\/wp-json\/wp\/v2\/types\/post"}],"author":[{"embeddable":true,"href":"https:\/\/www.tucomarca.com\/wordpress\/segunda\/ca\/wp-json\/wp\/v2\/users\/1"}],"replies":[{"embeddable":true,"href":"https:\/\/www.tucomarca.com\/wordpress\/segunda\/ca\/wp-json\/wp\/v2\/comments?post=177439"}],"version-history":[{"count":0,"href":"https:\/\/www.tucomarca.com\/wordpress\/segunda\/ca\/wp-json\/wp\/v2\/posts\/177439\/revisions"}],"wp:featuredmedia":[{"embeddable":true,"href":"https:\/\/www.tucomarca.com\/wordpress\/segunda\/ca\/wp-json\/wp\/v2\/media\/177437"}],"wp:attachment":[{"href":"https:\/\/www.tucomarca.com\/wordpress\/segunda\/ca\/wp-json\/wp\/v2\/media?parent=177439"}],"wp:term":[{"taxonomy":"category","embeddable":true,"href":"https:\/\/www.tucomarca.com\/wordpress\/segunda\/ca\/wp-json\/wp\/v2\/categories?post=177439"},{"taxonomy":"post_tag","embeddable":true,"href":"https:\/\/www.tucomarca.com\/wordpress\/segunda\/ca\/wp-json\/wp\/v2\/tags?post=177439"}],"curies":[{"name":"wp","href":"https:\/\/api.w.org\/{rel}","templated":true}]}}