{"id":177725,"date":"2023-02-08T15:00:00","date_gmt":"2023-02-08T14:00:00","guid":{"rendered":"https:\/\/www.tucomarca.com\/wordpress\/segunda\/?p=177725"},"modified":"2023-02-08T19:49:09","modified_gmt":"2023-02-08T18:49:09","slug":"comenca-aquest-divendres-a-bunyol-el-xvii-circuit-de-cafe-teatre-organitzat-per-la-regidoria-de-cultura","status":"publish","type":"post","link":"https:\/\/www.tucomarca.com\/wordpress\/segunda\/ca\/comenca-aquest-divendres-a-bunyol-el-xvii-circuit-de-cafe-teatre-organitzat-per-la-regidoria-de-cultura\/","title":{"rendered":"Comen\u00e7a aquest divendres a Bunyol el XVII Circuit de Caf\u00e9 Teatre organitzat per la regidoria de Cultura"},"content":{"rendered":"\n<p>Comen\u00e7a aquest divendres a Bunyol el cicle de Caf\u00e9 Teatre organitzat per la regidoria de Cultura i amb la col\u00b7laboraci\u00f3 de la cafeteria Win&#8217;s, restaurant-cafeteria La Boh\u00e8me i pub Chap\u00ed 9. El cicle, que s&#8217;inicia aquest divendres i finalitzar\u00e0 el 4 de mar\u00e7, compr\u00e9n les actuacions de Manu Baeza, Rafa Forner, Patricia Ferrero i Pablo dels Reis.<\/p>\n\n\n\n<p>Aquest divendres donar\u00e0 principi en Win&#8217;s a les 23,00 h, pel preu de 3 euros, amb el mon\u00f2leg de Manu Baeza, Manual per a Un Solter.<\/p>\n\n\n\n<p>&#8220;\u00c9s un mon\u00f2leg en el qual es fa un recorregut per les diferents etapes de l&#8217;amor&#8230; Des de la cerca d&#8217;aqueix primer amor idealitzat, el festeig, la consolidaci\u00f3 de la relaci\u00f3 fins a arribar al matrimoni, un mon\u00f2leg amb el qual ens sentirem molt identificats perqu\u00e8 parla de la vida de qualsevol persona corrent i de com tots en major o menor mesures hem viscut algunes de les situacions que es narren en el mon\u00f2leg. A m\u00e9s cada actuaci\u00f3 \u00e9s \u00fanica ja que la interacci\u00f3 amb el p\u00fablic \u00e9s total i a m\u00e9s es mesclen jocs de impro a meitat de l&#8217;espectacle perqu\u00e8 no sols rigues sin\u00f3 perqu\u00e8 tamb\u00e9 et sentes part d&#8217;ell&#8221;, explica l&#8217;autor. Informa,&nbsp;<strong>Pilar Ferrer.<\/strong><\/p>\n\n\n\n<figure class=\"wp-block-gallery has-nested-images columns-default is-cropped wp-block-gallery-1 is-layout-flex wp-block-gallery-is-layout-flex\">\n<figure class=\"wp-block-image size-large\"><img loading=\"lazy\" decoding=\"async\" width=\"886\" height=\"1257\" data-id=\"177718\" src=\"http:\/\/www.tucomarca.com\/wordpress\/segunda\/wp-content\/uploads\/2023\/02\/Acafeteatro2023.jpg\" alt=\"\" class=\"wp-image-177718\" srcset=\"https:\/\/www.tucomarca.com\/wordpress\/segunda\/wp-content\/uploads\/2023\/02\/Acafeteatro2023.jpg 886w, https:\/\/www.tucomarca.com\/wordpress\/segunda\/wp-content\/uploads\/2023\/02\/Acafeteatro2023-211x300.jpg 211w, https:\/\/www.tucomarca.com\/wordpress\/segunda\/wp-content\/uploads\/2023\/02\/Acafeteatro2023-722x1024.jpg 722w, https:\/\/www.tucomarca.com\/wordpress\/segunda\/wp-content\/uploads\/2023\/02\/Acafeteatro2023-768x1090.jpg 768w\" sizes=\"auto, (max-width: 886px) 100vw, 886px\" \/><\/figure>\n\n\n\n<figure class=\"wp-block-image size-large\"><img loading=\"lazy\" decoding=\"async\" width=\"886\" height=\"1257\" data-id=\"177720\" src=\"http:\/\/www.tucomarca.com\/wordpress\/segunda\/wp-content\/uploads\/2023\/02\/Bcafeteatro23.jpg\" alt=\"\" class=\"wp-image-177720\" srcset=\"https:\/\/www.tucomarca.com\/wordpress\/segunda\/wp-content\/uploads\/2023\/02\/Bcafeteatro23.jpg 886w, https:\/\/www.tucomarca.com\/wordpress\/segunda\/wp-content\/uploads\/2023\/02\/Bcafeteatro23-211x300.jpg 211w, https:\/\/www.tucomarca.com\/wordpress\/segunda\/wp-content\/uploads\/2023\/02\/Bcafeteatro23-722x1024.jpg 722w, https:\/\/www.tucomarca.com\/wordpress\/segunda\/wp-content\/uploads\/2023\/02\/Bcafeteatro23-768x1090.jpg 768w\" sizes=\"auto, (max-width: 886px) 100vw, 886px\" \/><\/figure>\n<\/figure>\n","protected":false},"excerpt":{"rendered":"<div class=\"mh-excerpt\">Comen\u00e7a aquest divendres a Bunyol el cicle de Caf\u00e9 Teatre organitzat per la regidoria de Cultura i amb la col\u00b7laboraci\u00f3 de la cafeteria Win&#8217;s, restaurant-cafeteria La Boh\u00e8me i pub Chap\u00ed 9. El cicle, que s&#8217;inicia <a class=\"mh-excerpt-more\" href=\"https:\/\/www.tucomarca.com\/wordpress\/segunda\/ca\/comenca-aquest-divendres-a-bunyol-el-xvii-circuit-de-cafe-teatre-organitzat-per-la-regidoria-de-cultura\/\" title=\"Comen\u00e7a aquest divendres a Bunyol el XVII Circuit de Caf\u00e9 Teatre organitzat per la regidoria de Cultura\">[+] <\/a><\/div>\n","protected":false},"author":12,"featured_media":177724,"comment_status":"open","ping_status":"open","sticky":false,"template":"","format":"standard","meta":{"footnotes":""},"categories":[11019,10911,10894,10912,11007,10896],"tags":[10913,10914,18793],"class_list":{"0":"post-177725","1":"post","2":"type-post","3":"status-publish","4":"format-standard","5":"has-post-thumbnail","7":"category-agenda-ca","8":"category-bunol-ca","9":"category-la-comarca-ca","10":"category-la-hoya-ca","11":"category-ocio-y-cultura-ca","12":"category-seccion-ca","13":"tag-bunol-ca","14":"tag-la-hoya-de-bunol-chiva-ca","15":"tag-xvii-circuito-cafe-teatro-bunol-ca"},"_links":{"self":[{"href":"https:\/\/www.tucomarca.com\/wordpress\/segunda\/ca\/wp-json\/wp\/v2\/posts\/177725","targetHints":{"allow":["GET"]}}],"collection":[{"href":"https:\/\/www.tucomarca.com\/wordpress\/segunda\/ca\/wp-json\/wp\/v2\/posts"}],"about":[{"href":"https:\/\/www.tucomarca.com\/wordpress\/segunda\/ca\/wp-json\/wp\/v2\/types\/post"}],"author":[{"embeddable":true,"href":"https:\/\/www.tucomarca.com\/wordpress\/segunda\/ca\/wp-json\/wp\/v2\/users\/12"}],"replies":[{"embeddable":true,"href":"https:\/\/www.tucomarca.com\/wordpress\/segunda\/ca\/wp-json\/wp\/v2\/comments?post=177725"}],"version-history":[{"count":0,"href":"https:\/\/www.tucomarca.com\/wordpress\/segunda\/ca\/wp-json\/wp\/v2\/posts\/177725\/revisions"}],"wp:featuredmedia":[{"embeddable":true,"href":"https:\/\/www.tucomarca.com\/wordpress\/segunda\/ca\/wp-json\/wp\/v2\/media\/177724"}],"wp:attachment":[{"href":"https:\/\/www.tucomarca.com\/wordpress\/segunda\/ca\/wp-json\/wp\/v2\/media?parent=177725"}],"wp:term":[{"taxonomy":"category","embeddable":true,"href":"https:\/\/www.tucomarca.com\/wordpress\/segunda\/ca\/wp-json\/wp\/v2\/categories?post=177725"},{"taxonomy":"post_tag","embeddable":true,"href":"https:\/\/www.tucomarca.com\/wordpress\/segunda\/ca\/wp-json\/wp\/v2\/tags?post=177725"}],"curies":[{"name":"wp","href":"https:\/\/api.w.org\/{rel}","templated":true}]}}