{"id":177776,"date":"2023-02-09T15:30:00","date_gmt":"2023-02-09T14:30:00","guid":{"rendered":"https:\/\/www.tucomarca.com\/wordpress\/segunda\/?p=177776"},"modified":"2023-02-09T20:02:57","modified_gmt":"2023-02-09T19:02:57","slug":"andrea-galarza-carrascosa-sera-presentada-aquest-dissabte-com-a-fallera-major-2023-del-prat-de-bunyol","status":"publish","type":"post","link":"https:\/\/www.tucomarca.com\/wordpress\/segunda\/ca\/andrea-galarza-carrascosa-sera-presentada-aquest-dissabte-com-a-fallera-major-2023-del-prat-de-bunyol\/","title":{"rendered":"Andrea Galarza Carrascosa ser\u00e0 presentada aquest dissabte com a Fallera Major 2023 del Prat de Bunyol"},"content":{"rendered":"\n<p>Andrea Galarza Carrascosa ser\u00e0 presentada aquest dissabte com a Fallera Major 2023 de la comissi\u00f3 del Prat de Bunyol. L&#8217;acte tindr\u00e0 lloc en el teatre Montecarlo de Bunyol a les 18,30 hores; en ell es donar\u00e0 la benvinguda a Andrea i a la cort d&#8217;honor que l&#8217;acompanyar\u00e0 durant aquestes falles que ja es podran gaudir \u00edntegrament i sense restriccions sanit\u00e0ries.<\/p>\n\n\n\n<p><\/p>\n","protected":false},"excerpt":{"rendered":"<div class=\"mh-excerpt\">Andrea Galarza Carrascosa ser\u00e0 presentada aquest dissabte com a Fallera Major 2023 de la comissi\u00f3 del Prat de Bunyol. L&#8217;acte tindr\u00e0 lloc en el teatre Montecarlo de Bunyol a les 18,30 hores; en ell es <a class=\"mh-excerpt-more\" href=\"https:\/\/www.tucomarca.com\/wordpress\/segunda\/ca\/andrea-galarza-carrascosa-sera-presentada-aquest-dissabte-com-a-fallera-major-2023-del-prat-de-bunyol\/\" title=\"Andrea Galarza Carrascosa ser\u00e0 presentada aquest dissabte com a Fallera Major 2023 del Prat de Bunyol\">[+] <\/a><\/div>\n","protected":false},"author":12,"featured_media":177775,"comment_status":"open","ping_status":"open","sticky":false,"template":"","format":"standard","meta":{"footnotes":""},"categories":[11019,10911,10894,10912,11007,10896],"tags":[10913,15649,10914],"class_list":{"0":"post-177776","1":"post","2":"type-post","3":"status-publish","4":"format-standard","5":"has-post-thumbnail","7":"category-agenda-ca","8":"category-bunol-ca","9":"category-la-comarca-ca","10":"category-la-hoya-ca","11":"category-ocio-y-cultura-ca","12":"category-seccion-ca","13":"tag-bunol-ca","14":"tag-falla-el-prado-ca","15":"tag-la-hoya-de-bunol-chiva-ca"},"_links":{"self":[{"href":"https:\/\/www.tucomarca.com\/wordpress\/segunda\/ca\/wp-json\/wp\/v2\/posts\/177776","targetHints":{"allow":["GET"]}}],"collection":[{"href":"https:\/\/www.tucomarca.com\/wordpress\/segunda\/ca\/wp-json\/wp\/v2\/posts"}],"about":[{"href":"https:\/\/www.tucomarca.com\/wordpress\/segunda\/ca\/wp-json\/wp\/v2\/types\/post"}],"author":[{"embeddable":true,"href":"https:\/\/www.tucomarca.com\/wordpress\/segunda\/ca\/wp-json\/wp\/v2\/users\/12"}],"replies":[{"embeddable":true,"href":"https:\/\/www.tucomarca.com\/wordpress\/segunda\/ca\/wp-json\/wp\/v2\/comments?post=177776"}],"version-history":[{"count":0,"href":"https:\/\/www.tucomarca.com\/wordpress\/segunda\/ca\/wp-json\/wp\/v2\/posts\/177776\/revisions"}],"wp:featuredmedia":[{"embeddable":true,"href":"https:\/\/www.tucomarca.com\/wordpress\/segunda\/ca\/wp-json\/wp\/v2\/media\/177775"}],"wp:attachment":[{"href":"https:\/\/www.tucomarca.com\/wordpress\/segunda\/ca\/wp-json\/wp\/v2\/media?parent=177776"}],"wp:term":[{"taxonomy":"category","embeddable":true,"href":"https:\/\/www.tucomarca.com\/wordpress\/segunda\/ca\/wp-json\/wp\/v2\/categories?post=177776"},{"taxonomy":"post_tag","embeddable":true,"href":"https:\/\/www.tucomarca.com\/wordpress\/segunda\/ca\/wp-json\/wp\/v2\/tags?post=177776"}],"curies":[{"name":"wp","href":"https:\/\/api.w.org\/{rel}","templated":true}]}}