{"id":177824,"date":"2023-02-09T21:00:00","date_gmt":"2023-02-09T20:00:00","guid":{"rendered":"https:\/\/www.tucomarca.com\/wordpress\/segunda\/?p=177824"},"modified":"2023-02-09T22:00:54","modified_gmt":"2023-02-09T21:00:54","slug":"leonor-garcia-ballester-i-gabriela-lashayas-blasco-seran-exaltades-aquest-cap-de-setmana-com-a-falleres-majors-de-els-barris-de-turis","status":"publish","type":"post","link":"https:\/\/www.tucomarca.com\/wordpress\/segunda\/ca\/leonor-garcia-ballester-i-gabriela-lashayas-blasco-seran-exaltades-aquest-cap-de-setmana-com-a-falleres-majors-de-els-barris-de-turis\/","title":{"rendered":"Leonor Garc\u00eda Ballester i Gabriela Lashayas Blasco seran exaltades aquest cap de setmana com a Falleres Majors de Els Barris de Tur\u00eds"},"content":{"rendered":"\n<p>Aquest cap de setmana est\u00e0 prevista en el Teatre Ideal de Tur\u00eds, l&#8217;exaltaci\u00f3 de les falleres majors de la comissi\u00f3 Els Barris, la comissi\u00f3 m\u00e9s nombrosa de la localitat. El dissabte, a partir de les 18 hores, est\u00e0 prevista la posada de llarg de Leonor Garc\u00eda Ballester, que espera aquest moment amb una incre\u00efble il\u00b7lusi\u00f3, mentre que el diumenge, tamb\u00e9 a les 18,00 hores, ser\u00e0 el torn de la xiqueta Gabriela Lashayas Blasco. En totes dues exaltacions acompanyades pel President Infantil, \u00c1lex Infante Nogueroles i el President, Iv\u00e1n Torres Pic\u00f3. Durant l&#8217;acte tamb\u00e9 es donaran a con\u00e9ixer les corts d&#8217;honor que acompanyaran a les falleres durant aquest 2023.<\/p>\n\n\n\n<p>La presentaci\u00f3 de l&#8217;acte d&#8217;exaltaci\u00f3 de Leonor correr\u00e0 a compte de Beatriz Ib\u00e1\u00f1ez Gim\u00e9nez, actuant com a mantenidores, Anna Ribes Ballester i Laura Ballester Pic\u00f3, cosina i tia de Leonor. En l&#8217;exaltaci\u00f3 de Gabriela actuaran com a presentadors, Neus Mart\u00edn Pil\u00e1n i Javier Navarro Corduente, com a mantenidor Pablo Lashayas Blasco, germ\u00e0 de Gabriela.<\/p>\n\n\n\n<p>La m\u00e0xima representaci\u00f3 de Els Barris, que preparen al costat de la seua fam\u00edlies i a la seua comissi\u00f3 unes inoblidables festes josefinas.<\/p>\n\n\n\n<p><\/p>\n","protected":false},"excerpt":{"rendered":"<div class=\"mh-excerpt\">Aquest cap de setmana est\u00e0 prevista en el Teatre Ideal de Tur\u00eds, l&#8217;exaltaci\u00f3 de les falleres majors de la comissi\u00f3 Els Barris, la comissi\u00f3 m\u00e9s nombrosa de la localitat. El dissabte, a partir de les <a class=\"mh-excerpt-more\" href=\"https:\/\/www.tucomarca.com\/wordpress\/segunda\/ca\/leonor-garcia-ballester-i-gabriela-lashayas-blasco-seran-exaltades-aquest-cap-de-setmana-com-a-falleres-majors-de-els-barris-de-turis\/\" title=\"Leonor Garc\u00eda Ballester i Gabriela Lashayas Blasco seran exaltades aquest cap de setmana com a Falleres Majors de Els Barris de Tur\u00eds\">[+] <\/a><\/div>\n","protected":false},"author":12,"featured_media":177823,"comment_status":"open","ping_status":"open","sticky":false,"template":"","format":"standard","meta":{"footnotes":""},"categories":[11019,10902,11007,10896,11047],"tags":[11712,17140,11356,11093],"class_list":{"0":"post-177824","1":"post","2":"type-post","3":"status-publish","4":"format-standard","5":"has-post-thumbnail","7":"category-agenda-ca","8":"category-la-ribera-ca","9":"category-ocio-y-cultura-ca","10":"category-seccion-ca","11":"category-turis-ca","12":"tag-falla-els-barris-ca","13":"tag-fallas-2023-ca","14":"tag-ribera-alta-ca","15":"tag-turis-ca"},"_links":{"self":[{"href":"https:\/\/www.tucomarca.com\/wordpress\/segunda\/ca\/wp-json\/wp\/v2\/posts\/177824","targetHints":{"allow":["GET"]}}],"collection":[{"href":"https:\/\/www.tucomarca.com\/wordpress\/segunda\/ca\/wp-json\/wp\/v2\/posts"}],"about":[{"href":"https:\/\/www.tucomarca.com\/wordpress\/segunda\/ca\/wp-json\/wp\/v2\/types\/post"}],"author":[{"embeddable":true,"href":"https:\/\/www.tucomarca.com\/wordpress\/segunda\/ca\/wp-json\/wp\/v2\/users\/12"}],"replies":[{"embeddable":true,"href":"https:\/\/www.tucomarca.com\/wordpress\/segunda\/ca\/wp-json\/wp\/v2\/comments?post=177824"}],"version-history":[{"count":0,"href":"https:\/\/www.tucomarca.com\/wordpress\/segunda\/ca\/wp-json\/wp\/v2\/posts\/177824\/revisions"}],"wp:featuredmedia":[{"embeddable":true,"href":"https:\/\/www.tucomarca.com\/wordpress\/segunda\/ca\/wp-json\/wp\/v2\/media\/177823"}],"wp:attachment":[{"href":"https:\/\/www.tucomarca.com\/wordpress\/segunda\/ca\/wp-json\/wp\/v2\/media?parent=177824"}],"wp:term":[{"taxonomy":"category","embeddable":true,"href":"https:\/\/www.tucomarca.com\/wordpress\/segunda\/ca\/wp-json\/wp\/v2\/categories?post=177824"},{"taxonomy":"post_tag","embeddable":true,"href":"https:\/\/www.tucomarca.com\/wordpress\/segunda\/ca\/wp-json\/wp\/v2\/tags?post=177824"}],"curies":[{"name":"wp","href":"https:\/\/api.w.org\/{rel}","templated":true}]}}