{"id":177840,"date":"2023-02-10T10:00:00","date_gmt":"2023-02-10T09:00:00","guid":{"rendered":"https:\/\/www.tucomarca.com\/wordpress\/segunda\/?p=177840"},"modified":"2023-02-10T13:36:07","modified_gmt":"2023-02-10T12:36:07","slug":"aquest-cap-de-setmana-la-falla-godayla-de-godelleta-presenta-a-les-seues-falleres-majors-maria-cervera-i-lorena-navarro","status":"publish","type":"post","link":"https:\/\/www.tucomarca.com\/wordpress\/segunda\/ca\/aquest-cap-de-setmana-la-falla-godayla-de-godelleta-presenta-a-les-seues-falleres-majors-maria-cervera-i-lorena-navarro\/","title":{"rendered":"Aquest cap de setmana la falla Godayla de Godelleta presenta a les seues Falleres Majors Mar\u00eda Cervera i Lorena Navarro"},"content":{"rendered":"\n<p>Aquest cap de setmana es dur\u00e0 a terme l&#8217;exaltaci\u00f3 de les Falleres Majors de la comissi\u00f3 Godayla de Godelleta en el poliesportiu de la localitat. El dissabte est\u00e0 prevista la posada de llarg de Mar\u00eda Cervera Ruiz, mentre que el diumenge, ser\u00e0 el torn de la xiqueta Lorena Navarro L\u00f3pez. En totes dues exaltacions acompanyades pel President Infantil, Josep Iranzo Mart\u00ed i el veter\u00e0 President, Francisco Luis Mart\u00ednez Navarro, tamb\u00e9 es donaran a con\u00e9ixer les corts d&#8217;honor que acompanyaran a les Falleres Majors durant aquest 2023.<\/p>\n\n\n\n<figure class=\"wp-block-image size-large\"><img loading=\"lazy\" decoding=\"async\" width=\"1024\" height=\"724\" src=\"http:\/\/www.tucomarca.com\/wordpress\/segunda\/wp-content\/uploads\/2023\/02\/GodalylaPresentacion-1024x724.jpg\" alt=\"\" class=\"wp-image-177837\" srcset=\"https:\/\/www.tucomarca.com\/wordpress\/segunda\/wp-content\/uploads\/2023\/02\/GodalylaPresentacion-1024x724.jpg 1024w, https:\/\/www.tucomarca.com\/wordpress\/segunda\/wp-content\/uploads\/2023\/02\/GodalylaPresentacion-300x212.jpg 300w, https:\/\/www.tucomarca.com\/wordpress\/segunda\/wp-content\/uploads\/2023\/02\/GodalylaPresentacion-768x543.jpg 768w, https:\/\/www.tucomarca.com\/wordpress\/segunda\/wp-content\/uploads\/2023\/02\/GodalylaPresentacion-1536x1087.jpg 1536w, https:\/\/www.tucomarca.com\/wordpress\/segunda\/wp-content\/uploads\/2023\/02\/GodalylaPresentacion.jpg 2000w\" sizes=\"auto, (max-width: 1024px) 100vw, 1024px\" \/><\/figure>\n","protected":false},"excerpt":{"rendered":"<div class=\"mh-excerpt\">Aquest cap de setmana es dur\u00e0 a terme l&#8217;exaltaci\u00f3 de les Falleres Majors de la comissi\u00f3 Godayla de Godelleta en el poliesportiu de la localitat. El dissabte est\u00e0 prevista la posada de llarg de Mar\u00eda <a class=\"mh-excerpt-more\" href=\"https:\/\/www.tucomarca.com\/wordpress\/segunda\/ca\/aquest-cap-de-setmana-la-falla-godayla-de-godelleta-presenta-a-les-seues-falleres-majors-maria-cervera-i-lorena-navarro\/\" title=\"Aquest cap de setmana la falla Godayla de Godelleta presenta a les seues Falleres Majors Mar\u00eda Cervera i Lorena Navarro\">[+] <\/a><\/div>\n","protected":false},"author":12,"featured_media":177845,"comment_status":"open","ping_status":"open","sticky":false,"template":"","format":"standard","meta":{"footnotes":""},"categories":[11019,10977,10894,10912,11007,10896],"tags":[18799,17140,11087,10914],"class_list":{"0":"post-177840","1":"post","2":"type-post","3":"status-publish","4":"format-standard","5":"has-post-thumbnail","7":"category-agenda-ca","8":"category-godelleta-ca","9":"category-la-comarca-ca","10":"category-la-hoya-ca","11":"category-ocio-y-cultura-ca","12":"category-seccion-ca","13":"tag-falla-godayla-ca","14":"tag-fallas-2023-ca","15":"tag-godelleta-ca","16":"tag-la-hoya-de-bunol-chiva-ca"},"_links":{"self":[{"href":"https:\/\/www.tucomarca.com\/wordpress\/segunda\/ca\/wp-json\/wp\/v2\/posts\/177840","targetHints":{"allow":["GET"]}}],"collection":[{"href":"https:\/\/www.tucomarca.com\/wordpress\/segunda\/ca\/wp-json\/wp\/v2\/posts"}],"about":[{"href":"https:\/\/www.tucomarca.com\/wordpress\/segunda\/ca\/wp-json\/wp\/v2\/types\/post"}],"author":[{"embeddable":true,"href":"https:\/\/www.tucomarca.com\/wordpress\/segunda\/ca\/wp-json\/wp\/v2\/users\/12"}],"replies":[{"embeddable":true,"href":"https:\/\/www.tucomarca.com\/wordpress\/segunda\/ca\/wp-json\/wp\/v2\/comments?post=177840"}],"version-history":[{"count":0,"href":"https:\/\/www.tucomarca.com\/wordpress\/segunda\/ca\/wp-json\/wp\/v2\/posts\/177840\/revisions"}],"wp:featuredmedia":[{"embeddable":true,"href":"https:\/\/www.tucomarca.com\/wordpress\/segunda\/ca\/wp-json\/wp\/v2\/media\/177845"}],"wp:attachment":[{"href":"https:\/\/www.tucomarca.com\/wordpress\/segunda\/ca\/wp-json\/wp\/v2\/media?parent=177840"}],"wp:term":[{"taxonomy":"category","embeddable":true,"href":"https:\/\/www.tucomarca.com\/wordpress\/segunda\/ca\/wp-json\/wp\/v2\/categories?post=177840"},{"taxonomy":"post_tag","embeddable":true,"href":"https:\/\/www.tucomarca.com\/wordpress\/segunda\/ca\/wp-json\/wp\/v2\/tags?post=177840"}],"curies":[{"name":"wp","href":"https:\/\/api.w.org\/{rel}","templated":true}]}}