{"id":177880,"date":"2023-02-11T09:30:00","date_gmt":"2023-02-11T08:30:00","guid":{"rendered":"https:\/\/www.tucomarca.com\/wordpress\/segunda\/?p=177880"},"modified":"2023-02-10T14:29:48","modified_gmt":"2023-02-10T13:29:48","slug":"el-collegi-sagrada-familia-talaia-de-bunyol-punt-dextraccio-per-a-la-donacio-de-sang","status":"publish","type":"post","link":"https:\/\/www.tucomarca.com\/wordpress\/segunda\/ca\/el-collegi-sagrada-familia-talaia-de-bunyol-punt-dextraccio-per-a-la-donacio-de-sang\/","title":{"rendered":"El Col\u00b7legi Sagrada Fam\u00edlia Talaia de Bunyol, punt d&#8217;extracci\u00f3 per a la donaci\u00f3 de sang"},"content":{"rendered":"\n<h3 class=\"wp-block-heading\">Divendres que ve, 17 de febrer, de 16:30 h a 20:30 h, el Col\u00b7legi Sagrada Fam\u00edlia &#8211; Talaia obrir\u00e0 les seues portes a tot el poble de Bunyol, i pobles de voltant, perqu\u00e8 aquelles persones majors d&#8217;edat puguen vindre a donar sang.<\/h3>\n\n\n\n<p>&#8220;Aquesta proposta est\u00e0 emmarcada en el Projecte &#8220;SangValent\u00ed Dioces\u00e0&#8221;, en la qual participem m\u00e9s de 50 col\u00b7legis diocesans de la Comunitat Valenciana. Hi ha diferents punts de donaci\u00f3, i el col\u00b7legi Talaia ser\u00e0 un d&#8217;ells&#8221;, segons informen des del centre.<br>&#8220;Durant aquests dies, els alumnes estan preparant amb il\u00b7lusi\u00f3 i alegria aquesta acci\u00f3, aprenent la import\u00e0ncia que t\u00e9 i sensibilitzant a la resta dels grups: fam\u00edlies, ve\u00efns, associacions, diferents grups socials (m\u00fasica, esport&#8230;)&#8221;.<br>&#8220;La donaci\u00f3 de sang es fa fonamental, m\u00e9s en aquests temps que corren, per a cobrir les necessitats dels malalts. Les donacions de sang altruista han disminu\u00eft, per la qual cosa les reserves en els bancs de sang estan comen\u00e7ant a veure&#8217;s afectades. Conjuminat a aix\u00f2, la necessitat constant de donacions regulars, existeix pel fet que la sang nom\u00e9s pot conservar-se durant un temps limitat i despr\u00e9s deixa de ser utilitzable. Gr\u00e0cies a la donaci\u00f3 podem salvar milers de vides, tractant a persones amb malalties. Amb una sola donaci\u00f3 pots salvar fins a 3 vides.\u00a0<br>Si vols ajudar amb aquesta acci\u00f3, i compleixes els seg\u00fcents requisits: tindre entre 18 i 65 anys, i pesar m\u00e9s de 50 quilos; no ho dubtes: Veuen a donar sang. T&#8217;esperem divendres que ve 17 de febrer a partir de les 16:30h en el col\u00b7legi Sagrada Fam\u00edlia &#8211; Talaia.<br>Si vols saber m\u00e9s informaci\u00f3 o con\u00e9ixer altres punts de donaci\u00f3, ho trobar\u00e0s en la web \u00a0<a rel=\"noreferrer noopener\" href=\"http:\/\/www.sangvalenti.es\/\" target=\"_blank\">www.sangvalenti.es<\/a>&#8220;.<\/p>\n","protected":false},"excerpt":{"rendered":"<div class=\"mh-excerpt\">Divendres que ve, 17 de febrer, de 16:30 h a 20:30 h, el Col\u00b7legi Sagrada Fam\u00edlia &#8211; Talaia obrir\u00e0 les seues portes a tot el poble de Bunyol, i pobles de voltant, perqu\u00e8 aquelles persones <a class=\"mh-excerpt-more\" href=\"https:\/\/www.tucomarca.com\/wordpress\/segunda\/ca\/el-collegi-sagrada-familia-talaia-de-bunyol-punt-dextraccio-per-a-la-donacio-de-sang\/\" title=\"El Col\u00b7legi Sagrada Fam\u00edlia Talaia de Bunyol, punt d&#8217;extracci\u00f3 per a la donaci\u00f3 de sang\">[+] <\/a><\/div>\n","protected":false},"author":1,"featured_media":177878,"comment_status":"open","ping_status":"open","sticky":false,"template":"","format":"standard","meta":{"footnotes":""},"categories":[11019,10911,10948,10894,10912,10896],"tags":[10913,18805,10914],"class_list":{"0":"post-177880","1":"post","2":"type-post","3":"status-publish","4":"format-standard","5":"has-post-thumbnail","7":"category-agenda-ca","8":"category-bunol-ca","9":"category-infraestructuras-ca","10":"category-la-comarca-ca","11":"category-la-hoya-ca","12":"category-seccion-ca","13":"tag-bunol-ca","14":"tag-donacion-de-sangre-ca","15":"tag-la-hoya-de-bunol-chiva-ca"},"_links":{"self":[{"href":"https:\/\/www.tucomarca.com\/wordpress\/segunda\/ca\/wp-json\/wp\/v2\/posts\/177880","targetHints":{"allow":["GET"]}}],"collection":[{"href":"https:\/\/www.tucomarca.com\/wordpress\/segunda\/ca\/wp-json\/wp\/v2\/posts"}],"about":[{"href":"https:\/\/www.tucomarca.com\/wordpress\/segunda\/ca\/wp-json\/wp\/v2\/types\/post"}],"author":[{"embeddable":true,"href":"https:\/\/www.tucomarca.com\/wordpress\/segunda\/ca\/wp-json\/wp\/v2\/users\/1"}],"replies":[{"embeddable":true,"href":"https:\/\/www.tucomarca.com\/wordpress\/segunda\/ca\/wp-json\/wp\/v2\/comments?post=177880"}],"version-history":[{"count":0,"href":"https:\/\/www.tucomarca.com\/wordpress\/segunda\/ca\/wp-json\/wp\/v2\/posts\/177880\/revisions"}],"wp:featuredmedia":[{"embeddable":true,"href":"https:\/\/www.tucomarca.com\/wordpress\/segunda\/ca\/wp-json\/wp\/v2\/media\/177878"}],"wp:attachment":[{"href":"https:\/\/www.tucomarca.com\/wordpress\/segunda\/ca\/wp-json\/wp\/v2\/media?parent=177880"}],"wp:term":[{"taxonomy":"category","embeddable":true,"href":"https:\/\/www.tucomarca.com\/wordpress\/segunda\/ca\/wp-json\/wp\/v2\/categories?post=177880"},{"taxonomy":"post_tag","embeddable":true,"href":"https:\/\/www.tucomarca.com\/wordpress\/segunda\/ca\/wp-json\/wp\/v2\/tags?post=177880"}],"curies":[{"name":"wp","href":"https:\/\/api.w.org\/{rel}","templated":true}]}}