{"id":177908,"date":"2023-02-11T08:50:00","date_gmt":"2023-02-11T07:50:00","guid":{"rendered":"https:\/\/www.tucomarca.com\/wordpress\/segunda\/?p=177908"},"modified":"2023-02-11T12:52:43","modified_gmt":"2023-02-11T11:52:43","slug":"carlos-mazon-la-comarca-utiel-requena-no-existeix-per-a-ximo-puig","status":"publish","type":"post","link":"https:\/\/www.tucomarca.com\/wordpress\/segunda\/ca\/carlos-mazon-la-comarca-utiel-requena-no-existeix-per-a-ximo-puig\/","title":{"rendered":"Carlos Maz\u00f3n: \u201cLa comarca Utiel-Requena no existeix per a Ximo Puig\u201d"},"content":{"rendered":"\n<p><strong>El president del Partit Popular de la Comunitat Valenciana, Carlos Maz\u00f3n, va denunciar ahir a Requena que \u201cla falta de gesti\u00f3 sanit\u00e0ria i l&#8217;aband\u00f3 de Puig est\u00e0 generant que no hagen especialistes i que tractaments com la radioter\u00e0pia no es puguen donar a l&#8217;Hospital Comarcal de Requena\u201d<\/strong>.\u00a0<br>En aquests termes s&#8217;ha manifestat Carlos Maz\u00f3n despr\u00e9s de visitar la XXVIII edici\u00f3 de la Fira de l&#8217;Embotit de Requena juntament amb el president local del PP de Requena, Alberto Garc\u00eda i el president del PP de la prov\u00edncia de Val\u00e8ncia, Vicent Momp\u00f3, on ha posat en valor el talent i l&#8217;esfor\u00e7 d&#8217;una terra i uns productors que s\u00f3n ess\u00e8ncia i identitat de la Comunitat Valenciana.<br>Maz\u00f3n ha afirmat que \u201cel Consell m\u00e9s car de la hist\u00f2ria es nega a ampliar el servei de quimioter\u00e0pia, a dotar de servei de radioter\u00e0pia i no cobreixen places de dif\u00edcil cobertura perqu\u00e8 no es donen els incentius salarials adequats. Hem d&#8217;evitar despla\u00e7aments a Val\u00e8ncia. L&#8217;hospital comarcal de Requena ha d&#8217;estar dotat dels serveis b\u00e0sics que necessiten a la comarca\u201d.<br>\u201cNo podem permetre que en mat\u00e8ria d&#8217;assist\u00e8ncia sanit\u00e0ria en la Comunitat Valenciana hi haja ciutadans de primera i de segona per la falta de gesti\u00f3 d&#8217;un Consell els recursos del qual estan destinats m\u00e9s a mantindre a Puig en el Consell que a millorar la vida dels ciutadans\u201d.<br>A m\u00e9s, Carlos Maz\u00f3n ha explicat que \u201cel Consell de Puig ha deixat d&#8217;invertir en infraestructures a la ciutat de Requena perqu\u00e8 segueix pendent el parc Empresarial del Rebollar, el nou CdT i la rehabilitaci\u00f3 del teatre principal. Haur\u00e0 de ser un Consell del PPCV el que torne a posar a Requena entre les seues prioritats d&#8217;inversi\u00f3 per a escometre aquestes actuacions tan importants per al municipi i la seua comarca\u201d.<\/p>\n\n\n\n<p><strong>Carlos Maz\u00f3n mostra el seu total suport al cava de Requena<\/strong><\/p>\n\n\n\n<p>El president del PPCV ha mostrat tot el seu suport als productors de cava de Requena davant la falta d&#8217;iniciatives del Consell de Puig. \u201cCal fomentar l&#8217;agricultura i la recerca i desenvolupament sobre el vi, cava i vitivinicultura en l&#8217;Institut Tecnol\u00f2gic de Viticultura i enologia garantint la formaci\u00f3\u201d.<br>Maz\u00f3n ha afirmat que \u201cdes del PPCV estarem del costat dels productors de cava perqu\u00e8 el producte elaborat a Requena puga dir-se \u201ccava de Requena\u201d per al seu m\u00e0xim reconeixement tant nacional com internacional. \u00c9s una mostra m\u00e9s dels magn\u00edfics productes que dona la nostra terra i que es converteixen en vertaders ambaixadors\u201d.<br>\u201cNo permetrem que seguisca per motius estrictament pol\u00edtics els que eviten que el \u201cCava de Requena\u201d tinga la seua pr\u00f2pia denominaci\u00f3. Fins al final defensarem la nostra identitat i no permetrem cap mena d&#8217;incursi\u00f3 dels productors catalans. Totes dues denominacions s\u00f3n totalment compatibles i esperem que tant el Consell de Puig com el Govern de S\u00e1nchez defensen a la nostra terra, els nostres productes i als nostres agricultors\u201d.<br>Maz\u00f3n es va reunir a m\u00e9s, en un conegut restaurant de Requena amb un grup de persones que representen als sectors econ\u00f2mics i socials de la comarca, entre altres, que li van fer diverses preguntes sobre els assumptes que m\u00e9s preocupen la societat i va escoltar tamb\u00e9 les propostes que li van fer.<br>El president del PPCV va defensar la rebaixa d&#8217;impostos per a atraure inversions. Informa, <strong>Luis Ib\u00e1\u00f1ez<\/strong>.<\/p>\n","protected":false},"excerpt":{"rendered":"<div class=\"mh-excerpt\">El president del Partit Popular de la Comunitat Valenciana, Carlos Maz\u00f3n, va denunciar ahir a Requena que \u201cla falta de gesti\u00f3 sanit\u00e0ria i l&#8217;aband\u00f3 de Puig est\u00e0 generant que no hagen especialistes i que tractaments <a class=\"mh-excerpt-more\" href=\"https:\/\/www.tucomarca.com\/wordpress\/segunda\/ca\/carlos-mazon-la-comarca-utiel-requena-no-existeix-per-a-ximo-puig\/\" title=\"Carlos Maz\u00f3n: \u201cLa comarca Utiel-Requena no existeix per a Ximo Puig\u201d\">[+] <\/a><\/div>\n","protected":false},"author":1,"featured_media":177906,"comment_status":"open","ping_status":"open","sticky":false,"template":"","format":"standard","meta":{"footnotes":""},"categories":[10898,10948,10894,10904,10947,10908,10909,10896],"tags":[18807,11978,11344,11099,10910],"class_list":{"0":"post-177908","1":"post","2":"type-post","3":"status-publish","4":"format-standard","5":"has-post-thumbnail","7":"category-ventana-ca","8":"category-infraestructuras-ca","9":"category-la-comarca-ca","10":"category-sin-categorizar-ca","11":"category-politica","12":"category-requena-ca","13":"category-requena-utiel-ca","14":"category-seccion-ca","15":"tag-carlos-mazon-ca","16":"tag-partido-popular-ca","17":"tag-pp-ca","18":"tag-requena-ca","19":"tag-requena-utiel-ca"},"_links":{"self":[{"href":"https:\/\/www.tucomarca.com\/wordpress\/segunda\/ca\/wp-json\/wp\/v2\/posts\/177908","targetHints":{"allow":["GET"]}}],"collection":[{"href":"https:\/\/www.tucomarca.com\/wordpress\/segunda\/ca\/wp-json\/wp\/v2\/posts"}],"about":[{"href":"https:\/\/www.tucomarca.com\/wordpress\/segunda\/ca\/wp-json\/wp\/v2\/types\/post"}],"author":[{"embeddable":true,"href":"https:\/\/www.tucomarca.com\/wordpress\/segunda\/ca\/wp-json\/wp\/v2\/users\/1"}],"replies":[{"embeddable":true,"href":"https:\/\/www.tucomarca.com\/wordpress\/segunda\/ca\/wp-json\/wp\/v2\/comments?post=177908"}],"version-history":[{"count":0,"href":"https:\/\/www.tucomarca.com\/wordpress\/segunda\/ca\/wp-json\/wp\/v2\/posts\/177908\/revisions"}],"wp:featuredmedia":[{"embeddable":true,"href":"https:\/\/www.tucomarca.com\/wordpress\/segunda\/ca\/wp-json\/wp\/v2\/media\/177906"}],"wp:attachment":[{"href":"https:\/\/www.tucomarca.com\/wordpress\/segunda\/ca\/wp-json\/wp\/v2\/media?parent=177908"}],"wp:term":[{"taxonomy":"category","embeddable":true,"href":"https:\/\/www.tucomarca.com\/wordpress\/segunda\/ca\/wp-json\/wp\/v2\/categories?post=177908"},{"taxonomy":"post_tag","embeddable":true,"href":"https:\/\/www.tucomarca.com\/wordpress\/segunda\/ca\/wp-json\/wp\/v2\/tags?post=177908"}],"curies":[{"name":"wp","href":"https:\/\/api.w.org\/{rel}","templated":true}]}}