{"id":177955,"date":"2023-02-13T10:01:00","date_gmt":"2023-02-13T09:01:00","guid":{"rendered":"https:\/\/www.tucomarca.com\/wordpress\/segunda\/?p=177955"},"modified":"2023-02-13T13:21:54","modified_gmt":"2023-02-13T12:21:54","slug":"minerva-palmero-lopez-sera-la-regina-de-les-festes-de-turis-per-a-2023","status":"publish","type":"post","link":"https:\/\/www.tucomarca.com\/wordpress\/segunda\/ca\/minerva-palmero-lopez-sera-la-regina-de-les-festes-de-turis-per-a-2023\/","title":{"rendered":"Minerva Palmero L\u00f3pez ser\u00e0 la Regina de les Festes de Tur\u00eds per a 2023"},"content":{"rendered":"\n<p>Les Festes d&#8217;Agost de Tur\u00eds comencen a rodar amb el m\u00e9s important: la Regina de les Festes i la seua Cort d&#8217;Honor.<\/p>\n\n\n\n<p>Minerva Palmero L\u00f3pez \u00e9s la jove que ha sigut seleccionada a trav\u00e9s de sorteig per a ser la m\u00e0xima representaci\u00f3 de les festes.<\/p>\n\n\n\n<p>L&#8217;alcalde i el regidor de festes han sigut testimonis del moment, el qual s&#8217;ha viscut amb aut\u00e8ntica emoci\u00f3. Ac\u00ed vos deixem la primera imatges de la Regina de les Festes de 2023 i la seua Cort d&#8217;Honor.<\/p>\n\n\n\n<p><\/p>\n","protected":false},"excerpt":{"rendered":"<div class=\"mh-excerpt\">Les Festes d&#8217;Agost de Tur\u00eds comencen a rodar amb el m\u00e9s important: la Regina de les Festes i la seua Cort d&#8217;Honor. Minerva Palmero L\u00f3pez \u00e9s la jove que ha sigut seleccionada a trav\u00e9s de <a class=\"mh-excerpt-more\" href=\"https:\/\/www.tucomarca.com\/wordpress\/segunda\/ca\/minerva-palmero-lopez-sera-la-regina-de-les-festes-de-turis-per-a-2023\/\" title=\"Minerva Palmero L\u00f3pez ser\u00e0 la Regina de les Festes de Tur\u00eds per a 2023\">[+] <\/a><\/div>\n","protected":false},"author":12,"featured_media":177952,"comment_status":"open","ping_status":"open","sticky":false,"template":"","format":"standard","meta":{"footnotes":""},"categories":[10894,10902,11007,10896,11047],"tags":[18811,11356,11093],"class_list":{"0":"post-177955","1":"post","2":"type-post","3":"status-publish","4":"format-standard","5":"has-post-thumbnail","7":"category-la-comarca-ca","8":"category-la-ribera-ca","9":"category-ocio-y-cultura-ca","10":"category-seccion-ca","11":"category-turis-ca","12":"tag-regina-festes-2023-ca","13":"tag-ribera-alta-ca","14":"tag-turis-ca"},"_links":{"self":[{"href":"https:\/\/www.tucomarca.com\/wordpress\/segunda\/ca\/wp-json\/wp\/v2\/posts\/177955","targetHints":{"allow":["GET"]}}],"collection":[{"href":"https:\/\/www.tucomarca.com\/wordpress\/segunda\/ca\/wp-json\/wp\/v2\/posts"}],"about":[{"href":"https:\/\/www.tucomarca.com\/wordpress\/segunda\/ca\/wp-json\/wp\/v2\/types\/post"}],"author":[{"embeddable":true,"href":"https:\/\/www.tucomarca.com\/wordpress\/segunda\/ca\/wp-json\/wp\/v2\/users\/12"}],"replies":[{"embeddable":true,"href":"https:\/\/www.tucomarca.com\/wordpress\/segunda\/ca\/wp-json\/wp\/v2\/comments?post=177955"}],"version-history":[{"count":0,"href":"https:\/\/www.tucomarca.com\/wordpress\/segunda\/ca\/wp-json\/wp\/v2\/posts\/177955\/revisions"}],"wp:featuredmedia":[{"embeddable":true,"href":"https:\/\/www.tucomarca.com\/wordpress\/segunda\/ca\/wp-json\/wp\/v2\/media\/177952"}],"wp:attachment":[{"href":"https:\/\/www.tucomarca.com\/wordpress\/segunda\/ca\/wp-json\/wp\/v2\/media?parent=177955"}],"wp:term":[{"taxonomy":"category","embeddable":true,"href":"https:\/\/www.tucomarca.com\/wordpress\/segunda\/ca\/wp-json\/wp\/v2\/categories?post=177955"},{"taxonomy":"post_tag","embeddable":true,"href":"https:\/\/www.tucomarca.com\/wordpress\/segunda\/ca\/wp-json\/wp\/v2\/tags?post=177955"}],"curies":[{"name":"wp","href":"https:\/\/api.w.org\/{rel}","templated":true}]}}