{"id":178562,"date":"2023-02-19T12:00:00","date_gmt":"2023-02-19T11:00:00","guid":{"rendered":"https:\/\/www.tucomarca.com\/wordpress\/segunda\/?p=178562"},"modified":"2023-02-20T12:00:01","modified_gmt":"2023-02-20T11:00:01","slug":"mes-de-254-000-viatgers-de-riba-roja-de-turia-van-utilitzar-lany-2022-els-autobusos-urbans-gratuits","status":"publish","type":"post","link":"https:\/\/www.tucomarca.com\/wordpress\/segunda\/ca\/mes-de-254-000-viatgers-de-riba-roja-de-turia-van-utilitzar-lany-2022-els-autobusos-urbans-gratuits\/","title":{"rendered":"M\u00e9s de 254.000 viatgers de Riba-roja de T\u00faria van utilitzar l&#8217;any 2022 els autobusos urbans gratu\u00efts &nbsp;"},"content":{"rendered":"\n<h4 class=\"wp-block-heading\">L&#8217;ajuntament estima que m\u00e9s de 3.000 tones de CO\u2082 es deixaran d&#8217;emetre a l&#8217;atmosfera gr\u00e0cies al major \u00fas dels transports p\u00fablics gr\u00e0cies a la major conscienciaci\u00f3 ciutadana<\/h4>\n\n\n\n<h4 class=\"wp-block-heading\">Els autobusos gratu\u00efts que connecten el nucli urb\u00e0 amb els pol\u00edgons industrials i l&#8217;estaci\u00f3 de metro, un 3% m\u00e9s que abans de la pand\u00e8mia &nbsp; &nbsp;<\/h4>\n\n\n\n<p>L&#8217;Ajuntament de Riba-roja de T\u00faria ha donat a con\u00e9ixer les dades sobre la utilitzaci\u00f3 dels transports p\u00fablics municipals en els quals es constata en l&#8217;actualitat un increment de fins al 3% respecte del per\u00edode anterior a la pand\u00e8mia. D&#8217;aquesta manera, s&#8217;han certificat 9.000 viatgers m\u00e9s entre tots dos per\u00edodes en passar dels 245.000 viatgers l&#8217;any 2019 als 254.000 viatgers en l&#8217;exercici de 2022.&nbsp;<\/p>\n\n\n\n<p>El balan\u00e7 del passat any xifra en 213.543 viatgers l&#8217;\u00fas de denominat servei de Connecta Metre que va entrar en funcionament l&#8217;any 2015 amb la finalitat de facilitar els despla\u00e7aments dels ve\u00efns des de la parada situada en el pol\u00edgon Enrevies al centre del cas urb\u00e0, aix\u00ed com altres \u00e0rees residencials situades a Riba-roja de T\u00faria com \u00e9s el cas de Santa M\u00f3nica, El Molinet, Parc Montealcedo, Montealcedo, Entrenaranjos i Santa Rosa, tant en l&#8217;horari del mat\u00ed com en la vesprada.&nbsp;<\/p>\n\n\n\n<p>Aquest servei municipal gratu\u00eft a Riba-roja de T\u00faria, que ha prestat els citats 213.543 viatges, compr\u00e9n les urbanitzacions situades en el terme municipal, aix\u00ed com els diversos barris i empla\u00e7aments del propi nucli urb\u00e0 amb l&#8217;estaci\u00f3 del metro, de tal forma que s&#8217;augmenta i alleugereix la dist\u00e0ncia amb la capital valenciana, en connexi\u00f3 directa. Els horaris establits suposen un servei extens entre el mat\u00ed i la vesprada, de dilluns a dissabte.&nbsp;<\/p>\n\n\n\n<p>La pol\u00edtica de mobilitat municipal es completa amb el conegut com a servei \u201cArribab\u00fas\u201d la fi del qual passa per connectar el nucli urb\u00e0 de Riba-roja de T\u00faria amb els nombrosos pol\u00edgons industrials situats en l&#8217;\u00e0rea sud del terme. D&#8217;aquesta manera, els treballadors de les m\u00e9s de 1.000 empreses que presten els seus serveis en la zona poden tindre major facilitat en els seus viatges al seu lloc de treball. Enguany, el servei \u201cArribab\u00fas\u201d ha prestat el seu servei a 30.203 viatgers.&nbsp;<\/p>\n\n\n\n<p>Aquest servei ofereix altres funcions actualment com una millor connexi\u00f3 entre el cas urb\u00e0 de Riba-roja de T\u00faria amb el de la ve\u00efna localitat de Loriguilla i, per tant, pot ser utilitzat per part dels estudiants que es dirigeixen a l&#8217;institut de secund\u00e0ria, i pels usuaris de la piscina coberta de la Malll\u00e0, el conservatori de M\u00fasica i Dansa, sense oblidar les opcions dels usuaris de qu\u00e8 disposen per a fer les seues tasques administratives o d&#8217;una altra \u00edndole.&nbsp;<\/p>\n\n\n\n<p>Aquest servei est\u00e0 dotat d&#8217;una \u00e0mplia oferta per als usuaris en mat\u00e8ria d&#8217;horari i de parades amb l&#8217;objectiu de facilitar la vida laboral i personal dels ve\u00efns de la localitat. D&#8217;aquesta manera, el \u201cArribab\u00fas\u201d disposa de servei de dilluns a divendres, a partir de les 5.10 hores fins a les 23 hores, respectivament. Adaptar-se als torns de treballs dels ve\u00efns \u00e9s la seua principal finalitat. El recorregut est\u00e0 format per deu parades, la Reva, la Cany\u00e0 Aguila i el nucli urb\u00e0 de Loriguilla. A aquestes parades s&#8217;afigen les quatre del nucli urb\u00e0 de Riba-roja de T\u00faria i una altra en cadascun dels pol\u00edgons previstos, el sector 12, el sector 13 i el pol\u00edgon del Oliveral.<\/p>\n\n\n\n<p>L&#8217;\u00fas del servei de l&#8217;autob\u00fas municipal dau a con\u00e9ixer revela el per\u00edodes de temps en els quals es produeix un major \u00fas entre els ve\u00efns respecte dels diversos complements que ofereix l&#8217;Ajuntament de Riba-roja de T\u00faria. D&#8217;aquesta manera, l&#8217;\u00faltim quadrimestre de l&#8217;any 2022 \u00e9s el que experimenta un major nombre d&#8217;usuaris respecte de la primera meitat de l&#8217;exercici. El mes de setembre ho van utilitzar 23.504 viatgers, altres 25.993 a l&#8217;octubre, 28.089 al novembre i, finalment, altres 22.759 viatgers al desembre.&nbsp;<\/p>\n\n\n\n<p>L&#8217;alcalde de Riba-roja de T\u00faria, Robert Raga, ha subratllat l&#8217;excel\u00b7lent acolliment dels diferents serveis de l&#8217;autob\u00fas municipal \u201centre els ve\u00efns i ciutadans del municipi que han interioritzat molt b\u00e9 no sols el component d&#8217;oci i temps lliure que pot suposar sin\u00f3, tamb\u00e9, per als treballadors dels pol\u00edgons que es dirigeixen als seus respectius llocs de treball; per aix\u00f2, des de l&#8217;ajuntament continuarem amb les pol\u00edtiques de mobilitat per a estalviar la petjada de carboni\u201d.&nbsp;<\/p>\n\n\n\n<p>Les previsions de l&#8217;Ajuntament de Riba-roja de T\u00faria apunten a una disminuci\u00f3 de fins a 3.000 tones de CO2 (di\u00f2xid de carboni) a conseq\u00fc\u00e8ncia d&#8217;un major \u00fas del transport municipal entre els ve\u00efns del municipi i, per tant, en una disminuci\u00f3 del transport privat. A m\u00e9s, aquesta pol\u00edtica es completa amb els diversos projectes de construcci\u00f3 de carrils cicle-per als vianants de m\u00e9s de 10 quil\u00f2metres d&#8217;extensi\u00f3 entre el nucli urb\u00e0 i les \u00e0rees residencials.<\/p>\n\n\n\n<p><\/p>\n","protected":false},"excerpt":{"rendered":"<div class=\"mh-excerpt\">L&#8217;ajuntament estima que m\u00e9s de 3.000 tones de CO\u2082 es deixaran d&#8217;emetre a l&#8217;atmosfera gr\u00e0cies al major \u00fas dels transports p\u00fablics gr\u00e0cies a la major conscienciaci\u00f3 ciutadana Els autobusos gratu\u00efts que connecten el nucli urb\u00e0 <a class=\"mh-excerpt-more\" href=\"https:\/\/www.tucomarca.com\/wordpress\/segunda\/ca\/mes-de-254-000-viatgers-de-riba-roja-de-turia-van-utilitzar-lany-2022-els-autobusos-urbans-gratuits\/\" title=\"M\u00e9s de 254.000 viatgers de Riba-roja de T\u00faria van utilitzar l&#8217;any 2022 els autobusos urbans gratu\u00efts &nbsp;\">[+] <\/a><\/div>\n","protected":false},"author":12,"featured_media":178561,"comment_status":"open","ping_status":"open","sticky":false,"template":"","format":"standard","meta":{"footnotes":""},"categories":[10892,10948,10894,10947,10906,10896],"tags":[18836,10899,15024],"class_list":{"0":"post-178562","1":"post","2":"type-post","3":"status-publish","4":"format-standard","5":"has-post-thumbnail","7":"category-camp-de-turia-ca","8":"category-infraestructuras-ca","9":"category-la-comarca-ca","10":"category-politica","11":"category-riba-roja-ca","12":"category-seccion-ca","13":"tag-autobuses-gratuitos-ca","14":"tag-camp-de-turia-ca","15":"tag-riba-roja-de-turia-ca"},"_links":{"self":[{"href":"https:\/\/www.tucomarca.com\/wordpress\/segunda\/ca\/wp-json\/wp\/v2\/posts\/178562","targetHints":{"allow":["GET"]}}],"collection":[{"href":"https:\/\/www.tucomarca.com\/wordpress\/segunda\/ca\/wp-json\/wp\/v2\/posts"}],"about":[{"href":"https:\/\/www.tucomarca.com\/wordpress\/segunda\/ca\/wp-json\/wp\/v2\/types\/post"}],"author":[{"embeddable":true,"href":"https:\/\/www.tucomarca.com\/wordpress\/segunda\/ca\/wp-json\/wp\/v2\/users\/12"}],"replies":[{"embeddable":true,"href":"https:\/\/www.tucomarca.com\/wordpress\/segunda\/ca\/wp-json\/wp\/v2\/comments?post=178562"}],"version-history":[{"count":0,"href":"https:\/\/www.tucomarca.com\/wordpress\/segunda\/ca\/wp-json\/wp\/v2\/posts\/178562\/revisions"}],"wp:featuredmedia":[{"embeddable":true,"href":"https:\/\/www.tucomarca.com\/wordpress\/segunda\/ca\/wp-json\/wp\/v2\/media\/178561"}],"wp:attachment":[{"href":"https:\/\/www.tucomarca.com\/wordpress\/segunda\/ca\/wp-json\/wp\/v2\/media?parent=178562"}],"wp:term":[{"taxonomy":"category","embeddable":true,"href":"https:\/\/www.tucomarca.com\/wordpress\/segunda\/ca\/wp-json\/wp\/v2\/categories?post=178562"},{"taxonomy":"post_tag","embeddable":true,"href":"https:\/\/www.tucomarca.com\/wordpress\/segunda\/ca\/wp-json\/wp\/v2\/tags?post=178562"}],"curies":[{"name":"wp","href":"https:\/\/api.w.org\/{rel}","templated":true}]}}