{"id":178731,"date":"2023-02-20T10:59:00","date_gmt":"2023-02-20T09:59:00","guid":{"rendered":"https:\/\/www.tucomarca.com\/wordpress\/segunda\/?p=178731"},"modified":"2023-02-20T22:43:05","modified_gmt":"2023-02-20T21:43:05","slug":"el-cd-bunyol-sacosta-als-llocs-de-promocio-despres-de-golejar-al-ribarroja-cf-3-0","status":"publish","type":"post","link":"https:\/\/www.tucomarca.com\/wordpress\/segunda\/ca\/el-cd-bunyol-sacosta-als-llocs-de-promocio-despres-de-golejar-al-ribarroja-cf-3-0\/","title":{"rendered":"El CD Bunyol s&#8217;acosta als llocs de promoci\u00f3 despr\u00e9s de golejar al Ribarroja CF (3-0)"},"content":{"rendered":"\n<p>Un imparable Club Esportiu Bunyol segueix la seua espectacular progressi\u00f3 cap als llocs de cap del grup segon de la Regional Preferent valenciana que donen dret a jugar la promoci\u00f3 d&#8217;ascens a Tercera Divisi\u00f3.<\/p>\n\n\n\n<p>I \u00e9s que el CD Bunyol s&#8217;ha imposat aquest diumenge a un dels seus m\u00e9s immediats rivals, el Ribaroja CF, per un contundent marcador de 3 gols a 0. Tots dos conjunts van oferir un bon joc en el Beltr\u00e1n B\u00e1guena, encara que els blancs van portar la iniciativa durant bona part de la trobada. <\/p>\n\n\n\n<p>Fruit del seu domini del joc, el CD Bunyol va anotar el seu primer tant per mediaci\u00f3 d&#8217;Albert en el minut 18 de partit, encara que el Ribarroja va colpejar amb diverses contres que no van aconseguir fructificar.<\/p>\n\n\n\n<p>Despr\u00e9s del descans, el domini dels blancs es va incrementar, especialment a partir de l&#8217;expulsi\u00f3 de Pay\u00e1n en el minut 44. Fruit d&#8217;aquesta pressi\u00f3 va arribar el segon gol per als locals, obra de Gerald de fort xut creuat en el minut 59; encara que no seria fins al minut 90 quan Blas sentenciaria definitivament el xoc en marcar de cap despr\u00e9s d&#8217;un servei de c\u00f3rner. <\/p>\n\n\n\n<p>Amb aquesta nova vict\u00f2ria el CD Bunyol ascendeix fins al lloc sis\u00e9, malgrat portar un partit disputat menys per la seua recent participaci\u00f3 en La Nostra Copa. Aix\u00ed amb els seus actuals 42 punts, el CD Bunyol supera a diversos dels seus rivals directes com ara el Ribarroja (39); a m\u00e9s del Requena (39 punts) i l&#8217;Aldaia (37); i es posa a tan sols a 4 punts de superar al segon classificat, el Paiporta, que suma 46 punts; a tres del tercer (el CF Recanvis Col\u00f3n Catarroja); a dos del quart (el Manises CF); i a un del cinqu\u00e9 (la UE L&#8217;Alc\u00fadia).<\/p>\n\n\n\n<figure class=\"wp-block-gallery has-nested-images columns-2 is-cropped wp-block-gallery-1 is-layout-flex wp-block-gallery-is-layout-flex\">\n<figure class=\"wp-block-image size-large\"><img loading=\"lazy\" decoding=\"async\" width=\"709\" height=\"473\" data-id=\"178713\" src=\"http:\/\/www.tucomarca.com\/wordpress\/segunda\/wp-content\/uploads\/2023\/02\/CDBunol_Ribarroja_02.jpg\" alt=\"\" class=\"wp-image-178713\" srcset=\"https:\/\/www.tucomarca.com\/wordpress\/segunda\/wp-content\/uploads\/2023\/02\/CDBunol_Ribarroja_02.jpg 709w, https:\/\/www.tucomarca.com\/wordpress\/segunda\/wp-content\/uploads\/2023\/02\/CDBunol_Ribarroja_02-300x200.jpg 300w\" sizes=\"auto, (max-width: 709px) 100vw, 709px\" \/><\/figure>\n\n\n\n<figure class=\"wp-block-image size-large\"><img loading=\"lazy\" decoding=\"async\" width=\"709\" height=\"473\" data-id=\"178715\" src=\"http:\/\/www.tucomarca.com\/wordpress\/segunda\/wp-content\/uploads\/2023\/02\/CDBunol_Ribarroja_03.jpg\" alt=\"\" class=\"wp-image-178715\" srcset=\"https:\/\/www.tucomarca.com\/wordpress\/segunda\/wp-content\/uploads\/2023\/02\/CDBunol_Ribarroja_03.jpg 709w, https:\/\/www.tucomarca.com\/wordpress\/segunda\/wp-content\/uploads\/2023\/02\/CDBunol_Ribarroja_03-300x200.jpg 300w\" sizes=\"auto, (max-width: 709px) 100vw, 709px\" \/><\/figure>\n\n\n\n<figure class=\"wp-block-image size-large\"><img loading=\"lazy\" decoding=\"async\" width=\"709\" height=\"473\" data-id=\"178717\" src=\"http:\/\/www.tucomarca.com\/wordpress\/segunda\/wp-content\/uploads\/2023\/02\/CDBunol_Ribarroja_04.jpg\" alt=\"\" class=\"wp-image-178717\" srcset=\"https:\/\/www.tucomarca.com\/wordpress\/segunda\/wp-content\/uploads\/2023\/02\/CDBunol_Ribarroja_04.jpg 709w, https:\/\/www.tucomarca.com\/wordpress\/segunda\/wp-content\/uploads\/2023\/02\/CDBunol_Ribarroja_04-300x200.jpg 300w\" sizes=\"auto, (max-width: 709px) 100vw, 709px\" \/><\/figure>\n\n\n\n<figure class=\"wp-block-image size-large\"><img loading=\"lazy\" decoding=\"async\" width=\"709\" height=\"473\" data-id=\"178719\" src=\"http:\/\/www.tucomarca.com\/wordpress\/segunda\/wp-content\/uploads\/2023\/02\/CDBunol_Ribarroja_05.jpg\" alt=\"\" class=\"wp-image-178719\" srcset=\"https:\/\/www.tucomarca.com\/wordpress\/segunda\/wp-content\/uploads\/2023\/02\/CDBunol_Ribarroja_05.jpg 709w, https:\/\/www.tucomarca.com\/wordpress\/segunda\/wp-content\/uploads\/2023\/02\/CDBunol_Ribarroja_05-300x200.jpg 300w\" sizes=\"auto, (max-width: 709px) 100vw, 709px\" \/><\/figure>\n\n\n\n<figure class=\"wp-block-image size-large\"><img loading=\"lazy\" decoding=\"async\" width=\"709\" height=\"473\" data-id=\"178711\" src=\"http:\/\/www.tucomarca.com\/wordpress\/segunda\/wp-content\/uploads\/2023\/02\/CDBunol_Ribarroja_01.jpg\" alt=\"\" class=\"wp-image-178711\" srcset=\"https:\/\/www.tucomarca.com\/wordpress\/segunda\/wp-content\/uploads\/2023\/02\/CDBunol_Ribarroja_01.jpg 709w, https:\/\/www.tucomarca.com\/wordpress\/segunda\/wp-content\/uploads\/2023\/02\/CDBunol_Ribarroja_01-300x200.jpg 300w\" sizes=\"auto, (max-width: 709px) 100vw, 709px\" \/><\/figure>\n\n\n\n<figure class=\"wp-block-image size-large\"><img loading=\"lazy\" decoding=\"async\" width=\"709\" height=\"473\" data-id=\"178721\" src=\"http:\/\/www.tucomarca.com\/wordpress\/segunda\/wp-content\/uploads\/2023\/02\/CDBunol_Ribarroja_06.jpg\" alt=\"\" class=\"wp-image-178721\" srcset=\"https:\/\/www.tucomarca.com\/wordpress\/segunda\/wp-content\/uploads\/2023\/02\/CDBunol_Ribarroja_06.jpg 709w, https:\/\/www.tucomarca.com\/wordpress\/segunda\/wp-content\/uploads\/2023\/02\/CDBunol_Ribarroja_06-300x200.jpg 300w\" sizes=\"auto, (max-width: 709px) 100vw, 709px\" \/><\/figure>\n\n\n\n<figure class=\"wp-block-image size-large\"><img loading=\"lazy\" decoding=\"async\" width=\"709\" height=\"473\" data-id=\"178725\" src=\"http:\/\/www.tucomarca.com\/wordpress\/segunda\/wp-content\/uploads\/2023\/02\/CDBunol_Ribarroja_08.jpg\" alt=\"\" class=\"wp-image-178725\" srcset=\"https:\/\/www.tucomarca.com\/wordpress\/segunda\/wp-content\/uploads\/2023\/02\/CDBunol_Ribarroja_08.jpg 709w, https:\/\/www.tucomarca.com\/wordpress\/segunda\/wp-content\/uploads\/2023\/02\/CDBunol_Ribarroja_08-300x200.jpg 300w\" sizes=\"auto, (max-width: 709px) 100vw, 709px\" \/><\/figure>\n\n\n\n<figure class=\"wp-block-image size-large\"><img loading=\"lazy\" decoding=\"async\" width=\"709\" height=\"473\" data-id=\"178723\" src=\"http:\/\/www.tucomarca.com\/wordpress\/segunda\/wp-content\/uploads\/2023\/02\/CDBunol_Ribarroja_07.jpg\" alt=\"\" class=\"wp-image-178723\" srcset=\"https:\/\/www.tucomarca.com\/wordpress\/segunda\/wp-content\/uploads\/2023\/02\/CDBunol_Ribarroja_07.jpg 709w, https:\/\/www.tucomarca.com\/wordpress\/segunda\/wp-content\/uploads\/2023\/02\/CDBunol_Ribarroja_07-300x200.jpg 300w\" sizes=\"auto, (max-width: 709px) 100vw, 709px\" \/><\/figure>\n\n\n\n<figure class=\"wp-block-image size-large\"><img loading=\"lazy\" decoding=\"async\" width=\"709\" height=\"473\" data-id=\"178727\" src=\"http:\/\/www.tucomarca.com\/wordpress\/segunda\/wp-content\/uploads\/2023\/02\/CDBunol_Ribarroja_09.jpg\" alt=\"\" class=\"wp-image-178727\" srcset=\"https:\/\/www.tucomarca.com\/wordpress\/segunda\/wp-content\/uploads\/2023\/02\/CDBunol_Ribarroja_09.jpg 709w, https:\/\/www.tucomarca.com\/wordpress\/segunda\/wp-content\/uploads\/2023\/02\/CDBunol_Ribarroja_09-300x200.jpg 300w\" sizes=\"auto, (max-width: 709px) 100vw, 709px\" \/><\/figure>\n<\/figure>\n","protected":false},"excerpt":{"rendered":"<div class=\"mh-excerpt\">Un imparable Club Esportiu Bunyol segueix la seua espectacular progressi\u00f3 cap als llocs de cap del grup segon de la Regional Preferent valenciana que donen dret a jugar la promoci\u00f3 d&#8217;ascens a Tercera Divisi\u00f3. I <a class=\"mh-excerpt-more\" href=\"https:\/\/www.tucomarca.com\/wordpress\/segunda\/ca\/el-cd-bunyol-sacosta-als-llocs-de-promocio-despres-de-golejar-al-ribarroja-cf-3-0\/\" title=\"El CD Bunyol s&#8217;acosta als llocs de promoci\u00f3 despr\u00e9s de golejar al Ribarroja CF (3-0)\">[+] <\/a><\/div>\n","protected":false},"author":1,"featured_media":178722,"comment_status":"open","ping_status":"open","sticky":false,"template":"","format":"gallery","meta":{"footnotes":""},"categories":[10911,10892,11015,11003,10894,10912,10906,10896],"tags":[10899,11126,11074,11075,10914],"class_list":{"0":"post-178731","1":"post","2":"type-post","3":"status-publish","4":"format-gallery","5":"has-post-thumbnail","7":"category-bunol-ca","8":"category-camp-de-turia-ca","9":"category-canal-futbol","10":"category-sports","11":"category-la-comarca-ca","12":"category-la-hoya-ca","13":"category-riba-roja-ca","14":"category-seccion-ca","15":"tag-camp-de-turia-ca","16":"tag-cd-bunol-ca","17":"tag-deportes-ca","18":"tag-futbol-ca","19":"tag-la-hoya-de-bunol-chiva-ca","20":"post_format-post-format-gallery"},"_links":{"self":[{"href":"https:\/\/www.tucomarca.com\/wordpress\/segunda\/ca\/wp-json\/wp\/v2\/posts\/178731","targetHints":{"allow":["GET"]}}],"collection":[{"href":"https:\/\/www.tucomarca.com\/wordpress\/segunda\/ca\/wp-json\/wp\/v2\/posts"}],"about":[{"href":"https:\/\/www.tucomarca.com\/wordpress\/segunda\/ca\/wp-json\/wp\/v2\/types\/post"}],"author":[{"embeddable":true,"href":"https:\/\/www.tucomarca.com\/wordpress\/segunda\/ca\/wp-json\/wp\/v2\/users\/1"}],"replies":[{"embeddable":true,"href":"https:\/\/www.tucomarca.com\/wordpress\/segunda\/ca\/wp-json\/wp\/v2\/comments?post=178731"}],"version-history":[{"count":0,"href":"https:\/\/www.tucomarca.com\/wordpress\/segunda\/ca\/wp-json\/wp\/v2\/posts\/178731\/revisions"}],"wp:featuredmedia":[{"embeddable":true,"href":"https:\/\/www.tucomarca.com\/wordpress\/segunda\/ca\/wp-json\/wp\/v2\/media\/178722"}],"wp:attachment":[{"href":"https:\/\/www.tucomarca.com\/wordpress\/segunda\/ca\/wp-json\/wp\/v2\/media?parent=178731"}],"wp:term":[{"taxonomy":"category","embeddable":true,"href":"https:\/\/www.tucomarca.com\/wordpress\/segunda\/ca\/wp-json\/wp\/v2\/categories?post=178731"},{"taxonomy":"post_tag","embeddable":true,"href":"https:\/\/www.tucomarca.com\/wordpress\/segunda\/ca\/wp-json\/wp\/v2\/tags?post=178731"}],"curies":[{"name":"wp","href":"https:\/\/api.w.org\/{rel}","templated":true}]}}