{"id":178776,"date":"2023-02-21T08:55:00","date_gmt":"2023-02-21T07:55:00","guid":{"rendered":"https:\/\/www.tucomarca.com\/wordpress\/segunda\/?p=178776"},"modified":"2023-02-21T19:46:44","modified_gmt":"2023-02-21T18:46:44","slug":"requena-acull-una-xarrada-sobre-malalties-en-les-vies-respiratories","status":"publish","type":"post","link":"https:\/\/www.tucomarca.com\/wordpress\/segunda\/ca\/requena-acull-una-xarrada-sobre-malalties-en-les-vies-respiratories\/","title":{"rendered":"Requena acull una xarrada sobre malalties en les vies respirat\u00f2ries"},"content":{"rendered":"\n<p>Dem\u00e0 dijous, 23 de febrer, a les 18.00 hores, tindr\u00e0 lloc la xarrada per a fam\u00edlies &#8220;Malalties en les vies respirat\u00f2ries&#8221; de la m\u00e0 de l&#8217;especialista en atenci\u00f3 preco\u00e7 Sara Rodr\u00edguez. La xarrada tindr\u00e0 lloc en l&#8217;espai cultural &#8220;Feliciano Yeves&#8221; (mercat municipal) i l&#8217;assist\u00e8ncia \u00e9s lliure i gratu\u00efta per a tot aquell interessat, si b\u00e9 l&#8217;organitzaci\u00f3 prega assistir sense xiquets a excepci\u00f3 de beb\u00e9s lactants. En la xarrada, es parlar\u00e0 a les fam\u00edlies sobre l&#8217;anatomia del sistema respiratori, la respiraci\u00f3 adequada i inadequada, quines s\u00f3n les malalties i infeccions m\u00e9s comunes, com previndre les infeccions, que signes o s\u00edmptomes ens alerten sobre la malaltia de l&#8217;aparell respiratori, com fer una adequada rentada de les vies respirat\u00f2ries o com pot ajudar-nos la fisioter\u00e0pia respirat\u00f2ria.\u00a0<\/p>\n\n\n\n<p>Sara Rodr\u00edguez Mart\u00ednez \u00e9s fisioterapeuta pedi\u00e0trica especialitzada en atenci\u00f3 preco\u00e7 i neuropediatria. Es va formar com a fisioterapeuta en la Universitat Internacional de Catalunya, especialitzant-se en fisioter\u00e0pia pedi\u00e0trica en la Universit\u00e9 Paris Cit\u00e9 de Fran\u00e7a i la Universitat Internacional de Catalunya. Ha completat la seua formaci\u00f3 sobre motricitat en el Institut de Motricit\u00e9 cer\u00e9brale de Paris, sobre fisioter\u00e0pia aqu\u00e0tica pedi\u00e0trica en la International Aquatic Therapy Faculty i finalment obt\u00e9 el M\u00e0ster en Atenci\u00f3 preco\u00e7 en un centre de refer\u00e8ncia a Espanya, l&#8217;Institut Superior d&#8217;Estudis Psicol\u00f2gics.\u00a0<br>Compta amb m\u00e9s de deu anys d&#8217;experi\u00e8ncia en el treball fisioterap\u00e8utic amb xiquets\/as, realitzant la seua labor en centres com la Clinique du Chateau d\u2019Herblay (Paris), Escola Especial de la Gironde (Bordeus), Cabinet &#8211; Masseur Kin\u00e9sith\u00e9rapeute (ile-de la Reunion), Centre Integral Creixent (Madrid), N\u00e0ixer i\u00a0Cr\u00e9ixer (Val\u00e8ncia) i actualment en ACATUR (associaci\u00f3 comarcal d&#8217;atenci\u00f3 preco\u00e7 Utiel-Requena). Com a docent, ha sigut professora associada en el departament de fisioter\u00e0pia de la Universitat Internacional de Catalunya.\u00a0<\/p>\n\n\n\n<p>Aquesta xarrada ha sigut organitzada per les Escoles Infantils de Requena i Sant Antoni,obrint un cicle de xarrades i activitats que s&#8217;estan organitzant en aquest curs per als xiquets\/as i fam\u00edlies del municipi de Requena. Informa, <strong>Luis Ib\u00e1\u00f1ez<\/strong>.<\/p>\n","protected":false},"excerpt":{"rendered":"<div class=\"mh-excerpt\">Dem\u00e0 dijous, 23 de febrer, a les 18.00 hores, tindr\u00e0 lloc la xarrada per a fam\u00edlies &#8220;Malalties en les vies respirat\u00f2ries&#8221; de la m\u00e0 de l&#8217;especialista en atenci\u00f3 preco\u00e7 Sara Rodr\u00edguez. La xarrada tindr\u00e0 lloc <a class=\"mh-excerpt-more\" href=\"https:\/\/www.tucomarca.com\/wordpress\/segunda\/ca\/requena-acull-una-xarrada-sobre-malalties-en-les-vies-respiratories\/\" title=\"Requena acull una xarrada sobre malalties en les vies respirat\u00f2ries\">[+] <\/a><\/div>\n","protected":false},"author":1,"featured_media":178773,"comment_status":"open","ping_status":"open","sticky":false,"template":"","format":"standard","meta":{"footnotes":""},"categories":[11019,11010,10948,10894,10908,10909,10896],"tags":[11099,10910],"class_list":{"0":"post-178776","1":"post","2":"type-post","3":"status-publish","4":"format-standard","5":"has-post-thumbnail","7":"category-agenda-ca","8":"category-canal-salud","9":"category-infraestructuras-ca","10":"category-la-comarca-ca","11":"category-requena-ca","12":"category-requena-utiel-ca","13":"category-seccion-ca","14":"tag-requena-ca","15":"tag-requena-utiel-ca"},"_links":{"self":[{"href":"https:\/\/www.tucomarca.com\/wordpress\/segunda\/ca\/wp-json\/wp\/v2\/posts\/178776","targetHints":{"allow":["GET"]}}],"collection":[{"href":"https:\/\/www.tucomarca.com\/wordpress\/segunda\/ca\/wp-json\/wp\/v2\/posts"}],"about":[{"href":"https:\/\/www.tucomarca.com\/wordpress\/segunda\/ca\/wp-json\/wp\/v2\/types\/post"}],"author":[{"embeddable":true,"href":"https:\/\/www.tucomarca.com\/wordpress\/segunda\/ca\/wp-json\/wp\/v2\/users\/1"}],"replies":[{"embeddable":true,"href":"https:\/\/www.tucomarca.com\/wordpress\/segunda\/ca\/wp-json\/wp\/v2\/comments?post=178776"}],"version-history":[{"count":0,"href":"https:\/\/www.tucomarca.com\/wordpress\/segunda\/ca\/wp-json\/wp\/v2\/posts\/178776\/revisions"}],"wp:featuredmedia":[{"embeddable":true,"href":"https:\/\/www.tucomarca.com\/wordpress\/segunda\/ca\/wp-json\/wp\/v2\/media\/178773"}],"wp:attachment":[{"href":"https:\/\/www.tucomarca.com\/wordpress\/segunda\/ca\/wp-json\/wp\/v2\/media?parent=178776"}],"wp:term":[{"taxonomy":"category","embeddable":true,"href":"https:\/\/www.tucomarca.com\/wordpress\/segunda\/ca\/wp-json\/wp\/v2\/categories?post=178776"},{"taxonomy":"post_tag","embeddable":true,"href":"https:\/\/www.tucomarca.com\/wordpress\/segunda\/ca\/wp-json\/wp\/v2\/tags?post=178776"}],"curies":[{"name":"wp","href":"https:\/\/api.w.org\/{rel}","templated":true}]}}