{"id":178916,"date":"2023-02-22T18:00:00","date_gmt":"2023-02-22T17:00:00","guid":{"rendered":"https:\/\/www.tucomarca.com\/wordpress\/segunda\/?p=178916"},"modified":"2023-02-22T20:13:14","modified_gmt":"2023-02-22T19:13:14","slug":"els-barris-de-turis-exalta-a-la-seua-fallera-major-infantil-i-el-seu-president-en-un-inoblidable-acte","status":"publish","type":"post","link":"https:\/\/www.tucomarca.com\/wordpress\/segunda\/ca\/els-barris-de-turis-exalta-a-la-seua-fallera-major-infantil-i-el-seu-president-en-un-inoblidable-acte\/","title":{"rendered":"Els Barris de Tur\u00eds exalta a la seua Fallera Major Infantil i el seu president en un inoblidable acte"},"content":{"rendered":"\n<p>El teatre Ideal de Tur\u00eds ha acollit l&#8217;exaltaci\u00f3 de Gabriela Lashayas Blasco, al costat del President Infantil, \u00c1lex Infante Nogueroles, han gaudit de la presentaci\u00f3 en la qual han actuat com a presentadors, Neus Mart\u00edn Pil\u00e1n i Javier Navarro Corduente, i com a mantenidor Pablo Lashayas Blasco, germ\u00e0 de Gabriela.<\/p>\n\n\n\n<p>Despr\u00e9s de la gala de presentaci\u00f3, la comissi\u00f3 infantil de Els Barris al costat de convidats i familiars han pogut gaudir de la representaci\u00f3 de &#8220;Encant&#8221; on grans i xicotets s&#8217;han divertit amb aquesta particular adaptaci\u00f3 de la pel\u00b7l\u00edcula de Disney.<\/p>\n\n\n\n<figure class=\"wp-block-gallery has-nested-images columns-2 is-cropped wp-block-gallery-1 is-layout-flex wp-block-gallery-is-layout-flex\">\n<figure class=\"wp-block-image size-large\"><img loading=\"lazy\" decoding=\"async\" width=\"886\" height=\"508\" data-id=\"178908\" src=\"http:\/\/www.tucomarca.com\/wordpress\/segunda\/wp-content\/uploads\/2023\/02\/InfBarris02.jpg\" alt=\"\" class=\"wp-image-178908\" srcset=\"https:\/\/www.tucomarca.com\/wordpress\/segunda\/wp-content\/uploads\/2023\/02\/InfBarris02.jpg 886w, https:\/\/www.tucomarca.com\/wordpress\/segunda\/wp-content\/uploads\/2023\/02\/InfBarris02-300x172.jpg 300w, https:\/\/www.tucomarca.com\/wordpress\/segunda\/wp-content\/uploads\/2023\/02\/InfBarris02-768x440.jpg 768w\" sizes=\"auto, (max-width: 886px) 100vw, 886px\" \/><\/figure>\n\n\n\n<figure class=\"wp-block-image size-large\"><img loading=\"lazy\" decoding=\"async\" width=\"886\" height=\"543\" data-id=\"178906\" src=\"http:\/\/www.tucomarca.com\/wordpress\/segunda\/wp-content\/uploads\/2023\/02\/InfBarris01.jpg\" alt=\"\" class=\"wp-image-178906\" srcset=\"https:\/\/www.tucomarca.com\/wordpress\/segunda\/wp-content\/uploads\/2023\/02\/InfBarris01.jpg 886w, https:\/\/www.tucomarca.com\/wordpress\/segunda\/wp-content\/uploads\/2023\/02\/InfBarris01-300x184.jpg 300w, https:\/\/www.tucomarca.com\/wordpress\/segunda\/wp-content\/uploads\/2023\/02\/InfBarris01-768x471.jpg 768w\" sizes=\"auto, (max-width: 886px) 100vw, 886px\" \/><\/figure>\n\n\n\n<figure class=\"wp-block-image size-large\"><img loading=\"lazy\" decoding=\"async\" width=\"886\" height=\"500\" data-id=\"178914\" src=\"http:\/\/www.tucomarca.com\/wordpress\/segunda\/wp-content\/uploads\/2023\/02\/InfBarris04.jpg\" alt=\"\" class=\"wp-image-178914\" srcset=\"https:\/\/www.tucomarca.com\/wordpress\/segunda\/wp-content\/uploads\/2023\/02\/InfBarris04.jpg 886w, https:\/\/www.tucomarca.com\/wordpress\/segunda\/wp-content\/uploads\/2023\/02\/InfBarris04-300x169.jpg 300w, https:\/\/www.tucomarca.com\/wordpress\/segunda\/wp-content\/uploads\/2023\/02\/InfBarris04-768x433.jpg 768w\" sizes=\"auto, (max-width: 886px) 100vw, 886px\" \/><\/figure>\n\n\n\n<figure class=\"wp-block-image size-large\"><img loading=\"lazy\" decoding=\"async\" width=\"886\" height=\"547\" data-id=\"178910\" src=\"http:\/\/www.tucomarca.com\/wordpress\/segunda\/wp-content\/uploads\/2023\/02\/InfBarris03.jpg\" alt=\"\" class=\"wp-image-178910\" srcset=\"https:\/\/www.tucomarca.com\/wordpress\/segunda\/wp-content\/uploads\/2023\/02\/InfBarris03.jpg 886w, https:\/\/www.tucomarca.com\/wordpress\/segunda\/wp-content\/uploads\/2023\/02\/InfBarris03-300x185.jpg 300w, https:\/\/www.tucomarca.com\/wordpress\/segunda\/wp-content\/uploads\/2023\/02\/InfBarris03-768x474.jpg 768w\" sizes=\"auto, (max-width: 886px) 100vw, 886px\" \/><\/figure>\n<\/figure>\n","protected":false},"excerpt":{"rendered":"<div class=\"mh-excerpt\">El teatre Ideal de Tur\u00eds ha acollit l&#8217;exaltaci\u00f3 de Gabriela Lashayas Blasco, al costat del President Infantil, \u00c1lex Infante Nogueroles, han gaudit de la presentaci\u00f3 en la qual han actuat com a presentadors, Neus Mart\u00edn <a class=\"mh-excerpt-more\" href=\"https:\/\/www.tucomarca.com\/wordpress\/segunda\/ca\/els-barris-de-turis-exalta-a-la-seua-fallera-major-infantil-i-el-seu-president-en-un-inoblidable-acte\/\" title=\"Els Barris de Tur\u00eds exalta a la seua Fallera Major Infantil i el seu president en un inoblidable acte\">[+] <\/a><\/div>\n","protected":false},"author":12,"featured_media":178912,"comment_status":"open","ping_status":"open","sticky":false,"template":"","format":"gallery","meta":{"footnotes":""},"categories":[10894,10902,11004,11007,11008,10896,11047],"tags":[11712,17140,11356,11093],"class_list":{"0":"post-178916","1":"post","2":"type-post","3":"status-publish","4":"format-gallery","5":"has-post-thumbnail","7":"category-la-comarca-ca","8":"category-la-ribera-ca","9":"category-la-semana-en-imagenes-ca","10":"category-ocio-y-cultura-ca","11":"category-pueblos-en-fiestas-ca","12":"category-seccion-ca","13":"category-turis-ca","14":"tag-falla-els-barris-ca","15":"tag-fallas-2023-ca","16":"tag-ribera-alta-ca","17":"tag-turis-ca","18":"post_format-post-format-gallery"},"_links":{"self":[{"href":"https:\/\/www.tucomarca.com\/wordpress\/segunda\/ca\/wp-json\/wp\/v2\/posts\/178916","targetHints":{"allow":["GET"]}}],"collection":[{"href":"https:\/\/www.tucomarca.com\/wordpress\/segunda\/ca\/wp-json\/wp\/v2\/posts"}],"about":[{"href":"https:\/\/www.tucomarca.com\/wordpress\/segunda\/ca\/wp-json\/wp\/v2\/types\/post"}],"author":[{"embeddable":true,"href":"https:\/\/www.tucomarca.com\/wordpress\/segunda\/ca\/wp-json\/wp\/v2\/users\/12"}],"replies":[{"embeddable":true,"href":"https:\/\/www.tucomarca.com\/wordpress\/segunda\/ca\/wp-json\/wp\/v2\/comments?post=178916"}],"version-history":[{"count":0,"href":"https:\/\/www.tucomarca.com\/wordpress\/segunda\/ca\/wp-json\/wp\/v2\/posts\/178916\/revisions"}],"wp:featuredmedia":[{"embeddable":true,"href":"https:\/\/www.tucomarca.com\/wordpress\/segunda\/ca\/wp-json\/wp\/v2\/media\/178912"}],"wp:attachment":[{"href":"https:\/\/www.tucomarca.com\/wordpress\/segunda\/ca\/wp-json\/wp\/v2\/media?parent=178916"}],"wp:term":[{"taxonomy":"category","embeddable":true,"href":"https:\/\/www.tucomarca.com\/wordpress\/segunda\/ca\/wp-json\/wp\/v2\/categories?post=178916"},{"taxonomy":"post_tag","embeddable":true,"href":"https:\/\/www.tucomarca.com\/wordpress\/segunda\/ca\/wp-json\/wp\/v2\/tags?post=178916"}],"curies":[{"name":"wp","href":"https:\/\/api.w.org\/{rel}","templated":true}]}}