{"id":178958,"date":"2023-02-23T08:00:00","date_gmt":"2023-02-23T07:00:00","guid":{"rendered":"https:\/\/www.tucomarca.com\/wordpress\/segunda\/?p=178958"},"modified":"2023-02-23T11:41:05","modified_gmt":"2023-02-23T10:41:05","slug":"la-diputacio-completa-els-prop-els-prop-de-16-milions-deuros-assignats-a-requena-utiel-en-el-fons-de-cooperacio","status":"publish","type":"post","link":"https:\/\/www.tucomarca.com\/wordpress\/segunda\/ca\/la-diputacio-completa-els-prop-els-prop-de-16-milions-deuros-assignats-a-requena-utiel-en-el-fons-de-cooperacio\/","title":{"rendered":"La Diputaci\u00f3 completa els prop els prop de 1,6 milions d&#8217;euros assignats a Requena-Utiel en el Fons de Cooperaci\u00f3"},"content":{"rendered":"\n<h3 class=\"wp-block-heading\"><strong><strong>La corporaci\u00f3 provincial redu\u00efx l&#8217;assignaci\u00f3 als grans municipis per a augmentar la de la resta de pobles en esta segona entrega, que es transferir\u00e0 abans d&#8217;acabar el primer trimestre de l&#8217;any<\/strong><\/strong><\/h3>\n\n\n\n<h3 class=\"wp-block-heading\"><strong><strong>El ple de febrer va aprovar la transfer\u00e8ncia de 560.000 euros per als municipis de La Plana de Utiel-Requena<\/strong><\/strong><\/h3>\n\n\n\n<p>La Diputaci\u00f3 de Val\u00e8ncia transferir\u00e0 als ajuntaments de La Plana de Utiel-Requena la segona entrega del Fons de Cooperaci\u00f3 Municipal d&#8217;enguany abans de finalitzar el primer trimestre de 2023. Aix\u00ed, els municipis de Requena-Utiel rebran 560.000 euros, per a arribar als 1,6 milions d&#8217;assignaci\u00f3 global del pla.<\/p>\n\n\n\n<p>La Diputaci\u00f3 de Val\u00e8ncia va aprovar este dimarts en el ple de febrer un nou lliurament de 20 milions d&#8217;euros al Fons de Cooperaci\u00f3 Municipal, amb el qual completa l&#8217;aportaci\u00f3 de 60 milions que els ajuntaments poden destinar a inversi\u00f3 i despesa corrent. El repartiment d&#8217;estes ajudes presenta una novetat respecte al primer lliurament, i \u00e9s que en tractar-se d&#8217;una aportaci\u00f3 addicional de la Diputaci\u00f3, s\u2019aplica un criteri corrector que redu\u00efx l&#8217;assignaci\u00f3 als grans municipis en favor dels m\u00e9s xicotets.<\/p>\n\n\n\n<p>El diputat d&#8217;Hisenda, Vicent Mascarell, va instar la corporaci\u00f3 a \u201cno passar com a ordin\u00e0ries unes aportacions hist\u00f2riques que constitu\u00efxen la consolidaci\u00f3 d&#8217;un fet in\u00e8dit, tant per la quantia de les ajudes com per l&#8217;agilitat amb la qual la instituci\u00f3 les transferix als ajuntaments dels 266 municipis i les tres entitats locals menors de la prov\u00edncia\u201d. Tots els grups amb representaci\u00f3 provincial van votar a favor d&#8217;esta segona entrega amb la qual la Diputaci\u00f3 triplica l&#8217;assignaci\u00f3 del Consell al Fons de Cooperaci\u00f3 a la prov\u00edncia.<\/p>\n\n\n\n<p>Per comarques, l&#8217;Horta Sud rebr\u00e0 2.875.000 euros en este \u00faltim repartiment (nou milions en total); l&#8217;Horta Nord 2.587.000 (7,6 milions en total); la Ribera Alta 2.750.000 (7,8 milions en total); i la Safor disposar\u00e0 d&#8217;una mica m\u00e9s de dos milions d&#8217;euros, que sumats al primer lliurament superen els sis milions per als seus 31 municipis.<\/p>\n\n\n\n<p>A m\u00e9s, la Vall d&#8217;Albaida, amb 1.711.000 euros, i el Camp de T\u00faria, amb 1.657.000 euros, s&#8217;acosten als cinc milions cada comarca en l&#8217;aportaci\u00f3 provincial al Fons, mentre que els municipis de la Costera es repartiran 1.150.000 euros que eleven a m\u00e9s de tres milions i mig l&#8217;assignaci\u00f3 de la Diputaci\u00f3. Completen el repartiment la Ribera Baixa, amb 1.065.000 euros (tres milions en total); el Camp de Morvedre, amb 973.000 euros (prop de tres milions); La Serran\u00eda amb 750.000 euros (2,1 milions); la Hoya de Bu\u00f1ol-Chiva amb 675.000 euros (1,9 milions); Requena-Utiel amb 560.000 euros (1,6 milions); la Canal de Navarr\u00e9s amb 420.000 euros (1,2 milions); el Valle de Ayora-Cofrentes amb 320.000 euros (prop del mili\u00f3 d&#8217;euros en total); i el Rinc\u00f3n de Ademuz amb 218.000 euros i un total de 640.000 euros.<\/p>\n","protected":false},"excerpt":{"rendered":"<div class=\"mh-excerpt\">La corporaci\u00f3 provincial redu\u00efx l&#8217;assignaci\u00f3 als grans municipis per a augmentar la de la resta de pobles en esta segona entrega, que es transferir\u00e0 abans d&#8217;acabar el primer trimestre de l&#8217;any El ple de febrer <a class=\"mh-excerpt-more\" href=\"https:\/\/www.tucomarca.com\/wordpress\/segunda\/ca\/la-diputacio-completa-els-prop-els-prop-de-16-milions-deuros-assignats-a-requena-utiel-en-el-fons-de-cooperacio\/\" title=\"La Diputaci\u00f3 completa els prop els prop de 1,6 milions d&#8217;euros assignats a Requena-Utiel en el Fons de Cooperaci\u00f3\">[+] <\/a><\/div>\n","protected":false},"author":1,"featured_media":168356,"comment_status":"open","ping_status":"open","sticky":false,"template":"","format":"standard","meta":{"footnotes":""},"categories":[10898,10948,10894,10904,10947,10909,10896],"tags":[11246,10910],"class_list":{"0":"post-178958","1":"post","2":"type-post","3":"status-publish","4":"format-standard","5":"has-post-thumbnail","7":"category-ventana-ca","8":"category-infraestructuras-ca","9":"category-la-comarca-ca","10":"category-sin-categorizar-ca","11":"category-politica","12":"category-requena-utiel-ca","13":"category-seccion-ca","14":"tag-diputacio-de-valencia-ca","15":"tag-requena-utiel-ca"},"_links":{"self":[{"href":"https:\/\/www.tucomarca.com\/wordpress\/segunda\/ca\/wp-json\/wp\/v2\/posts\/178958","targetHints":{"allow":["GET"]}}],"collection":[{"href":"https:\/\/www.tucomarca.com\/wordpress\/segunda\/ca\/wp-json\/wp\/v2\/posts"}],"about":[{"href":"https:\/\/www.tucomarca.com\/wordpress\/segunda\/ca\/wp-json\/wp\/v2\/types\/post"}],"author":[{"embeddable":true,"href":"https:\/\/www.tucomarca.com\/wordpress\/segunda\/ca\/wp-json\/wp\/v2\/users\/1"}],"replies":[{"embeddable":true,"href":"https:\/\/www.tucomarca.com\/wordpress\/segunda\/ca\/wp-json\/wp\/v2\/comments?post=178958"}],"version-history":[{"count":0,"href":"https:\/\/www.tucomarca.com\/wordpress\/segunda\/ca\/wp-json\/wp\/v2\/posts\/178958\/revisions"}],"wp:featuredmedia":[{"embeddable":true,"href":"https:\/\/www.tucomarca.com\/wordpress\/segunda\/ca\/wp-json\/wp\/v2\/media\/168356"}],"wp:attachment":[{"href":"https:\/\/www.tucomarca.com\/wordpress\/segunda\/ca\/wp-json\/wp\/v2\/media?parent=178958"}],"wp:term":[{"taxonomy":"category","embeddable":true,"href":"https:\/\/www.tucomarca.com\/wordpress\/segunda\/ca\/wp-json\/wp\/v2\/categories?post=178958"},{"taxonomy":"post_tag","embeddable":true,"href":"https:\/\/www.tucomarca.com\/wordpress\/segunda\/ca\/wp-json\/wp\/v2\/tags?post=178958"}],"curies":[{"name":"wp","href":"https:\/\/api.w.org\/{rel}","templated":true}]}}