{"id":179214,"date":"2023-03-04T10:00:00","date_gmt":"2023-03-04T09:00:00","guid":{"rendered":"https:\/\/www.tucomarca.com\/wordpress\/segunda\/?p=179214"},"modified":"2023-03-04T11:14:22","modified_gmt":"2023-03-04T10:14:22","slug":"salvador-rodriguez-camps-el-bon-cirurgia-plastic-ha-de-tindre-talent-i-creativitat-sentit-de-lestetica-sentit-artistic-i-habilitat-manual","status":"publish","type":"post","link":"https:\/\/www.tucomarca.com\/wordpress\/segunda\/ca\/salvador-rodriguez-camps-el-bon-cirurgia-plastic-ha-de-tindre-talent-i-creativitat-sentit-de-lestetica-sentit-artistic-i-habilitat-manual\/","title":{"rendered":"Salvador Rodr\u00edguez Camps: \u201cEl bon cirurgi\u00e0 pl\u00e0stic ha de tindre talent i creativitat; sentit de l&#8217;est\u00e8tica, sentit art\u00edstic i habilitat manual\u201d"},"content":{"rendered":"\n<h3 class=\"wp-block-heading\"><strong>El prestigi\u00f3s i respectat cirurgi\u00e0 pl\u00e0stic Salvador Rodr\u00edguez-Camps acaba de publicar un llibre amb les seues t\u00e8cniques personals i aportacions a la cirurgia pl\u00e0stica durant les \u00faltimes quatre d\u00e8cades. Una obra de 536 p\u00e0gines que ha sigut editada per l&#8217;editorial moldava Eliva Press on l&#8217;autor recull les m\u00e9s destacades publicacions de les seues t\u00e8cniques personals, inclosa la seua tesi doctoral (Excel\u00b7lent Cum laude) durant el per\u00edode compr\u00e9s entre els anys 1980 i 2022.\u00a0<\/strong><\/h3>\n\n\n\n<p><strong>\u2014 El seu segon treball editorial: <em>Salvador Rodr\u00edguez-Camps. Les seues t\u00e8cniques personals en cirurgia pl\u00e0stica, est\u00e8tica i reconstructiva<\/em>, ja est\u00e0 a la venda.<\/strong><\/p>\n\n\n\n<p>\u2014 Efectivament el meu segon llibre despr\u00e9s de la meua tesi doctoral, que ja va ser publicada per la Universitat de Val\u00e8ncia en el seu moment, ja est\u00e0 a la venda.<\/p>\n\n\n\n<p><strong>\u2014 Com sorgeix la publicaci\u00f3 d&#8217;aquest llibre?<\/strong><\/p>\n\n\n\n<p>\u2014 B\u00e9, vaig rebre un correu electr\u00f2nic de l&#8217;editorial moldava Eliva Press que em va proposar fer un llibre basat en les meues publicacions. Aix\u00ed que despr\u00e9s d&#8217;assegurar-me dels detalls i que era una cosa seriosa, vaig decidir acceptar. Ells em van dir que el llibre hauria de contindre les meues t\u00e8cniques m\u00e9s divulgades en f\u00f2rums internacionals aix\u00ed com que no haurien de faltar les dues \u00faltimes publicacions que jo havia fet, cosa que significa que ja portaven fent-me un seguiment des de feia temps.<\/p>\n\n\n\n<p><strong>\u2014 \u00bfI com des de Mold\u00e0via t\u00e9 coneixement del seu treball?<\/strong><\/p>\n\n\n\n<p>\u2014 Els vaig preguntar perqu\u00e8 m&#8217;havien triat a mi i ells em van dir que em consideraven la persona adequada per a aquest llibre. \u00c9s una editorial molt jove i que vol obrir-se cam\u00ed amb gent que ja t\u00e9 un nom internacional. De fet, en ser internacional em van oferir la possibilitat de fer-ho en dos idiomes: espanyol o angl\u00e9s, encara que pense que tenint m\u00e9s de cinc-cents milions d&#8217;hispanoparlants havia de fer-ho en espanyol, el meu idioma. Les publicacions que tenia en angl\u00e9s les hem tradu\u00efdes a l&#8217;espanyol. Es tracta d&#8217;un llibre amb totes les meues t\u00e8cniques personals.<\/p>\n\n\n\n<p><strong>\u2014 \u00bf\u00c9s un llibre llavors destinat nom\u00e9s per a especialistes, per a professionals?<\/strong><\/p>\n\n\n\n<p>\u2014 S\u00ed, aix\u00ed \u00e9s. Aquesta editorial nom\u00e9s treballa amb llibres acad\u00e8mics i cient\u00edfics. Tot el que fa va destinat a la comunitat cient\u00edfica. I en el meu cas, aquest llibre va destinat a la comunitat de cirurgians pl\u00e0stics de tot el m\u00f3n. Encara que aix\u00f2 no \u00e9s obstacle perqu\u00e8 qualsevol curi\u00f3s que ho desitge puga comprar-ho tamb\u00e9, perqu\u00e8 fins i tot est\u00e0 disponible en Amazon.<\/p>\n\n\n\n<p><strong>\u2014 Estem parlant d&#8217;un llibre ni m\u00e9s ni menys que de 536 p\u00e0gines.<\/strong><\/p>\n\n\n\n<p>\u2014 S\u00ed, ha eixit un llibre molt dens. Per\u00f2 es pot llegir b\u00e9.<\/p>\n\n\n\n<p><strong>\u2014 A pesar que \u00e9s un llibre extens, m&#8217;imagine que no haur\u00e0 sigut gens f\u00e0cil seleccionar o resumir els continguts a incloure en ell, \u00bfveritat?<\/strong><\/p>\n\n\n\n<p>\u2014 Han sigut diversos mesos per a seleccionar el contingut. Em vaig quedar amb 26 articles i em van dir que em passava de nombre de p\u00e0gines, per la qual cosa vaig haver de retallar, amb el que aix\u00f2 suposa. \u00c9s tremendament dif\u00edcil llevar. Per\u00f2 encara aix\u00ed, ha sigut un treball realment bonic. Poder donar-li publicitat a totes les meues aportacions cient\u00edfiques \u00e9s tot un orgull per a mi. He de recalcar que aix\u00f2 no \u00e9s una cosa que haja eixit de mi, no \u00e9s una cosa que jo haja decidit fer per vanitat, no. Repetisc que \u00e9s l&#8217;editorial la que m&#8217;ha demanat aquest llibre i jo no he pagat absolutament res per ell.\u00a0<\/p>\n\n\n\n<p><strong>\u2014 De totes les t\u00e8cniques recollides en el llibre, \u00bfhi ha alguna de la qual se sent m\u00e9s orgull\u00f3s o a la qual li t\u00e9 un especial afecte?<\/strong><\/p>\n\n\n\n<p>\u2014 B\u00e9, el llibre est\u00e0 fet de manera cronol\u00f2gica, des de la primera t\u00e8cnica que vaig publicar, ja fa molt temps, a la fi de 1988, per la qual cosa estan recollides per ordre cronol\u00f2gic. I a la qual m\u00e9s afecte li tinc i m\u00e9s repercussi\u00f3 ha tingut a nivell mundial potser \u00e9s la meua t\u00e8cnica de resecci\u00f3 total dels cart\u00edlags alars i f\u00e0scia temporal per a puntes nasals extremadament dif\u00edcils, que va constituir a m\u00e9s la meua tesi doctoral. Una tesi amb la qual vaig aconseguir un excel\u00b7lent Cum Laude, per cert. Aquesta seria la meua t\u00e8cnica no s\u00e9 si m\u00e9s volguda, per\u00f2 si la que m\u00e9s repercussi\u00f3 internacional ha tingut.\u00a0<\/p>\n\n\n\n<p><strong>\u2014 Vost\u00e9 va estudiar, a m\u00e9s de Medicina, Belles arts. \u00bfUn cirurgi\u00e0 pl\u00e0stic est\u00e0 m\u00e9s prop de les arts que de la ci\u00e8ncia?<\/strong><\/p>\n\n\n\n<p>\u2014 S\u00ed, vaig estudiar Belles arts; i s\u00ed, em sent m\u00e9s prop de l&#8217;art que de la ci\u00e8ncia. Pense que per a ser cirurgi\u00e0 pl\u00e0stic si no tens una mica d&#8217;artista no podr\u00e0s anar molt lluny. Fa falta la formaci\u00f3 en Arts Pl\u00e0stiques dels cirurgians pl\u00e0stics. De manera que si per mi fora no hi hauria cap cirurgi\u00e0 pl\u00e0stic que no sabera dibuixar o modelar perfectament. Aix\u00f2 \u00e9s el m\u00ednim que se li pot exigir a un bon cirurgi\u00e0 pl\u00e0stic. Un cirurgi\u00e0 pl\u00e0stic no pot ser un tipus solament m\u00e9s o menys brillant a nivell acad\u00e8mic.\u00a0<\/p>\n\n\n\n<p><strong>\u2014 Qualsevol pot ser pintor, per\u00f2 no tothom pot ser un bon pintor. Fa falta tamb\u00e9 talent, \u00bfno?\u00a0<\/strong><\/p>\n\n\n\n<p>\u2014 Total i absolutament d&#8217;acord. El bon cirurgi\u00e0 pl\u00e0stic ha de tindre talent i creativitat; sentit de l&#8217;est\u00e8tica, sentit art\u00edstic i habilitat manual. Aix\u00f2 \u00e9s fonamental, el que no ho tinga ha de dedicar-se a altres parts de la medicina. Podr\u00e0 ser un gran cirurgi\u00e0, per\u00f2 no un gran cirurgi\u00e0 pl\u00e0stic. I per descomptat molta faena. Per exemple, l&#8217;estudi previ de cada cas, que jo faig sistem\u00e0ticament, tamb\u00e9 \u00e9s fonamental per al desenvolupament d&#8217;aquest treball.<\/p>\n\n\n\n<p><strong>\u2014 \u00bfAix\u00f2 queda patent en el llibre?<\/strong><\/p>\n\n\n\n<p>\u2014 S\u00ed, de fet ho dic aix\u00ed en el propi llibre. Perqu\u00e8 clar, en l&#8217;escarida biografia que em demanen no es pot desenvolupar tot, per\u00f2 crec que estudiar Belles arts \u00e9s fonamental per a un cirurgi\u00e0 pl\u00e0stic.<\/p>\n\n\n\n<p><strong>\u2014 Quaranta anys de treball i 35.000 intervencions quir\u00fargiques: la seua experi\u00e8ncia \u00e9s demolidora, tota una vida sencera dedicada a la cirurgia pl\u00e0stica. Una persona amb la seua traject\u00f2ria, \u00bfqu\u00e8 li diria per a motivar a aquell cirurgi\u00e0 o cirurgiana que ara mateix estiga iniciant la seua carrera?<\/strong><\/p>\n\n\n\n<p>\u2014 Els diria que l&#8217;experi\u00e8ncia s&#8217;aconsegueix amb treball i amb temps. \u00c9s a dir, es pot ser jove i expert, per\u00f2 el normal \u00e9s ser jove i inexpert. \u00bfCom s&#8217;aconsegueix la bona formaci\u00f3?, movent-te, llegint, viatjant, estudiant\u2026 veient als grans mestres, com he fet jo que pr\u00e0cticament m&#8217;he recorregut tothom des que soc cirurgi\u00e0 pl\u00e0stic, amb pocs mitjans i pagant-m&#8217;ho de la meua butxaca, amb la sort que tots aquests grans mestres no m&#8217;ha cobrat per una estada amb ells. A tots els grans mestres que hi havia en la meua \u00e8poca quan vaig comen\u00e7ar, a poc a poc he anat a visitar-los. I els diria als joves que potser el seu mestre el tenen molt a la vora, que tampoc t\u00e9 per qu\u00e8 estar a Am\u00e8rica del Sud o als Estats Units. Potser ho tenen ac\u00ed a Espanya. Jo soc una persona oberta a tots els que vulguen aprendre, mai he cobrat res per aix\u00f2 i a tots els ensenye absolutament tot. S\u00e9 que hi ha coses que al qual ve a aprendre se li poden escapar i jo tinc l&#8217;h\u00e0bit de ficar-los al cap aqueix micro detalle. En definitiva, a un amb el t\u00edtol no li basta per a comen\u00e7ar a treballar per si sol; sin\u00f3 que ha d&#8217;aprendre a treballar amb l&#8217;escrit, amb el publicat i especialment a presenciar cirurgia en viu: aix\u00f2 \u00e9s el m\u00e9s important del m\u00f3n.<\/p>\n\n\n\n<p><strong>\u2014 La pr\u00e0ctica fa mestres.<\/strong><\/p>\n\n\n\n<p>\u2014 S\u00ed, s\u00ed, \u00e9s que a vegades en una publicaci\u00f3 s&#8217;ometen detalls, que no \u00e9s el meu cas, perqu\u00e8 totes les meues publicacions estan fetes com per a xiquets, perqu\u00e8 les entenga tothom i tothom comprenga els m\u00e9s m\u00ednims detalls. Perqu\u00e8 si publiques ha de resultar \u00fatil aqueixa publicaci\u00f3, perqu\u00e8 uns altres puguen fer-la igual o secundar-se en ella per a arribar a l&#8217;objectiu que es proposen. Aquesta ha sigut sempre la meua filosofia: ensenyar-ho absolutament tot. M&#8217;agrada publicar sempre molt honestament i aix\u00f2 se m&#8217;ha reconegut. Aix\u00f2 \u00e9s igual d&#8217;important que veure cirurgia en viu.<\/p>\n\n\n\n<p><strong>\u2014 Tornant al contingut del seu llibre, \u00e9s un treball secundat per molta imatge gr\u00e0fica.<\/strong><\/p>\n\n\n\n<p>\u2014 S\u00ed, cont\u00e9 moltes fotografies i moltes imatges. Si ja una imatge val m\u00e9s que mil paraules, en cirurgia pl\u00e0stica ho \u00e9s tot. Hi ha, per exemple, molta fotografia reconstructiva a causa de c\u00e0ncers o per altres malalties.<\/p>\n\n\n\n<p><strong>\u2014 Per aix\u00f2 li volia preguntar tamb\u00e9. Molta gent pensen en un cirurgi\u00e0 pl\u00e0stic com alg\u00fa que es dedica a millorar l&#8217;est\u00e8tica de les persones per\u00f2 s&#8217;oblida una mica la faceta reconstructiva del cirurgi\u00e0 pl\u00e0stic de les persones que han patit unes certes malalties que li poden haver perjudicat en la seua imatge, \u00bfno cree?<\/strong><\/p>\n\n\n\n<p>\u2014 S\u00ed, per descomptat, el nostre treball en el camp de la reconstrucci\u00f3 \u00e9s molt necessari per a moltes persones per les seues malalties.<\/p>\n\n\n\n<p><strong>\u2014 I per a acabar, \u00bfha rebut ja algun comentari per part de col\u00b7legues despr\u00e9s de la publicaci\u00f3 del seu llibre?<\/strong><\/p>\n\n\n\n<p>\u2014 B\u00e9, \u00e9s un llibre escrit en espanyol per a tothom. S\u00e9 que hi ha molta gent en el m\u00f3n anglosax\u00f3 que s\u00f3n capa\u00e7os de traduir-ho o interpretar-ho en espanyol o que segur que ho parlen. La llengua anglesa \u00e9s la cient\u00edfica per excel\u00b7l\u00e8ncia, per\u00f2 com m&#8217;han donat a a triar he preferit la meua. Crec que \u00e9s un llibre que a poc a poc s&#8217;anir\u00e0 movent i s&#8217;anir\u00e0 comentant. De fet s\u00ed, ja he rebut des d&#8217;Espanya, des de Barcelona i des de Madrid, comentaris que em deien que els semblava molt interessant o que m&#8217;escrivien per a comentar algun detall concret. Crec que la difusi\u00f3 va ser molt gran entre la comunitat cient\u00edfica i tamb\u00e9 entre algun curi\u00f3s.<\/p>\n\n\n\n<p>Redacci\u00f3n: <strong>Miguel \u00c1ngel Pall\u00e1s<\/strong><\/p>\n","protected":false},"excerpt":{"rendered":"<div class=\"mh-excerpt\">El prestigi\u00f3s i respectat cirurgi\u00e0 pl\u00e0stic Salvador Rodr\u00edguez-Camps acaba de publicar un llibre amb les seues t\u00e8cniques personals i aportacions a la cirurgia pl\u00e0stica durant les \u00faltimes quatre d\u00e8cades. Una obra de 536 p\u00e0gines que <a class=\"mh-excerpt-more\" href=\"https:\/\/www.tucomarca.com\/wordpress\/segunda\/ca\/salvador-rodriguez-camps-el-bon-cirurgia-plastic-ha-de-tindre-talent-i-creativitat-sentit-de-lestetica-sentit-artistic-i-habilitat-manual\/\" title=\"Salvador Rodr\u00edguez Camps: \u201cEl bon cirurgi\u00e0 pl\u00e0stic ha de tindre talent i creativitat; sentit de l&#8217;est\u00e8tica, sentit art\u00edstic i habilitat manual\u201d\">[+] <\/a><\/div>\n","protected":false},"author":1,"featured_media":179212,"comment_status":"open","ping_status":"open","sticky":false,"template":"","format":"standard","meta":{"footnotes":""},"categories":[10911,10894,10904,10912,11007,10896],"tags":[10913,10914,15657,18856],"class_list":{"0":"post-179214","1":"post","2":"type-post","3":"status-publish","4":"format-standard","5":"has-post-thumbnail","7":"category-bunol-ca","8":"category-la-comarca-ca","9":"category-sin-categorizar-ca","10":"category-la-hoya-ca","11":"category-ocio-y-cultura-ca","12":"category-seccion-ca","13":"tag-bunol-ca","14":"tag-la-hoya-de-bunol-chiva-ca","15":"tag-libro-ca","16":"tag-salvador-rodriguez-camps-ca"},"_links":{"self":[{"href":"https:\/\/www.tucomarca.com\/wordpress\/segunda\/ca\/wp-json\/wp\/v2\/posts\/179214","targetHints":{"allow":["GET"]}}],"collection":[{"href":"https:\/\/www.tucomarca.com\/wordpress\/segunda\/ca\/wp-json\/wp\/v2\/posts"}],"about":[{"href":"https:\/\/www.tucomarca.com\/wordpress\/segunda\/ca\/wp-json\/wp\/v2\/types\/post"}],"author":[{"embeddable":true,"href":"https:\/\/www.tucomarca.com\/wordpress\/segunda\/ca\/wp-json\/wp\/v2\/users\/1"}],"replies":[{"embeddable":true,"href":"https:\/\/www.tucomarca.com\/wordpress\/segunda\/ca\/wp-json\/wp\/v2\/comments?post=179214"}],"version-history":[{"count":0,"href":"https:\/\/www.tucomarca.com\/wordpress\/segunda\/ca\/wp-json\/wp\/v2\/posts\/179214\/revisions"}],"wp:featuredmedia":[{"embeddable":true,"href":"https:\/\/www.tucomarca.com\/wordpress\/segunda\/ca\/wp-json\/wp\/v2\/media\/179212"}],"wp:attachment":[{"href":"https:\/\/www.tucomarca.com\/wordpress\/segunda\/ca\/wp-json\/wp\/v2\/media?parent=179214"}],"wp:term":[{"taxonomy":"category","embeddable":true,"href":"https:\/\/www.tucomarca.com\/wordpress\/segunda\/ca\/wp-json\/wp\/v2\/categories?post=179214"},{"taxonomy":"post_tag","embeddable":true,"href":"https:\/\/www.tucomarca.com\/wordpress\/segunda\/ca\/wp-json\/wp\/v2\/tags?post=179214"}],"curies":[{"name":"wp","href":"https:\/\/api.w.org\/{rel}","templated":true}]}}