{"id":179261,"date":"2023-02-26T17:00:00","date_gmt":"2023-02-26T16:00:00","guid":{"rendered":"https:\/\/www.tucomarca.com\/wordpress\/segunda\/?p=179261"},"modified":"2023-02-28T12:41:40","modified_gmt":"2023-02-28T11:41:40","slug":"riba-roja-estendra-la-banda-ampla-de-molt-alta-velocitat-a-66-nuclis-del-terme-municipal-sense-cobertura-actual-ni-prevista-per-als-proxims-anys","status":"publish","type":"post","link":"https:\/\/www.tucomarca.com\/wordpress\/segunda\/ca\/riba-roja-estendra-la-banda-ampla-de-molt-alta-velocitat-a-66-nuclis-del-terme-municipal-sense-cobertura-actual-ni-prevista-per-als-proxims-anys\/","title":{"rendered":"Riba-roja estendr\u00e0 la banda ampla de molt alta velocitat a 66 nuclis del terme municipal sense cobertura actual ni prevista per als pr\u00f2xims anys"},"content":{"rendered":"\n<h4 class=\"wp-block-heading\">El Ministeri d&#8217;Assumptes Econ\u00f2mics i Transformaci\u00f3 Digital ha publicat el nombre d&#8217;\u00e0rees que resultaran beneficiades en cada municipi amb la posada en marxa d&#8217;aquesta iniciativa europea&nbsp;<\/h4>\n\n\n\n<p>El Ministeri d&#8217;Assumptes Econ\u00f2mics i Transformaci\u00f3 Digital ha publicat el llistat de les zones que resultaran beneficiades amb l&#8217;extensi\u00f3 de la banda ampla de molt alta velocitat en cadascun dels municipis d&#8217;Espanya. La iniciativa del ministeri s&#8217;inclou en el Pla de Recuperaci\u00f3, Transformaci\u00f3 i Resili\u00e8ncia del govern finan\u00e7at amb els denominats fons europeus Next Generation.&nbsp;<\/p>\n\n\n\n<p>L&#8217;impuls d&#8217;aquest projecte respon a l&#8217;objectiu d&#8217;estendre les noves tecnologies a cadascun dels racons de tota Espanya, especialment en aquelles localitats amb majors dificultats de connexi\u00f3, aix\u00ed com aquells llocs dins de cada localitat amb m\u00e9s problemes a l&#8217;hora d&#8217;utilitzar les noves tecnologies. En el cas de la Comunitat Valenciana \u00e9s la Conselleria d&#8217;Innovaci\u00f3, Universitats, Ci\u00e8ncia i Societat Digital l&#8217;encarregada de promoure la iniciativa.&nbsp;<\/p>\n\n\n\n<p>El Ministeri d&#8217;Assumptes Econ\u00f2mics i Transformaci\u00f3 Digital ha previst que en el cas de Riba-roja de T\u00faria s&#8217;estendr\u00e0 la cobertura a un total de 66 nuclis poblacionals en els quals, actualment, existeixen problemes per als seus ve\u00efns a l&#8217;hora de connectar-se a les noves tecnologies. D&#8217;aquesta manera, amb la posada en marxa d&#8217;aquest pla tots els ve\u00efns de Riba-roja de T\u00faria tindran les mateixes oportunitats i acc\u00e9s a la informaci\u00f3 p\u00fablica.&nbsp;<\/p>\n\n\n\n<p>D&#8217;aquesta manera, el projecte del ministeri est\u00e0 previst que es puga dur a terme sobre els 66 nuclis del terme municipal que estan qualificats, t\u00e8cnicament, com a \u201czones blanques\u201d en les quals, actualment, no existeix cobertura ni tampoc est\u00e0 prevista en els pr\u00f2xims anys. Per tant, amb aquest projecte finan\u00e7at per la Uni\u00f3 Europea es permetr\u00e0 una cobertura en totes les zones del terme municipal a una molt alta velocitat.&nbsp;<\/p>\n\n\n\n<p>El programa d&#8217;extensi\u00f3 de la banda ampla de nova generaci\u00f3 est\u00e0 cofinan\u00e7at amb el Fons Europeu de Desenvolupament Regional (Feder) que permetr\u00e0 millorar la funcionalitat i la qualitat dels serveis digitals necessaris per a la transformaci\u00f3 digital i, d&#8217;aquesta manera, augmentar el benestar i la qualitat de vida dels ciutadans, amb l&#8217;\u00e0nim de contribuir a l&#8217;\u00e8xit d&#8217;un model de creixement sostenible a trav\u00e9s del qual estan consolidades les societats actuals modernes.&nbsp;<\/p>\n\n\n\n<p>Aquest programa tecnol\u00f2gic t\u00e9 una assignaci\u00f3 pr\u00f2xima als 25 milions d&#8217;euros per al per\u00edode compr\u00e9s entre 2022 i 2025, que permetran proporcionar els serveis de banda ampla a 67.561 habitatges que es distribueixen, al seu torn, en els 479 municipis valencians previstos. En el cas de la prov\u00edncia de Val\u00e8ncia, est\u00e0 previst dur a terme aquesta iniciativa mitjan\u00e7ant 20.374 actuacions en unitats immobili\u00e0ries amb els 7 milions d&#8217;euros en total assignats.<\/p>\n\n\n\n<p>A m\u00e9s, l&#8217;Ajuntament de Riba-roja de T\u00faria ha assignat una partida en els comptes econ\u00f2mics d&#8217;aquest any 2023 amb un total de 25.000 euros destinat a eliminar la bretxa digital entre els propis ve\u00efns i barris del terme municipal. El pressupost d&#8217;aquest any 2023 preveu una altra partida econ\u00f2mica de fins a 157.000 euros destinada a la digitalitzaci\u00f3 de l&#8217;administraci\u00f3 que pret\u00e9n agilitzar el proc\u00e9s administratiu en tota la seua extensi\u00f3.&nbsp;<\/p>\n\n\n\n<p>L&#8217;alcalde de Riba-roja de T\u00faria, Robert Raga, ha subratllat el car\u00e0cter \u201cdemocratitzador\u201d de la iniciativa finan\u00e7ada amb els fons europeus \u201cper a poder estendre les noves tecnologies de la denominada societat de la Informaci\u00f3 a tots els racons del nostre terme municipal ja que es tracta d&#8217;un dret fonamental per als nostres ciutadans que permetr\u00e0 a qualsevol persona poder connectar-se a la xarxa sense problemes i a una velocitat alta\u201d.<\/p>\n\n\n\n<p><\/p>\n","protected":false},"excerpt":{"rendered":"<div class=\"mh-excerpt\">El Ministeri d&#8217;Assumptes Econ\u00f2mics i Transformaci\u00f3 Digital ha publicat el nombre d&#8217;\u00e0rees que resultaran beneficiades en cada municipi amb la posada en marxa d&#8217;aquesta iniciativa europea&nbsp; El Ministeri d&#8217;Assumptes Econ\u00f2mics i Transformaci\u00f3 Digital ha publicat <a class=\"mh-excerpt-more\" href=\"https:\/\/www.tucomarca.com\/wordpress\/segunda\/ca\/riba-roja-estendra-la-banda-ampla-de-molt-alta-velocitat-a-66-nuclis-del-terme-municipal-sense-cobertura-actual-ni-prevista-per-als-proxims-anys\/\" title=\"Riba-roja estendr\u00e0 la banda ampla de molt alta velocitat a 66 nuclis del terme municipal sense cobertura actual ni prevista per als pr\u00f2xims anys\">[+] <\/a><\/div>\n","protected":false},"author":12,"featured_media":179260,"comment_status":"open","ping_status":"open","sticky":false,"template":"","format":"standard","meta":{"footnotes":""},"categories":[10892,10948,10894,10947,10906,10896],"tags":[18859,10899,15024],"class_list":{"0":"post-179261","1":"post","2":"type-post","3":"status-publish","4":"format-standard","5":"has-post-thumbnail","7":"category-camp-de-turia-ca","8":"category-infraestructuras-ca","9":"category-la-comarca-ca","10":"category-politica","11":"category-riba-roja-ca","12":"category-seccion-ca","13":"tag-banda-ancha-ca","14":"tag-camp-de-turia-ca","15":"tag-riba-roja-de-turia-ca"},"_links":{"self":[{"href":"https:\/\/www.tucomarca.com\/wordpress\/segunda\/ca\/wp-json\/wp\/v2\/posts\/179261","targetHints":{"allow":["GET"]}}],"collection":[{"href":"https:\/\/www.tucomarca.com\/wordpress\/segunda\/ca\/wp-json\/wp\/v2\/posts"}],"about":[{"href":"https:\/\/www.tucomarca.com\/wordpress\/segunda\/ca\/wp-json\/wp\/v2\/types\/post"}],"author":[{"embeddable":true,"href":"https:\/\/www.tucomarca.com\/wordpress\/segunda\/ca\/wp-json\/wp\/v2\/users\/12"}],"replies":[{"embeddable":true,"href":"https:\/\/www.tucomarca.com\/wordpress\/segunda\/ca\/wp-json\/wp\/v2\/comments?post=179261"}],"version-history":[{"count":0,"href":"https:\/\/www.tucomarca.com\/wordpress\/segunda\/ca\/wp-json\/wp\/v2\/posts\/179261\/revisions"}],"wp:featuredmedia":[{"embeddable":true,"href":"https:\/\/www.tucomarca.com\/wordpress\/segunda\/ca\/wp-json\/wp\/v2\/media\/179260"}],"wp:attachment":[{"href":"https:\/\/www.tucomarca.com\/wordpress\/segunda\/ca\/wp-json\/wp\/v2\/media?parent=179261"}],"wp:term":[{"taxonomy":"category","embeddable":true,"href":"https:\/\/www.tucomarca.com\/wordpress\/segunda\/ca\/wp-json\/wp\/v2\/categories?post=179261"},{"taxonomy":"post_tag","embeddable":true,"href":"https:\/\/www.tucomarca.com\/wordpress\/segunda\/ca\/wp-json\/wp\/v2\/tags?post=179261"}],"curies":[{"name":"wp","href":"https:\/\/api.w.org\/{rel}","templated":true}]}}