{"id":179292,"date":"2023-02-28T11:00:00","date_gmt":"2023-02-28T10:00:00","guid":{"rendered":"https:\/\/www.tucomarca.com\/wordpress\/segunda\/?p=179292"},"modified":"2023-02-28T12:34:47","modified_gmt":"2023-02-28T11:34:47","slug":"el-valuos-empat-del-cd-bunyol-contra-la-ue-lalcudia-1-1-li-mante-en-la-lluita-pels-llocs-de-promocio","status":"publish","type":"post","link":"https:\/\/www.tucomarca.com\/wordpress\/segunda\/ca\/el-valuos-empat-del-cd-bunyol-contra-la-ue-lalcudia-1-1-li-mante-en-la-lluita-pels-llocs-de-promocio\/","title":{"rendered":"El \u00e8pic empat del CD Bunyol contra la UE l&#8217;Alc\u00fadia (1-1) li mant\u00e9 en la lluita pels llocs de promoci\u00f3"},"content":{"rendered":"\n<h3 class=\"wp-block-heading\">Els blancs juguen aquest dimarts el partit ajornat contra el Mislata CF.<\/h3>\n\n\n\n<p>L&#8217;\u00e8pic empat collit pel CD Bunyol a domicili enfront de la UE l&#8217;Alc\u00fadia (1-1) li permet a l&#8217;equip blanc seguir en la lluita pels llocs que donen dret a jugar la promoci\u00f3 d&#8217;ascens a Tercera Divisi\u00f3 en el grup segon de la Regional Preferent. <\/p>\n\n\n\n<p>Els de La Foia es van avan\u00e7ar en el marcador per mediaci\u00f3 de Yasinne en el minut 76; un equip que s&#8217;havia quedat amb deu jugadors per expulsi\u00f3 de Santi Arrachea en el minut 29; a m\u00e9s de patir un penal en contra i dues expulsions del cos t\u00e8cnic. <\/p>\n\n\n\n<p>No obstant aix\u00f2 els locals van impedir la maxada dels de La Foia en fer valdre el factor camp i aconseguir un valuos\u00edssim empat per a les seues aspiracions pr\u00e0cticament sobre el xiulet final, concretament en el minut 86. <\/p>\n\n\n\n<p><strong>Partit endarrerit contra el Mislata CF <\/strong><\/p>\n\n\n\n<p>El CD Bunyol es despla\u00e7a a m\u00e9s aquest dimarts fins al camp municipal El Canal\u00f3 per a jugar a partir de les 20,30 hores el partit ajornat contra el Mislata CF. <\/p>\n\n\n\n<p>Ja que cal recordar que el CD Bunyol est\u00e0 situat en el lloc sis\u00e9 de la taula amb 43 punts encara que compte, fins al moment, amb un partit jugat menys que els seus m\u00e9s immediats rivals: la UE l&#8217;Alc\u00fadia, que compta amb 44 punts; el Manises CF amb 45; el Recanvis Col\u00f3n amb 48 i el Paiporta amb 50.<\/p>\n","protected":false},"excerpt":{"rendered":"<div class=\"mh-excerpt\">Els blancs juguen aquest dimarts el partit ajornat contra el Mislata CF. L&#8217;\u00e8pic empat collit pel CD Bunyol a domicili enfront de la UE l&#8217;Alc\u00fadia (1-1) li permet a l&#8217;equip blanc seguir en la lluita <a class=\"mh-excerpt-more\" href=\"https:\/\/www.tucomarca.com\/wordpress\/segunda\/ca\/el-valuos-empat-del-cd-bunyol-contra-la-ue-lalcudia-1-1-li-mante-en-la-lluita-pels-llocs-de-promocio\/\" title=\"El \u00e8pic empat del CD Bunyol contra la UE l&#8217;Alc\u00fadia (1-1) li mant\u00e9 en la lluita pels llocs de promoci\u00f3\">[+] <\/a><\/div>\n","protected":false},"author":1,"featured_media":179284,"comment_status":"open","ping_status":"open","sticky":false,"template":"","format":"standard","meta":{"footnotes":""},"categories":[10911,11015,11003,10894,10912,10896],"tags":[10913,11126,11074,11075,10914],"class_list":{"0":"post-179292","1":"post","2":"type-post","3":"status-publish","4":"format-standard","5":"has-post-thumbnail","7":"category-bunol-ca","8":"category-canal-futbol","9":"category-sports","10":"category-la-comarca-ca","11":"category-la-hoya-ca","12":"category-seccion-ca","13":"tag-bunol-ca","14":"tag-cd-bunol-ca","15":"tag-deportes-ca","16":"tag-futbol-ca","17":"tag-la-hoya-de-bunol-chiva-ca"},"_links":{"self":[{"href":"https:\/\/www.tucomarca.com\/wordpress\/segunda\/ca\/wp-json\/wp\/v2\/posts\/179292","targetHints":{"allow":["GET"]}}],"collection":[{"href":"https:\/\/www.tucomarca.com\/wordpress\/segunda\/ca\/wp-json\/wp\/v2\/posts"}],"about":[{"href":"https:\/\/www.tucomarca.com\/wordpress\/segunda\/ca\/wp-json\/wp\/v2\/types\/post"}],"author":[{"embeddable":true,"href":"https:\/\/www.tucomarca.com\/wordpress\/segunda\/ca\/wp-json\/wp\/v2\/users\/1"}],"replies":[{"embeddable":true,"href":"https:\/\/www.tucomarca.com\/wordpress\/segunda\/ca\/wp-json\/wp\/v2\/comments?post=179292"}],"version-history":[{"count":0,"href":"https:\/\/www.tucomarca.com\/wordpress\/segunda\/ca\/wp-json\/wp\/v2\/posts\/179292\/revisions"}],"wp:featuredmedia":[{"embeddable":true,"href":"https:\/\/www.tucomarca.com\/wordpress\/segunda\/ca\/wp-json\/wp\/v2\/media\/179284"}],"wp:attachment":[{"href":"https:\/\/www.tucomarca.com\/wordpress\/segunda\/ca\/wp-json\/wp\/v2\/media?parent=179292"}],"wp:term":[{"taxonomy":"category","embeddable":true,"href":"https:\/\/www.tucomarca.com\/wordpress\/segunda\/ca\/wp-json\/wp\/v2\/categories?post=179292"},{"taxonomy":"post_tag","embeddable":true,"href":"https:\/\/www.tucomarca.com\/wordpress\/segunda\/ca\/wp-json\/wp\/v2\/tags?post=179292"}],"curies":[{"name":"wp","href":"https:\/\/api.w.org\/{rel}","templated":true}]}}