{"id":179318,"date":"2023-02-28T18:00:00","date_gmt":"2023-02-28T17:00:00","guid":{"rendered":"https:\/\/www.tucomarca.com\/wordpress\/segunda\/?p=179318"},"modified":"2023-02-28T19:10:42","modified_gmt":"2023-02-28T18:10:42","slug":"la-diputacio-inicia-lultima-fase-del-projecte-de-desdoblament-de-la-carretera-entre-manises-i-riba-roja","status":"publish","type":"post","link":"https:\/\/www.tucomarca.com\/wordpress\/segunda\/ca\/la-diputacio-inicia-lultima-fase-del-projecte-de-desdoblament-de-la-carretera-entre-manises-i-riba-roja\/","title":{"rendered":"La Diputaci\u00f3 inicia l&#8217;\u00faltima fase del projecte de desdoblament de la carretera entre Manises i Riba-roja"},"content":{"rendered":"\n<h3 class=\"wp-block-heading\"><strong><strong>L&#8217;\u00e0rea de Carreteres publica la licitaci\u00f3 de les obres de la quarta fase de la denominada <em>Via parc del T\u00faria<\/em>, el termini de presentaci\u00f3 del qual d&#8217;ofertes finalitza el 5 d&#8217;abril<\/strong><\/strong><\/h3>\n\n\n\n<h3 class=\"wp-block-heading\"><strong><strong>El pressupost destinat per a esta actuaci\u00f3 supera els 12,5 milions d&#8217;euros, amb un per\u00edode d&#8217;execuci\u00f3 estimat de 18 mesos<\/strong><\/strong><\/h3>\n\n\n\n<p>La Diputaci\u00f3 de Val\u00e8ncia ha donat inici este dimarts a la quarta i \u00faltima fase de les obres del projecte denominat <em>Via parc del T\u00faria. Manises \u2013 Riba-roja<\/em>, que consistix en el desdoblament del tram de la carretera CV-370 que transcorre entre els municipis de Manises i Riba- Roja de T\u00faria. L&#8217;\u00e0rea de Carreteres que dirigix Rafa Garc\u00eda ha publicat la licitaci\u00f3 de les obres, el termini de presentaci\u00f3 de les quals d&#8217;ofertes s&#8217;est\u00e9n fins al pr\u00f2xim 5 d&#8217;abril.<\/p>\n\n\n\n<p>El tram de la CV-370 compr\u00e9s entre les poblacions de Manises i Riba-roja de T\u00faria, s&#8217;ha caracteritzat per la seua elevada intensitat de tr\u00e0nsit, superior als 21.000 vehicles diaris, i per la seua alta accidentalitat. Per aix\u00f2, des de la Diputaci\u00f3 de Val\u00e8ncia es va decidir posar en marxa el projecte <em>Via parc del T\u00faria. Manises \u2013 Riba-roja<\/em>, dividit en quatre fases, l&#8217;objectiu de les quals ha sigut millorar la capacitat de la via i la seua seguretat, procedint a la duplicaci\u00f3 de cal\u00e7ada i el control total d&#8217;accessos mitjan\u00e7ant vies de servei.<\/p>\n\n\n\n<p>Despr\u00e9s de posar en servei les tres primeres fases del projecte, la corporaci\u00f3 provincial inicia la Fase 4, la qual permetr\u00e0 culminar el condicionament total de la Via parc del T\u00faria entre l&#8217;A-7 i Riba-roja de T\u00faria. El pressupost de l&#8217;\u00faltima fase, que t\u00e9 un termini d&#8217;execuci\u00f3 de 18 mesos, ascendix als 12,5 milions d&#8217;euros.<\/p>\n\n\n\n<p>El responsable de l&#8217;\u00e0rea d&#8217;Infraestructures i Carreteres, Rafa Garc\u00eda, ha declarat que \u201ces tracta d&#8217;una inversi\u00f3 fonamental per a les ve\u00efnes i ve\u00efns de Riba-roja, ja que amb esta obra finalitzem el desdoblament de la via, la qual cosa suposa una millora de la seguretat vi\u00e0ria, una major mobilitat sostenible i l&#8217;accessibilitat de les ve\u00efnes i ve\u00efns de les urbanitzacions. Complim aix\u00ed amb el nostre objectiu de millorar la nostra xarxa de carreteres i donar soluci\u00f3 als problemes de mobilitat en coordinaci\u00f3 amb els municipis i les seues reivindicacions\u201d.<\/p>\n\n\n\n<p>Els treballs de la quarta fase consistiran, concretament, en la duplicaci\u00f3 de la cal\u00e7ada amb control total d&#8217;accessos, segregant el tr\u00e0nsit ve\u00efnal i el de pas mitjan\u00e7ant vies de servei. Aix\u00ed, per a l&#8217;acc\u00e9s a les urbanitzacions Montemayor, el Collado i la Presa, es preveu l&#8217;execuci\u00f3 de dues glorietes unides mitjan\u00e7ant una nova estructura sota la qual discorrer\u00e0 el tronc principal de la via.<\/p>\n","protected":false},"excerpt":{"rendered":"<div class=\"mh-excerpt\">L&#8217;\u00e0rea de Carreteres publica la licitaci\u00f3 de les obres de la quarta fase de la denominada Via parc del T\u00faria, el termini de presentaci\u00f3 del qual d&#8217;ofertes finalitza el 5 d&#8217;abril El pressupost destinat per <a class=\"mh-excerpt-more\" href=\"https:\/\/www.tucomarca.com\/wordpress\/segunda\/ca\/la-diputacio-inicia-lultima-fase-del-projecte-de-desdoblament-de-la-carretera-entre-manises-i-riba-roja\/\" title=\"La Diputaci\u00f3 inicia l&#8217;\u00faltima fase del projecte de desdoblament de la carretera entre Manises i Riba-roja\">[+] <\/a><\/div>\n","protected":false},"author":1,"featured_media":179316,"comment_status":"open","ping_status":"open","sticky":false,"template":"","format":"standard","meta":{"footnotes":""},"categories":[10892,10898,10948,10894,10904,10947,10906,10896],"tags":[10899,11246,10907],"class_list":{"0":"post-179318","1":"post","2":"type-post","3":"status-publish","4":"format-standard","5":"has-post-thumbnail","7":"category-camp-de-turia-ca","8":"category-ventana-ca","9":"category-infraestructuras-ca","10":"category-la-comarca-ca","11":"category-sin-categorizar-ca","12":"category-politica","13":"category-riba-roja-ca","14":"category-seccion-ca","15":"tag-camp-de-turia-ca","16":"tag-diputacio-de-valencia-ca","17":"tag-riba-roja-del-turia-ca"},"_links":{"self":[{"href":"https:\/\/www.tucomarca.com\/wordpress\/segunda\/ca\/wp-json\/wp\/v2\/posts\/179318","targetHints":{"allow":["GET"]}}],"collection":[{"href":"https:\/\/www.tucomarca.com\/wordpress\/segunda\/ca\/wp-json\/wp\/v2\/posts"}],"about":[{"href":"https:\/\/www.tucomarca.com\/wordpress\/segunda\/ca\/wp-json\/wp\/v2\/types\/post"}],"author":[{"embeddable":true,"href":"https:\/\/www.tucomarca.com\/wordpress\/segunda\/ca\/wp-json\/wp\/v2\/users\/1"}],"replies":[{"embeddable":true,"href":"https:\/\/www.tucomarca.com\/wordpress\/segunda\/ca\/wp-json\/wp\/v2\/comments?post=179318"}],"version-history":[{"count":0,"href":"https:\/\/www.tucomarca.com\/wordpress\/segunda\/ca\/wp-json\/wp\/v2\/posts\/179318\/revisions"}],"wp:featuredmedia":[{"embeddable":true,"href":"https:\/\/www.tucomarca.com\/wordpress\/segunda\/ca\/wp-json\/wp\/v2\/media\/179316"}],"wp:attachment":[{"href":"https:\/\/www.tucomarca.com\/wordpress\/segunda\/ca\/wp-json\/wp\/v2\/media?parent=179318"}],"wp:term":[{"taxonomy":"category","embeddable":true,"href":"https:\/\/www.tucomarca.com\/wordpress\/segunda\/ca\/wp-json\/wp\/v2\/categories?post=179318"},{"taxonomy":"post_tag","embeddable":true,"href":"https:\/\/www.tucomarca.com\/wordpress\/segunda\/ca\/wp-json\/wp\/v2\/tags?post=179318"}],"curies":[{"name":"wp","href":"https:\/\/api.w.org\/{rel}","templated":true}]}}