{"id":179981,"date":"2023-03-07T10:00:00","date_gmt":"2023-03-07T09:00:00","guid":{"rendered":"https:\/\/www.tucomarca.com\/wordpress\/segunda\/?p=179981"},"modified":"2023-03-07T14:25:42","modified_gmt":"2023-03-07T13:25:42","slug":"benaguasil-se-suma-a-la-campanya-la-planta-del-vidre-per-a-fomentar-el-reciclatge-de-vidre-durant-les-falles","status":"publish","type":"post","link":"https:\/\/www.tucomarca.com\/wordpress\/segunda\/ca\/benaguasil-se-suma-a-la-campanya-la-planta-del-vidre-per-a-fomentar-el-reciclatge-de-vidre-durant-les-falles\/","title":{"rendered":"Benaguasil se suma a la campanya \u201cLa Plant\u00e0 del Vidre\u201d per a fomentar el reciclatge de vidre durant les Falles"},"content":{"rendered":"\n<h4 class=\"wp-block-heading\">En la iniciativa per a conscienciar sobre la gesti\u00f3 responsable dels residus d&#8217;envasos de vidre competeixen tretze municipis fallers.&nbsp;<\/h4>\n\n\n\n<h4 class=\"wp-block-heading\">La poblaci\u00f3 m\u00e9s compromesa amb el medi ambient i amb la iniciativa guanyar\u00e0 una plantaci\u00f3 d&#8217;arbres amb tots els casals.<\/h4>\n\n\n\n<figure class=\"wp-block-image size-full\"><img loading=\"lazy\" decoding=\"async\" width=\"709\" height=\"473\" src=\"http:\/\/www.tucomarca.com\/wordpress\/segunda\/wp-content\/uploads\/2023\/03\/Benaguasil_Vidre.jpg\" alt=\"\" class=\"wp-image-179979\" srcset=\"https:\/\/www.tucomarca.com\/wordpress\/segunda\/wp-content\/uploads\/2023\/03\/Benaguasil_Vidre.jpg 709w, https:\/\/www.tucomarca.com\/wordpress\/segunda\/wp-content\/uploads\/2023\/03\/Benaguasil_Vidre-300x200.jpg 300w\" sizes=\"auto, (max-width: 709px) 100vw, 709px\" \/><\/figure>\n\n\n\n<p>L&#8217;Ajuntament de Benaguasil se suma un any m\u00e9s a la campanya posada en marxa per Ecovidrio per a fomentar el reciclatge de vidre durant les Falles, una de les \u00e8poques de major consum d&#8217;aquest material.<br>Sota el t\u00edtol \u2018La Plant\u00e0 del vidre\u2019, la iniciativa pret\u00e9n conscienciar a la ciutadania i especialment als fallers i falleres, sobre la import\u00e0ncia de separar correctament els residus d&#8217;envasos de vidre durant el transcurs de les festes.&nbsp;<br>En la presentaci\u00f3 de la campanya han estat l&#8217;alcalde de Benaguasil, Ximo Segarra, el t\u00e8cnic de Ecovidrio Manuel Sala, la regidor de Medi Ambient, Patricia Merenciano i representants de la Junta Local Fallera de Benaguasil.<br>Al costat de Benaguasil, competiran per ser el municipi m\u00e9s reciclador altres 12 municipis valencians que celebren festes de Falles: La Pobla de Vallbona, Ll\u00edria, Cullera, Gandia, Catarroja, Torrent, Paterna, L&#8217;Eliana, Godella, Borriana, La Vall d&#8217;Uix\u00f3 i Algemes\u00ed.<br>Per a donar-li visibilitat a la campanya s&#8217;han vinilado els contenidors de vidre pr\u00f2xims als casals i a m\u00e9s, educadors ambientals visitaran els casals per a informar sobre la import\u00e0ncia del reciclatge dels envasos de vidre i els beneficis que aix\u00f2 reporta al medi ambient i la societat.<br>Una plantaci\u00f3 d&#8217;arbres com a premi<br>El municipi guanyador de la campanya \u2018La Plant\u00e0 del vidre\u2019 ser\u00e0 el que m\u00e9s punts aconseguisca per incrementar la recollida de vidre respecte al mateix per\u00edode de l&#8217;any anterior, i per la difusi\u00f3 que fa\u00e7a de la iniciativa. El premi consisteix en una plantaci\u00f3 d&#8217;arbres per a la localitat en el qual cada casal faller podr\u00e0 apadrinar un exemplar.\u2028\u2028<br>Aix\u00ed mateix, tots els municipis que superen el repte de reciclatge proposat aconseguiran el guard\u00f3 verd de Ecovidrio. Tamb\u00e9 hi haur\u00e0 un premi per a totes les Falles que reciclen, en el seu propi contenidor, 400 kg o m\u00e9s de residus d&#8217;envasos de vidre. En aquest \u00faltim cas, el premi ser\u00e0 un mini igl\u00fa amb la imatge de campanya.<br>\u201cLa Plant\u00e0 del Vidre\u201d compta tamb\u00e9 amb el suport de la Generalitat Valenciana, que juntament amb Ecovidrio i els municipis participants, aposten per col\u00b7laborar amb els fallers i falleres per a millorar la sostenibilitat de les festes i que siguen m\u00e9s respectuoses amb el medi ambient a trav\u00e9s d&#8217;una correcta gesti\u00f3 dels residus d&#8217;envasos de vidre.<\/p>\n","protected":false},"excerpt":{"rendered":"<div class=\"mh-excerpt\">En la iniciativa per a conscienciar sobre la gesti\u00f3 responsable dels residus d&#8217;envasos de vidre competeixen tretze municipis fallers.&nbsp; La poblaci\u00f3 m\u00e9s compromesa amb el medi ambient i amb la iniciativa guanyar\u00e0 una plantaci\u00f3 d&#8217;arbres <a class=\"mh-excerpt-more\" href=\"https:\/\/www.tucomarca.com\/wordpress\/segunda\/ca\/benaguasil-se-suma-a-la-campanya-la-planta-del-vidre-per-a-fomentar-el-reciclatge-de-vidre-durant-les-falles\/\" title=\"Benaguasil se suma a la campanya \u201cLa Plant\u00e0 del Vidre\u201d per a fomentar el reciclatge de vidre durant les Falles\">[+] <\/a><\/div>\n","protected":false},"author":12,"featured_media":179978,"comment_status":"open","ping_status":"open","sticky":false,"template":"","format":"standard","meta":{"footnotes":""},"categories":[10952,10892,10948,10894,10903,10896],"tags":[11136,10899,18882],"class_list":{"0":"post-179981","1":"post","2":"type-post","3":"status-publish","4":"format-standard","5":"has-post-thumbnail","7":"category-benaguasil-ca","8":"category-camp-de-turia-ca","9":"category-infraestructuras-ca","10":"category-la-comarca-ca","11":"category-medio-ambiente-la-comarca-ca","12":"category-seccion-ca","13":"tag-benaguasil-ca","14":"tag-camp-de-turia-ca","15":"tag-la-planta-del-vidre-ca"},"_links":{"self":[{"href":"https:\/\/www.tucomarca.com\/wordpress\/segunda\/ca\/wp-json\/wp\/v2\/posts\/179981","targetHints":{"allow":["GET"]}}],"collection":[{"href":"https:\/\/www.tucomarca.com\/wordpress\/segunda\/ca\/wp-json\/wp\/v2\/posts"}],"about":[{"href":"https:\/\/www.tucomarca.com\/wordpress\/segunda\/ca\/wp-json\/wp\/v2\/types\/post"}],"author":[{"embeddable":true,"href":"https:\/\/www.tucomarca.com\/wordpress\/segunda\/ca\/wp-json\/wp\/v2\/users\/12"}],"replies":[{"embeddable":true,"href":"https:\/\/www.tucomarca.com\/wordpress\/segunda\/ca\/wp-json\/wp\/v2\/comments?post=179981"}],"version-history":[{"count":0,"href":"https:\/\/www.tucomarca.com\/wordpress\/segunda\/ca\/wp-json\/wp\/v2\/posts\/179981\/revisions"}],"wp:featuredmedia":[{"embeddable":true,"href":"https:\/\/www.tucomarca.com\/wordpress\/segunda\/ca\/wp-json\/wp\/v2\/media\/179978"}],"wp:attachment":[{"href":"https:\/\/www.tucomarca.com\/wordpress\/segunda\/ca\/wp-json\/wp\/v2\/media?parent=179981"}],"wp:term":[{"taxonomy":"category","embeddable":true,"href":"https:\/\/www.tucomarca.com\/wordpress\/segunda\/ca\/wp-json\/wp\/v2\/categories?post=179981"},{"taxonomy":"post_tag","embeddable":true,"href":"https:\/\/www.tucomarca.com\/wordpress\/segunda\/ca\/wp-json\/wp\/v2\/tags?post=179981"}],"curies":[{"name":"wp","href":"https:\/\/api.w.org\/{rel}","templated":true}]}}