{"id":180045,"date":"2023-03-07T14:00:00","date_gmt":"2023-03-07T13:00:00","guid":{"rendered":"https:\/\/www.tucomarca.com\/wordpress\/segunda\/?p=180045"},"modified":"2023-03-07T21:23:55","modified_gmt":"2023-03-07T20:23:55","slug":"jesus-salmeron-demana-ampliar-horaris-i-millorar-les-connexions-dautobus-a-gatova-per-a-lluitar-contra-la-despoblacio","status":"publish","type":"post","link":"https:\/\/www.tucomarca.com\/wordpress\/segunda\/ca\/jesus-salmeron-demana-ampliar-horaris-i-millorar-les-connexions-dautobus-a-gatova-per-a-lluitar-contra-la-despoblacio\/","title":{"rendered":"Jes\u00fas Salmer\u00f3n demana ampliar horaris i millorar les connexions d&#8217;autob\u00fas a G\u00e1tova per a lluitar contra la despoblaci\u00f3."},"content":{"rendered":"\n<h3 class=\"wp-block-heading\">El candidat dels Populars a l&#8217;alcaldia de G\u00e1tova i diputat en les Corts Valencianes, Jes\u00fas Salmer\u00f3n, ha demanat a la Generalitat Valenciana que amplie els horaris i millore les connexions d&#8217;autob\u00fas a G\u00e1tova per a lluitar contra la despoblaci\u00f3.<\/h3>\n\n\n\n<p>El candidat del PP a G\u00e1tova i diputat auton\u00f2mic, Jes\u00fas Salmer\u00f3n, ha demanat ampliar horaris i millorar les connexions d&#8217;autob\u00fas a G\u00e1tova per a lluitar contra la despoblaci\u00f3.<\/p>\n\n\n\n<p>El diputat i candidat a l&#8217;alcaldia de G\u00e1tova pel PP, Jes\u00fas Salmer\u00f3n, ha reclamat l&#8217;ampliaci\u00f3 de la ruta i els horaris de l&#8217;autob\u00fas que connecta G\u00e1tova amb Ll\u00edria per a lluitar contra la despoblaci\u00f3 i poder donar un servei digne i de qualitat als ve\u00efns de G\u00e1tova, aix\u00ed com una nova ruta que connecte G\u00e1tova amb B\u00e9tera.&nbsp;<\/p>\n\n\n\n<p>Aix\u00ed ho ha expressat el diputat i candidat a l&#8217;alcaldia de G\u00e1tova qui ha denunciat que: \u2018Ens sentim oblidats i exclosos per ser una poblaci\u00f3 de l&#8217;interior, ja que solament hi ha un autob\u00fas a les 7.10 del mat\u00ed que connecta el nostre poble amb Ll\u00edria i que torna des de Ll\u00edria a les 6 de la vesprada , sent totalment insuficient per als nostres ve\u00efns i ve\u00efnes\u2019 i ha afegit \u2018el que fa que la majoria dels *gatoveros hagen de despla\u00e7ar-se en els seus cotxes, els que tenen, i els que no es veuen obligats a agafar un taxi la qual cosa suposa un cost inassumible per a joves i majors\u2019.<\/p>\n\n\n\n<p>Salmer\u00f3n ha recordat que porten molts anys demanant l&#8217;ampliaci\u00f3 del servei d&#8217;Autob\u00fas, fins al punt que la Generalitat Valenciana es va comprometre a posar en marxa un pla d&#8217;autob\u00fas a demanda, per\u00f2 que, fins hui, ni s&#8217;ha posat en marxa, ni s&#8217;han escoltat les demandes del municipi.&nbsp;<\/p>\n\n\n\n<p>Di\u00e0riament treballadors i estudiants han d&#8217;anar als seus llocs de treball o als seus llocs d&#8217;estudi des de G\u00e1tova, per\u00f2 no poden dependre solament d&#8217;aquest \u00fanic horari, per la qual cosa han de fer malabars per a poder aconseguir un transport alternatiu que els porte\u201d ha declarat Jes\u00fas Salmer\u00f3n.\u00a0<\/p>\n\n\n\n<p>A m\u00e9s, ha denunciat \u201cla deixadesa de les diferents administracions\u201d davant aquest tema, que \u201cni ha mogut un dit, ni es molesta a denunciar aquesta problem\u00e0tica\u201d.<\/p>\n\n\n\n<p>Segons el parer de Salmer\u00f3n \u2018\u00e9s normal que els nostres ve\u00efns marxen del nostre poble, ja que si no existeix un transport en condicions que els permeta despla\u00e7ar-se, hauran de buscar-lo en un altre lloc, ja que si no condueixes i est\u00e0s estudiant o buscant ocupaci\u00f3, \u00e9s impossible adaptar-se a aqueixos horaris\u2019.<\/p>\n\n\n\n<p>Per aix\u00f2, el diputat i candidat del PP a G\u00e1tova ha demanat \u201cl&#8217;increment dels horaris de l&#8217;autob\u00fas que connecta G\u00e1tova amb Ll\u00edria , ja que s&#8217;aconseguiria oferir un bon servei a molta gent que el necessita i lluitar\u00edem contra la despoblaci\u00f3\u2019 i ha afegit \u2018 de la mateixa manera hauria de posar-se en marxa un servei d&#8217;autob\u00fas tamb\u00e9 els caps de setmana, ja que molt\u00edssimes persones que descendeixen del poble per\u00f2 que no condueixen, o fins i tot molts turistes podrien vindre al poble els caps de setmana i festius, amb l&#8217;impacte que aix\u00f2 suposa per al comer\u00e7 local, l&#8217;hostaleria i les diferents cases rurals del poble\u2019.<\/p>\n\n\n\n<p>Per a acabar, Salmer\u00f3n tamb\u00e9 ha demanat a la Generalitat que \u2018estudie la possibilitat d&#8217;una connexi\u00f3 amb autob\u00fas entre G\u00e1tova i B\u00e9tera com a manera de vertebrar l&#8217;interior de la Comunitat i evitar la despoblaci\u00f3 davant la demanda de ve\u00efns per acudir a la ciutat ve\u00efna\u2019.<\/p>\n","protected":false},"excerpt":{"rendered":"<div class=\"mh-excerpt\">El candidat dels Populars a l&#8217;alcaldia de G\u00e1tova i diputat en les Corts Valencianes, Jes\u00fas Salmer\u00f3n, ha demanat a la Generalitat Valenciana que amplie els horaris i millore les connexions d&#8217;autob\u00fas a G\u00e1tova per a <a class=\"mh-excerpt-more\" href=\"https:\/\/www.tucomarca.com\/wordpress\/segunda\/ca\/jesus-salmeron-demana-ampliar-horaris-i-millorar-les-connexions-dautobus-a-gatova-per-a-lluitar-contra-la-despoblacio\/\" title=\"Jes\u00fas Salmer\u00f3n demana ampliar horaris i millorar les connexions d&#8217;autob\u00fas a G\u00e1tova per a lluitar contra la despoblaci\u00f3.\">[+] <\/a><\/div>\n","protected":false},"author":1,"featured_media":178208,"comment_status":"open","ping_status":"open","sticky":false,"template":"","format":"standard","meta":{"footnotes":""},"categories":[10892,10929,10948,10894,10947,10896],"tags":[10899,15523,11978,11344],"class_list":{"0":"post-180045","1":"post","2":"type-post","3":"status-publish","4":"format-standard","5":"has-post-thumbnail","7":"category-camp-de-turia-ca","8":"category-gatova-ca","9":"category-infraestructuras-ca","10":"category-la-comarca-ca","11":"category-politica","12":"category-seccion-ca","13":"tag-camp-de-turia-ca","14":"tag-gatova-ca","15":"tag-partido-popular-ca","16":"tag-pp-ca"},"_links":{"self":[{"href":"https:\/\/www.tucomarca.com\/wordpress\/segunda\/ca\/wp-json\/wp\/v2\/posts\/180045","targetHints":{"allow":["GET"]}}],"collection":[{"href":"https:\/\/www.tucomarca.com\/wordpress\/segunda\/ca\/wp-json\/wp\/v2\/posts"}],"about":[{"href":"https:\/\/www.tucomarca.com\/wordpress\/segunda\/ca\/wp-json\/wp\/v2\/types\/post"}],"author":[{"embeddable":true,"href":"https:\/\/www.tucomarca.com\/wordpress\/segunda\/ca\/wp-json\/wp\/v2\/users\/1"}],"replies":[{"embeddable":true,"href":"https:\/\/www.tucomarca.com\/wordpress\/segunda\/ca\/wp-json\/wp\/v2\/comments?post=180045"}],"version-history":[{"count":0,"href":"https:\/\/www.tucomarca.com\/wordpress\/segunda\/ca\/wp-json\/wp\/v2\/posts\/180045\/revisions"}],"wp:featuredmedia":[{"embeddable":true,"href":"https:\/\/www.tucomarca.com\/wordpress\/segunda\/ca\/wp-json\/wp\/v2\/media\/178208"}],"wp:attachment":[{"href":"https:\/\/www.tucomarca.com\/wordpress\/segunda\/ca\/wp-json\/wp\/v2\/media?parent=180045"}],"wp:term":[{"taxonomy":"category","embeddable":true,"href":"https:\/\/www.tucomarca.com\/wordpress\/segunda\/ca\/wp-json\/wp\/v2\/categories?post=180045"},{"taxonomy":"post_tag","embeddable":true,"href":"https:\/\/www.tucomarca.com\/wordpress\/segunda\/ca\/wp-json\/wp\/v2\/tags?post=180045"}],"curies":[{"name":"wp","href":"https:\/\/api.w.org\/{rel}","templated":true}]}}