{"id":180272,"date":"2023-03-08T17:00:00","date_gmt":"2023-03-08T16:00:00","guid":{"rendered":"https:\/\/www.tucomarca.com\/wordpress\/segunda\/?p=180272"},"modified":"2023-03-08T19:56:23","modified_gmt":"2023-03-08T18:56:23","slug":"el-cd-bunyol-rep-a-la-ud-quart-de-poblet-en-el-beltran-a-tres-punts-del-tercer-lloc","status":"publish","type":"post","link":"https:\/\/www.tucomarca.com\/wordpress\/segunda\/ca\/el-cd-bunyol-rep-a-la-ud-quart-de-poblet-en-el-beltran-a-tres-punts-del-tercer-lloc\/","title":{"rendered":"El CD Bunyol rep a la UD Quart de Poblet en el Beltr\u00e1n amb la vista posada en el tercer lloc"},"content":{"rendered":"\n<h3 class=\"wp-block-heading\">Els blancs segueixen la seua imparable progressi\u00f3 despr\u00e9s de la seua vict\u00f2ria enfront del Vilamarxant CF (1-0) que els ha portat a estar entre els quatre primers del grup segon de la taula de Regional Preferent.<\/h3>\n\n\n\n<p>El Club Esportiu torna a tindre aquest cap de setmana una altra gran oportunitat per a situar-se entre els tres primers classificats del grup segon de la Regional Preferent valenciana despr\u00e9s de la seua \u00faltima vict\u00f2ria enfront del Vilamarxant CF, xoc en el qual els blancs es van imposar per la m\u00ednima gr\u00e0cies al matiner tant aconseguit per Albert en el minut 6 de partit que els va valdre sumar, de nou, de 3. <\/p>\n\n\n\n<p>Aix\u00ed, a causa de l&#8217;inici de la segona volta de la lliga, el CD Bunyol rep aquest dissabte, 11 de mar\u00e7 i a partir de les 16,45 hores de nou en el vell Beltr\u00e1n B\u00e1guena, la visita de la UD Quart de Poblet, un equip classificat en el lloc 13 de la taula gr\u00e0cies als seus 23 punts. <\/p>\n\n\n\n<p>El CD Bunyol ocupa actualment el lloc quart de la taula, en virtut dels seus 49 punts, dos menys que el Recanvis Col\u00f3n (tercer amb 51) i quatre menys del segon, el Paiporta CF (53 punts). Una classificaci\u00f3 que continua liderant en solitari el CD Utiel gr\u00e0cies als seus 61 punts. <\/p>\n\n\n\n<p>D&#8217;aquesta manera, en cas que el CD Bunyol sumara de tres i el Recanvis Col\u00f3n punxara i no ho fera, els blancs podrien avan\u00e7ar-los i situar-se en un tercer lloc de la taula que tenen ja molt a prop.<\/p>\n\n\n\n<figure class=\"wp-block-image size-large\"><img loading=\"lazy\" decoding=\"async\" width=\"1008\" height=\"1024\" src=\"http:\/\/www.tucomarca.com\/wordpress\/segunda\/wp-content\/uploads\/2023\/03\/CDBunolVilamarxant-1008x1024.jpg\" alt=\"\" class=\"wp-image-180208\" srcset=\"https:\/\/www.tucomarca.com\/wordpress\/segunda\/wp-content\/uploads\/2023\/03\/CDBunolVilamarxant-1008x1024.jpg 1008w, https:\/\/www.tucomarca.com\/wordpress\/segunda\/wp-content\/uploads\/2023\/03\/CDBunolVilamarxant-295x300.jpg 295w, https:\/\/www.tucomarca.com\/wordpress\/segunda\/wp-content\/uploads\/2023\/03\/CDBunolVilamarxant-768x780.jpg 768w, https:\/\/www.tucomarca.com\/wordpress\/segunda\/wp-content\/uploads\/2023\/03\/CDBunolVilamarxant.jpg 1170w\" sizes=\"auto, (max-width: 1008px) 100vw, 1008px\" \/><\/figure>\n","protected":false},"excerpt":{"rendered":"<div class=\"mh-excerpt\">Els blancs segueixen la seua imparable progressi\u00f3 despr\u00e9s de la seua vict\u00f2ria enfront del Vilamarxant CF (1-0) que els ha portat a estar entre els quatre primers del grup segon de la taula de Regional <a class=\"mh-excerpt-more\" href=\"https:\/\/www.tucomarca.com\/wordpress\/segunda\/ca\/el-cd-bunyol-rep-a-la-ud-quart-de-poblet-en-el-beltran-a-tres-punts-del-tercer-lloc\/\" title=\"El CD Bunyol rep a la UD Quart de Poblet en el Beltr\u00e1n amb la vista posada en el tercer lloc\">[+] <\/a><\/div>\n","protected":false},"author":1,"featured_media":180270,"comment_status":"open","ping_status":"open","sticky":false,"template":"","format":"standard","meta":{"footnotes":""},"categories":[10911,11015,11003,10912,10896],"tags":[10913,11126,11074,11075,10914],"class_list":{"0":"post-180272","1":"post","2":"type-post","3":"status-publish","4":"format-standard","5":"has-post-thumbnail","7":"category-bunol-ca","8":"category-canal-futbol","9":"category-sports","10":"category-la-hoya-ca","11":"category-seccion-ca","12":"tag-bunol-ca","13":"tag-cd-bunol-ca","14":"tag-deportes-ca","15":"tag-futbol-ca","16":"tag-la-hoya-de-bunol-chiva-ca"},"_links":{"self":[{"href":"https:\/\/www.tucomarca.com\/wordpress\/segunda\/ca\/wp-json\/wp\/v2\/posts\/180272","targetHints":{"allow":["GET"]}}],"collection":[{"href":"https:\/\/www.tucomarca.com\/wordpress\/segunda\/ca\/wp-json\/wp\/v2\/posts"}],"about":[{"href":"https:\/\/www.tucomarca.com\/wordpress\/segunda\/ca\/wp-json\/wp\/v2\/types\/post"}],"author":[{"embeddable":true,"href":"https:\/\/www.tucomarca.com\/wordpress\/segunda\/ca\/wp-json\/wp\/v2\/users\/1"}],"replies":[{"embeddable":true,"href":"https:\/\/www.tucomarca.com\/wordpress\/segunda\/ca\/wp-json\/wp\/v2\/comments?post=180272"}],"version-history":[{"count":0,"href":"https:\/\/www.tucomarca.com\/wordpress\/segunda\/ca\/wp-json\/wp\/v2\/posts\/180272\/revisions"}],"wp:featuredmedia":[{"embeddable":true,"href":"https:\/\/www.tucomarca.com\/wordpress\/segunda\/ca\/wp-json\/wp\/v2\/media\/180270"}],"wp:attachment":[{"href":"https:\/\/www.tucomarca.com\/wordpress\/segunda\/ca\/wp-json\/wp\/v2\/media?parent=180272"}],"wp:term":[{"taxonomy":"category","embeddable":true,"href":"https:\/\/www.tucomarca.com\/wordpress\/segunda\/ca\/wp-json\/wp\/v2\/categories?post=180272"},{"taxonomy":"post_tag","embeddable":true,"href":"https:\/\/www.tucomarca.com\/wordpress\/segunda\/ca\/wp-json\/wp\/v2\/tags?post=180272"}],"curies":[{"name":"wp","href":"https:\/\/api.w.org\/{rel}","templated":true}]}}