{"id":180336,"date":"2023-03-09T08:00:00","date_gmt":"2023-03-09T07:00:00","guid":{"rendered":"https:\/\/www.tucomarca.com\/wordpress\/segunda\/?p=180336"},"modified":"2023-03-09T12:30:53","modified_gmt":"2023-03-09T11:30:53","slug":"la-diputacio-commemora-el-8-de-marc-amb-el-lema-nosaltres-les-dones-volem-decidir","status":"publish","type":"post","link":"https:\/\/www.tucomarca.com\/wordpress\/segunda\/ca\/la-diputacio-commemora-el-8-de-marc-amb-el-lema-nosaltres-les-dones-volem-decidir\/","title":{"rendered":"La Diputaci\u00f3 commemora el 8 de mar\u00e7 amb el lema \u2018Nosaltres, les dones, volem decidir\u2019"},"content":{"rendered":"\n<p><strong><strong>El president, Toni Gaspar, la vicepresidenta, M\u00aa Josep Amig\u00f3, les diputades Eli Garc\u00eda, Pilar Sarri\u00f3n, Carolina Mengual i Roc\u00edo Gil i representants sindicals participen en la lectura del manifest del 8M<\/strong><\/strong>.<\/p>\n\n\n\n<p><strong><strong>Entre les reivindicacions destaquen ampliar la inversi\u00f3 en pol\u00edtiques d&#8217;Igualtat, fomentar vocacions tecnol\u00f2giques des de la inf\u00e0ncia i l&#8217;ocupabilitat femenina i modificar ja la Llei del \u2018Solo s\u00ed es s\u00ed\u2019<\/strong><\/strong>.<\/p>\n\n\n\n<p><strong><strong>L&#8217;\u00e0rea d&#8217;Igualtat projecta un v\u00eddeo en el qual dones de diferents associacions, entre elles usu\u00e0ries d&#8217;estos col\u00b7lectius, oferixen la seua particular visi\u00f3 sobre les necessitats del moviment feminista<\/strong><\/strong>.<\/p>\n\n\n\n<p>La Diputaci\u00f3 de Val\u00e8ncia ha commemorat el Dia Internacional de la Dona amb la lectura d&#8217;un manifest conjunt que ha visibilitzat les aportacions del feminisme a trav\u00e9s de les seues associacions i ha reivindicat inversions creixents en pol\u00edtiques d&#8217;igualtat, el foment de l&#8217;ocupabilitat de les dones i modificar immediatament la Llei del \u2018Solo s\u00ed es s\u00ed\u2019 per a evitar m\u00e9s rebaixes de condemna a agressors sexuals.<\/p>\n\n\n\n<p>Amb el lema \u2018Nosaltres, les dones, volem decidir\u2019, l&#8217;\u00e0rea d&#8217;Igualtat que dirigix Eli Garc\u00eda ha posat en marxa la campanya provincial del 8M amb un clar protagonisme dels diferents col\u00b7lectius que integren el moviment feminista. Fins a 15 dones han participat en l&#8217;audiovisual produ\u00eft per la Diputaci\u00f3 en el qual oferixen les seues aportacions per a construir \u201cuna societat m\u00e9s justa en la qual xiquets i xiquetes cresquen en igualtat d&#8217;oportunitats\u201d.<\/p>\n\n\n\n<p>El president de la Diputaci\u00f3, Toni Gaspar, ha comen\u00e7at la lectura del manifest convidant a \u201cafermar tots els avan\u00e7os aconseguits i deixar de costat el soroll d&#8217;alguns sectors que senten amena\u00e7ats els privilegis adquirits en la societat masclista\u201d. Gaspar ha celebrat eixos avan\u00e7os del feminisme per\u00f2 no ha abandonat la reivindicaci\u00f3 de tots els reptes pendents en mat\u00e8ria d&#8217;igualtat, en una societat en la qual \u201dpersistixen les desigualtats, la discriminaci\u00f3 i la viol\u00e8ncia contra les dones pel fet de ser-ho\u201d, una xacra enfront de la qual \u201cno caben tebieses i no \u00e9s comprensible ser neutrals\u201d.<\/p>\n\n\n\n<p>La vicepresidenta M\u00aa Josep Amig\u00f3 ha agafat el testimoni per a aprofundir en la mirada feminista des de la qual \u201chem d&#8217;aconseguir pobles i ciutats de progr\u00e9s on l&#8217;equitat siga un eix transversal de les pol\u00edtiques p\u00fabliques\u201d. Per a aix\u00f2, el manifest defensa una economia sostenible i de proximitat que permeta \u201cavan\u00e7ar en la transici\u00f3 ecol\u00f2gica i canviar de paradigma respecte a les cures de les persones\u201d.<\/p>\n\n\n\n<p><strong>Treball en Xarxa i reivindicaci\u00f3<\/strong><\/p>\n\n\n\n<p>La diputada d&#8217;Igualtat, Eli Garc\u00eda, ha insistit en la import\u00e0ncia del treball conjunt en el repte que suposa aconseguir una igualtat efectiva entre homes i dones. En eixa l\u00ednia treballa la Diputaci\u00f3 amb projectes com la Xarxa de Municipis Protegits contra la Viol\u00e8ncia de G\u00e8nere, una plataforma provincial a la qual s&#8217;han sumat ja 163 ajuntaments; o el Pla Estrat\u00e8gic de la Dona en el Sistema Rural, amb desenes d&#8217;accions concretes que podran subvencionar-se a trav\u00e9s de la Xarxa i que dotaran a les entitats locals de nous instruments per a minimitzar les desigualtats i rols de g\u00e8nere.<\/p>\n\n\n\n<p>\u201cFins fa uns anys el pensament generalitzat era que la viol\u00e8ncia contra les dones era conseq\u00fc\u00e8ncia d&#8217;actituds individuals i de l&#8217;\u00e0mbit privat\u201d, ha recordat la diputada, qui a continuaci\u00f3 ha llegit la part del manifest que reconeix els avan\u00e7os conquistats pel feminisme, que han elevat esta viol\u00e8ncia masclista a la \u201ccategoria de problema social, amb l&#8217;obligaci\u00f3 de donar resposta immediata des dels poders p\u00fablics\u201d.<\/p>\n\n\n\n<p>Una resposta que ha d&#8217;arribar des de la reivindicaci\u00f3 i el consens, per a signar acords com els que recull el manifest del 8M de la Diputaci\u00f3 de Val\u00e8ncia, expressats de viva veu per les diputades Pilar Sarri\u00f3n, Carolina Mengual i Roc\u00edo Gil, i les representants sindicals Pilar Gim\u00e9nez, d&#8217;UGT, i Julia Arnal, del CSIF.<\/p>\n\n\n\n<p>Entre les peticions, destaca la d&#8217;intensificar les pol\u00edtiques encaminades a l&#8217;ocupaci\u00f3, l&#8217;apoderament i l&#8217;educaci\u00f3 per a la igualtat d&#8217;oportunitats; plantejar sistemes de recopilaci\u00f3 de dades desagregades per sexe per a comprendre i abordar les desigualtats; refor\u00e7ar la coeducaci\u00f3 i el foment de les vocacions tecnol\u00f2giques des de la inf\u00e0ncia; instar el Govern d&#8217;Espa\u00f1a a impulsar iniciatives legislatives en l&#8217;\u00e0mbit laboral amb la finalitat de no discriminar la dona en la seua traject\u00f2ria professional; modificar la Llei del \u2018S\u00f3lo s\u00ed es s\u00ed\u2019 de manera immediata; situar les cures en el centre del debat p\u00fablic; i fer dels nostres pobles llocs m\u00e9s amables i resilients al canvi clim\u00e0tic, protegint especialment agricultores i ramaderes.<\/p>\n\n\n\n<p><strong>Les dones, protagonistes<\/strong><\/p>\n\n\n\n<p>En esta ocasi\u00f3, l&#8217;acte del 8 de mar\u00e7 organitzat per la Diputaci\u00f3 ha convertit en protagonistes a les dones que se sumen a la lluita feminista des d&#8217;associacions i organismes, aix\u00ed com a les usu\u00e0ries d&#8217;estos col\u00b7lectius. Dones com Andrea Clim\u00e9n, d\u2019Alanna, qui considera que \u201cha d&#8217;haver-hi una bona organitzaci\u00f3 social i pol\u00edtica per a entendre el que passa als carrers i les fam\u00edlies\u201d; o com Emilia Bolinches, d\u2019Acicom, que definix el feminisme com \u201cun moviment amb una energia creativa i enriquidora per a entendre millor el m\u00f3n\u201d.<\/p>\n\n\n\n<p>Representants de diferents col\u00b7lectius i \u00e0mbits, cas de Rosa M\u00aa Rodr\u00edguez, de Cl\u00e1sicas y Modernas, qui defensa que \u201cla cultura \u00e9s per a totes i per a tots i per aix\u00f2 hem de rastrejar aquells espais en els quals la representaci\u00f3 de les dones no \u00e9s significativa\u201d; o de Vicenta Alc\u00e1cer, de l&#8217;Associaci\u00f3 d\u2019ames de casa i consumidors Tyrius, a qui no li agrada \u201cque ens etiqueten o ens marquen rols per a dir-nos com hem de viure les nostres vides\u201d.<\/p>\n\n\n\n<p>Cadascuna de les responsables d&#8217;estos col\u00b7lectius, des de Hilando Vidas fins a Plena Inclusi\u00f3n, Por Ti Mujer o Dafemco, aporta la seua particular visi\u00f3 del moviment feminista i els seus reptes presents i futurs, com fan les representants sindicals d&#8217;UGT, CCOO i CSIF i usu\u00e0ries de CAVAS i APIP-ACAM. I com a conclusi\u00f3 a les seues aportacions, la reivindicaci\u00f3 d&#8217;una dona referent com \u00e9s l&#8217;acad\u00e8mica i jurista Julia Sevilla: \u201cvolem ser ciutadanes de ple dret i poder arribar on els nostres desitjos, les nostres il\u00b7lusions i les nostres capacitats ens permeten\u201d.<\/p>\n\n\n\n<p><strong>Bosc de Sororitat a l&#8217;Hospital General<\/strong><\/p>\n\n\n\n<p>De manera complement\u00e0ria a l&#8217;acte central de la Diputaci\u00f3 amb motiu del Dia de la Dona, el jard\u00ed de l&#8217;Hospital General acull la instal\u00b7laci\u00f3 art\u00edstica \u2018Bosc de Sororitat\u2019, amb 17 escultures teixides amb llana per m\u00e9s d&#8217;un centenar de dones de 14 municipis de la Serran\u00eda.<\/p>\n\n\n\n<p>El diputat Ramiro Rivera ha participat, al costat de representants del personal m\u00e8dic del centre sanitari, en la presentaci\u00f3 d&#8217;esta iniciativa de l&#8217;Associaci\u00f3 Hilando Vidas, el col\u00b7lectiu liderat per Inmaculada Balaguer que, des d&#8217;un punt de partida art\u00edstic i comunal, visibilitza a les dones rurals i la important labor que exercixen als seus pobles.<\/p>\n\n\n\n<p>El muntatge romandr\u00e0 a l&#8217;esplanada central de l&#8217;Hospital General fins al pr\u00f2xim 31 de mar\u00e7, i se suma a altres projectes duts a terme per Hilando Vidas en espais emblem\u00e0tics de la ciutat i els seus pobles, tots ells amb el component creatiu i l&#8217;ess\u00e8ncia reivindicativa de les dones serranes.<\/p>\n\n\n\n<figure class=\"wp-block-gallery has-nested-images columns-default is-cropped wp-block-gallery-1 is-layout-flex wp-block-gallery-is-layout-flex\">\n<figure class=\"wp-block-image size-large\"><img loading=\"lazy\" decoding=\"async\" width=\"2362\" height=\"1572\" data-id=\"180333\" src=\"http:\/\/www.tucomarca.com\/wordpress\/segunda\/wp-content\/uploads\/2023\/03\/8MDipu3.jpg\" alt=\"\" class=\"wp-image-180333\" srcset=\"https:\/\/www.tucomarca.com\/wordpress\/segunda\/wp-content\/uploads\/2023\/03\/8MDipu3.jpg 2362w, https:\/\/www.tucomarca.com\/wordpress\/segunda\/wp-content\/uploads\/2023\/03\/8MDipu3-300x200.jpg 300w, https:\/\/www.tucomarca.com\/wordpress\/segunda\/wp-content\/uploads\/2023\/03\/8MDipu3-1024x682.jpg 1024w, https:\/\/www.tucomarca.com\/wordpress\/segunda\/wp-content\/uploads\/2023\/03\/8MDipu3-768x511.jpg 768w, https:\/\/www.tucomarca.com\/wordpress\/segunda\/wp-content\/uploads\/2023\/03\/8MDipu3-1536x1022.jpg 1536w, https:\/\/www.tucomarca.com\/wordpress\/segunda\/wp-content\/uploads\/2023\/03\/8MDipu3-2048x1363.jpg 2048w\" sizes=\"auto, (max-width: 2362px) 100vw, 2362px\" \/><\/figure>\n\n\n\n<figure class=\"wp-block-image size-large\"><img loading=\"lazy\" decoding=\"async\" width=\"2362\" height=\"1535\" data-id=\"180331\" src=\"http:\/\/www.tucomarca.com\/wordpress\/segunda\/wp-content\/uploads\/2023\/03\/8MDipu2.jpg\" alt=\"\" class=\"wp-image-180331\" srcset=\"https:\/\/www.tucomarca.com\/wordpress\/segunda\/wp-content\/uploads\/2023\/03\/8MDipu2.jpg 2362w, https:\/\/www.tucomarca.com\/wordpress\/segunda\/wp-content\/uploads\/2023\/03\/8MDipu2-300x195.jpg 300w, https:\/\/www.tucomarca.com\/wordpress\/segunda\/wp-content\/uploads\/2023\/03\/8MDipu2-1024x665.jpg 1024w, https:\/\/www.tucomarca.com\/wordpress\/segunda\/wp-content\/uploads\/2023\/03\/8MDipu2-768x499.jpg 768w, https:\/\/www.tucomarca.com\/wordpress\/segunda\/wp-content\/uploads\/2023\/03\/8MDipu2-1536x998.jpg 1536w, https:\/\/www.tucomarca.com\/wordpress\/segunda\/wp-content\/uploads\/2023\/03\/8MDipu2-2048x1331.jpg 2048w\" sizes=\"auto, (max-width: 2362px) 100vw, 2362px\" \/><\/figure>\n<\/figure>\n","protected":false},"excerpt":{"rendered":"<div class=\"mh-excerpt\">El president, Toni Gaspar, la vicepresidenta, M\u00aa Josep Amig\u00f3, les diputades Eli Garc\u00eda, Pilar Sarri\u00f3n, Carolina Mengual i Roc\u00edo Gil i representants sindicals participen en la lectura del manifest del 8M. Entre les reivindicacions destaquen <a class=\"mh-excerpt-more\" href=\"https:\/\/www.tucomarca.com\/wordpress\/segunda\/ca\/la-diputacio-commemora-el-8-de-marc-amb-el-lema-nosaltres-les-dones-volem-decidir\/\" title=\"La Diputaci\u00f3 commemora el 8 de mar\u00e7 amb el lema \u2018Nosaltres, les dones, volem decidir\u2019\">[+] <\/a><\/div>\n","protected":false},"author":1,"featured_media":180330,"comment_status":"open","ping_status":"open","sticky":false,"template":"","format":"gallery","meta":{"footnotes":""},"categories":[11019,10898,10948,10894,10904,10947,10896],"tags":[11508,11246,11199],"class_list":{"0":"post-180336","1":"post","2":"type-post","3":"status-publish","4":"format-gallery","5":"has-post-thumbnail","7":"category-agenda-ca","8":"category-ventana-ca","9":"category-infraestructuras-ca","10":"category-la-comarca-ca","11":"category-sin-categorizar-ca","12":"category-politica","13":"category-seccion-ca","14":"tag-8m-ca","15":"tag-diputacio-de-valencia-ca","16":"tag-la-comunitat-ca","17":"post_format-post-format-gallery"},"_links":{"self":[{"href":"https:\/\/www.tucomarca.com\/wordpress\/segunda\/ca\/wp-json\/wp\/v2\/posts\/180336","targetHints":{"allow":["GET"]}}],"collection":[{"href":"https:\/\/www.tucomarca.com\/wordpress\/segunda\/ca\/wp-json\/wp\/v2\/posts"}],"about":[{"href":"https:\/\/www.tucomarca.com\/wordpress\/segunda\/ca\/wp-json\/wp\/v2\/types\/post"}],"author":[{"embeddable":true,"href":"https:\/\/www.tucomarca.com\/wordpress\/segunda\/ca\/wp-json\/wp\/v2\/users\/1"}],"replies":[{"embeddable":true,"href":"https:\/\/www.tucomarca.com\/wordpress\/segunda\/ca\/wp-json\/wp\/v2\/comments?post=180336"}],"version-history":[{"count":0,"href":"https:\/\/www.tucomarca.com\/wordpress\/segunda\/ca\/wp-json\/wp\/v2\/posts\/180336\/revisions"}],"wp:featuredmedia":[{"embeddable":true,"href":"https:\/\/www.tucomarca.com\/wordpress\/segunda\/ca\/wp-json\/wp\/v2\/media\/180330"}],"wp:attachment":[{"href":"https:\/\/www.tucomarca.com\/wordpress\/segunda\/ca\/wp-json\/wp\/v2\/media?parent=180336"}],"wp:term":[{"taxonomy":"category","embeddable":true,"href":"https:\/\/www.tucomarca.com\/wordpress\/segunda\/ca\/wp-json\/wp\/v2\/categories?post=180336"},{"taxonomy":"post_tag","embeddable":true,"href":"https:\/\/www.tucomarca.com\/wordpress\/segunda\/ca\/wp-json\/wp\/v2\/tags?post=180336"}],"curies":[{"name":"wp","href":"https:\/\/api.w.org\/{rel}","templated":true}]}}