{"id":180477,"date":"2023-03-13T10:00:00","date_gmt":"2023-03-13T09:00:00","guid":{"rendered":"https:\/\/www.tucomarca.com\/wordpress\/segunda\/?p=180477"},"modified":"2023-03-13T17:48:30","modified_gmt":"2023-03-13T16:48:30","slug":"lexposicio-itinerant-sobre-les-festes-de-la-comunitat-valenciana-amb-realitat-augmentada-terra-de-festes-ve-a-bunyol-el-17-i-18-de-marc","status":"publish","type":"post","link":"https:\/\/www.tucomarca.com\/wordpress\/segunda\/ca\/lexposicio-itinerant-sobre-les-festes-de-la-comunitat-valenciana-amb-realitat-augmentada-terra-de-festes-ve-a-bunyol-el-17-i-18-de-marc\/","title":{"rendered":"L&#8217;Exposici\u00f3 Itinerant sobre les festes de la Comunitat Valenciana amb realitat augmentada \u201cTerra de Festes\u201d ve a Bunyol el 17 i 18 de mar\u00e7"},"content":{"rendered":"\n<h4 class=\"wp-block-heading\">Aquest divendres i dissabte Bunyol rep la visita d&#8217;un gran tr\u00e0iler anomenat \u201cTerra de Festes\u201d que, a trav\u00e9s de realitat augmentada, tots els ve\u00efns i visitants podran entrar i con\u00e9ixer totes les festes de la Comunitat Valenciana de manera l\u00fadica, amena i divertida.&nbsp;<\/h4>\n\n\n\n<p>Bunyol, a m\u00e9s de l&#8217;enorme atractiu que tenen les seues festes josefinas, comptar\u00e0 els pr\u00f2xims 17 i 18 de mar\u00e7 amb la visita d&#8217;un gran tr\u00e0iler informatiu sobre Terra de Festes. Una excel\u00b7lent iniciativa que acosta les festes de la Comunitat Valenciana a nombrosos municipis d&#8217;aquesta autonomia. I Bunyol ser\u00e0 una de les localitats on primer aterrar\u00e0 per a donar a con\u00e9ixer a tots els ve\u00efns i visitants de manera l\u00fadica, amena, divertida i molt tecnol\u00f2gica les festes auton\u00f2miques.<br>Juncal Carrascosa, Alcaldessa de Bunyol, acaba de fer p\u00fablica aquesta informaci\u00f3. \u201cI \u00e9s que Bunyol es troba en el grup assessor d&#8217;aquesta comissi\u00f3 per tindre una festa d&#8217;Inter\u00e9s Tur\u00edstic Internacional com \u00e9s la Tomatina i que molt pocs municipis de la Comunitat tenen\u201d, va confirmar la primer edil.<br>Aquesta exposici\u00f3 itinerant acaba d&#8217;arrancar i un dels primers pobles on podr\u00e0 visitar-se \u00e9s a Bunyol els pr\u00f2xims divendres i dissabte. En aquest tr\u00e0iler es podr\u00e0 con\u00e9ixer m\u00e9s de prop totes les festes, la seua hist\u00f2ria, les seues gents i tot de manera virtual a trav\u00e9s de la realitat augmentada. Tamb\u00e9 comptar\u00e0 amb una zona on s&#8217;entregaran detalls de les festes i el visitant podr\u00e0 con\u00e9ixer m\u00e9s de les festes valencianes sense eixir del seu poble.<br>En aquests moments l&#8217;Ajuntament de Bunyol es troba estudiant la millor ubicaci\u00f3 d&#8217;aquest tr\u00e0iler en necessitar una \u00e0mplia zona on aparcar el tr\u00e0iler i la zona de regals. \u201cEstem estudiant una zona que resulte atractiva per als fallers i per als visitants, de manera que al mateix temps que visiten els monuments fallers i els casals, tamb\u00e9 puguen endinsar-se en aquest itinerari tan atractiu, sense incomodar cap acte faller i amb accessibilitat per a tots\u201d, va finalitzar Juncal Carrascosa, qui va anunciar que en breu es dir\u00e0 a tots els ve\u00efns la ubicaci\u00f3 exacta d&#8217;aquest gran cami\u00f3.<\/p>\n\n\n\n<p><\/p>\n","protected":false},"excerpt":{"rendered":"<div class=\"mh-excerpt\">Aquest divendres i dissabte Bunyol rep la visita d&#8217;un gran tr\u00e0iler anomenat \u201cTerra de Festes\u201d que, a trav\u00e9s de realitat augmentada, tots els ve\u00efns i visitants podran entrar i con\u00e9ixer totes les festes de la <a class=\"mh-excerpt-more\" href=\"https:\/\/www.tucomarca.com\/wordpress\/segunda\/ca\/lexposicio-itinerant-sobre-les-festes-de-la-comunitat-valenciana-amb-realitat-augmentada-terra-de-festes-ve-a-bunyol-el-17-i-18-de-marc\/\" title=\"L&#8217;Exposici\u00f3 Itinerant sobre les festes de la Comunitat Valenciana amb realitat augmentada \u201cTerra de Festes\u201d ve a Bunyol el 17 i 18 de mar\u00e7\">[+] <\/a><\/div>\n","protected":false},"author":12,"featured_media":180476,"comment_status":"open","ping_status":"open","sticky":false,"template":"","format":"standard","meta":{"footnotes":""},"categories":[11019,10911,10912,10896],"tags":[10913,10914],"class_list":{"0":"post-180477","1":"post","2":"type-post","3":"status-publish","4":"format-standard","5":"has-post-thumbnail","7":"category-agenda-ca","8":"category-bunol-ca","9":"category-la-hoya-ca","10":"category-seccion-ca","11":"tag-bunol-ca","12":"tag-la-hoya-de-bunol-chiva-ca"},"_links":{"self":[{"href":"https:\/\/www.tucomarca.com\/wordpress\/segunda\/ca\/wp-json\/wp\/v2\/posts\/180477","targetHints":{"allow":["GET"]}}],"collection":[{"href":"https:\/\/www.tucomarca.com\/wordpress\/segunda\/ca\/wp-json\/wp\/v2\/posts"}],"about":[{"href":"https:\/\/www.tucomarca.com\/wordpress\/segunda\/ca\/wp-json\/wp\/v2\/types\/post"}],"author":[{"embeddable":true,"href":"https:\/\/www.tucomarca.com\/wordpress\/segunda\/ca\/wp-json\/wp\/v2\/users\/12"}],"replies":[{"embeddable":true,"href":"https:\/\/www.tucomarca.com\/wordpress\/segunda\/ca\/wp-json\/wp\/v2\/comments?post=180477"}],"version-history":[{"count":0,"href":"https:\/\/www.tucomarca.com\/wordpress\/segunda\/ca\/wp-json\/wp\/v2\/posts\/180477\/revisions"}],"wp:featuredmedia":[{"embeddable":true,"href":"https:\/\/www.tucomarca.com\/wordpress\/segunda\/ca\/wp-json\/wp\/v2\/media\/180476"}],"wp:attachment":[{"href":"https:\/\/www.tucomarca.com\/wordpress\/segunda\/ca\/wp-json\/wp\/v2\/media?parent=180477"}],"wp:term":[{"taxonomy":"category","embeddable":true,"href":"https:\/\/www.tucomarca.com\/wordpress\/segunda\/ca\/wp-json\/wp\/v2\/categories?post=180477"},{"taxonomy":"post_tag","embeddable":true,"href":"https:\/\/www.tucomarca.com\/wordpress\/segunda\/ca\/wp-json\/wp\/v2\/tags?post=180477"}],"curies":[{"name":"wp","href":"https:\/\/api.w.org\/{rel}","templated":true}]}}