{"id":180718,"date":"2023-03-14T07:59:00","date_gmt":"2023-03-14T06:59:00","guid":{"rendered":"https:\/\/www.tucomarca.com\/wordpress\/segunda\/?p=180718"},"modified":"2023-03-14T22:40:43","modified_gmt":"2023-03-14T21:40:43","slug":"la-radio-municipal-de-bunyol-conclou-el-seu-cicle-dentrevistes-amb-motiu-del-40-aniversari-de-lestatut-dautonomia-de-la-comunitat-valenciana","status":"publish","type":"post","link":"https:\/\/www.tucomarca.com\/wordpress\/segunda\/ca\/la-radio-municipal-de-bunyol-conclou-el-seu-cicle-dentrevistes-amb-motiu-del-40-aniversari-de-lestatut-dautonomia-de-la-comunitat-valenciana\/","title":{"rendered":"La r\u00e0dio municipal de Bunyol conclou el seu cicle d&#8217;entrevistes amb motiu del 40 aniversari de l&#8217;Estatut d&#8217;Autonomia de la Comunitat Valenciana"},"content":{"rendered":"\n<p>Diverses personalitats pol\u00edtiques i sindicals han visitat el plat\u00f3 de televisi\u00f3 de R\u00e0dio Bunyol TV per a xarrar sobre el 40 aniversari de l&#8217;Estatut d&#8217;Autonomia de la Comunitat Valenciana durant aquest mes.&nbsp;<\/p>\n\n\n\n<p>En els \u00faltims dies el plat\u00f3 de televisi\u00f3 de R\u00e0dio Bunyol TV ha rebut diverses personalitats pol\u00edtiques i sindicals per a tractar el 40 aniversari de l&#8217;Estatut d&#8217;Autonomia de la Comunitat Valenciana.<\/p>\n\n\n\n<p>Aquest cicle d&#8217;entrevistes va arrancar amb l&#8217;expresident de la Generalitat Valenciana Joan Lerma; la sindicalista i professora Beatriu Cardona, per Intersindical Valenciana; la pol\u00edtica valenciana de Comprom\u00eds, \u00c0gueda Mic\u00f3; i el nomenat Comissionat per la Generalitat per a tractar i debatre aquest Estatut, Joan Sifre, de CCOO.<\/p>\n\n\n\n<p>Diversos punts de vista, an\u00e8cdotes, realitat, actualitat\u2026 tot el relacionat amb aquell estatut i les seues actualitzacions des de llavors s\u00f3n alguns dels aspectes que es tracten en les entrevistes, que poden veure&#8217;s en el canal de Youtube de R\u00e0dio Bunyol. Aquests s\u00f3n els enlla\u00e7os:<\/p>\n\n\n\n<p><a href=\"https:\/\/youtu.be\/h_h5ff08ins\">https:\/\/youtu.be\/h_h5ff08ins<\/a><\/p>\n\n\n\n<p><a href=\"https:\/\/youtu.be\/w1zvqqajlny\">https:\/\/youtu.be\/w1zvqqajlny<\/a><\/p>\n\n\n\n<p><a href=\"https:\/\/youtu.be\/p0w-zzgidvi\">https:\/\/youtu.be\/p0w-zzgidvi<\/a><\/p>\n\n\n\n<p><a href=\"https:\/\/youtu.be\/b0bltdbasbe\">https:\/\/youtu.be\/b0bltdbasbe<\/a><\/p>\n\n\n\n<p>Manuel Sierra, regidor de Mitjans de comunicaci\u00f3 de l&#8217;Ajuntament de Bunyol, posa en valor el treball que des de la r\u00e0dio municipal s&#8217;est\u00e0 fent en pro de la cultura valenciana per al coneixement de tots els ve\u00efns de la localitat en aquesta legislatura. Treball culminat amb aquest cicle d&#8217;entrevistes en el qual el p\u00fablic podia ser present.&nbsp;<\/p>\n\n\n\n<p><\/p>\n","protected":false},"excerpt":{"rendered":"<div class=\"mh-excerpt\">Diverses personalitats pol\u00edtiques i sindicals han visitat el plat\u00f3 de televisi\u00f3 de R\u00e0dio Bunyol TV per a xarrar sobre el 40 aniversari de l&#8217;Estatut d&#8217;Autonomia de la Comunitat Valenciana durant aquest mes.&nbsp; En els \u00faltims <a class=\"mh-excerpt-more\" href=\"https:\/\/www.tucomarca.com\/wordpress\/segunda\/ca\/la-radio-municipal-de-bunyol-conclou-el-seu-cicle-dentrevistes-amb-motiu-del-40-aniversari-de-lestatut-dautonomia-de-la-comunitat-valenciana\/\" title=\"La r\u00e0dio municipal de Bunyol conclou el seu cicle d&#8217;entrevistes amb motiu del 40 aniversari de l&#8217;Estatut d&#8217;Autonomia de la Comunitat Valenciana\">[+] <\/a><\/div>\n","protected":false},"author":12,"featured_media":180713,"comment_status":"open","ping_status":"open","sticky":false,"template":"","format":"standard","meta":{"footnotes":""},"categories":[10911,10948,10894,10912,10947,10896],"tags":[18909,10913,10914,12139,15546],"class_list":{"0":"post-180718","1":"post","2":"type-post","3":"status-publish","4":"format-standard","5":"has-post-thumbnail","7":"category-bunol-ca","8":"category-infraestructuras-ca","9":"category-la-comarca-ca","10":"category-la-hoya-ca","11":"category-politica","12":"category-seccion-ca","13":"tag-40-aniversario-del-estatuto-de-autonimia-ca","14":"tag-bunol-ca","15":"tag-la-hoya-de-bunol-chiva-ca","16":"tag-radio-bunol-tv-ca","17":"tag-radio-municipal-ca"},"_links":{"self":[{"href":"https:\/\/www.tucomarca.com\/wordpress\/segunda\/ca\/wp-json\/wp\/v2\/posts\/180718","targetHints":{"allow":["GET"]}}],"collection":[{"href":"https:\/\/www.tucomarca.com\/wordpress\/segunda\/ca\/wp-json\/wp\/v2\/posts"}],"about":[{"href":"https:\/\/www.tucomarca.com\/wordpress\/segunda\/ca\/wp-json\/wp\/v2\/types\/post"}],"author":[{"embeddable":true,"href":"https:\/\/www.tucomarca.com\/wordpress\/segunda\/ca\/wp-json\/wp\/v2\/users\/12"}],"replies":[{"embeddable":true,"href":"https:\/\/www.tucomarca.com\/wordpress\/segunda\/ca\/wp-json\/wp\/v2\/comments?post=180718"}],"version-history":[{"count":0,"href":"https:\/\/www.tucomarca.com\/wordpress\/segunda\/ca\/wp-json\/wp\/v2\/posts\/180718\/revisions"}],"wp:featuredmedia":[{"embeddable":true,"href":"https:\/\/www.tucomarca.com\/wordpress\/segunda\/ca\/wp-json\/wp\/v2\/media\/180713"}],"wp:attachment":[{"href":"https:\/\/www.tucomarca.com\/wordpress\/segunda\/ca\/wp-json\/wp\/v2\/media?parent=180718"}],"wp:term":[{"taxonomy":"category","embeddable":true,"href":"https:\/\/www.tucomarca.com\/wordpress\/segunda\/ca\/wp-json\/wp\/v2\/categories?post=180718"},{"taxonomy":"post_tag","embeddable":true,"href":"https:\/\/www.tucomarca.com\/wordpress\/segunda\/ca\/wp-json\/wp\/v2\/tags?post=180718"}],"curies":[{"name":"wp","href":"https:\/\/api.w.org\/{rel}","templated":true}]}}