{"id":180901,"date":"2023-03-15T12:12:00","date_gmt":"2023-03-15T11:12:00","guid":{"rendered":"https:\/\/www.tucomarca.com\/wordpress\/segunda\/?p=180901"},"modified":"2023-03-15T21:24:26","modified_gmt":"2023-03-15T20:24:26","slug":"un-conductor-sota-la-influencia-dalcohol-accedeix-a-la-a-3-en-sentit-contraria-la-altura-de-riba-roja","status":"publish","type":"post","link":"https:\/\/www.tucomarca.com\/wordpress\/segunda\/ca\/un-conductor-sota-la-influencia-dalcohol-accedeix-a-la-a-3-en-sentit-contraria-la-altura-de-riba-roja\/","title":{"rendered":"Un conductor sota la influ\u00e8ncia d&#8217;alcohol accedeix a la A-3 en sentit contraria la altura de Riba-roja"},"content":{"rendered":"\n<h3 class=\"wp-block-heading\"><strong>La Gu\u00e0rdia Civil ho investiga per dos delictes contra la seguretat vi\u00e0ria<\/strong><\/h3>\n\n\n\n<h3 class=\"wp-block-heading\"><strong>El vehicle va col\u00b7lidir amb un altre vehicle ocupat per dues persones.<\/strong><\/h3>\n\n\n\n<p>Sobre les 19.15 hores del dissabte 11 de mar\u00e7, el conductor d&#8217;un turisme en el qual viatjaven tres persones va accedir en sentit contrari a la A-3 a l&#8217;altura de Riba-roja de T\u00faria.<br>El vehicle que va circular sentit Val\u00e8ncia pels carrils cap a Madrid, va col\u00b7lidir contra un altre turisme provocant sol danys materials i sense que calguera lamentar v\u00edctimes.<br>La passatgera del turisme contra el qual va impactar, de 65 anys d&#8217;edat, no va dubtar a dirigir-se als ocupants del vehicle per a evitar que continuaren conduint incorrectament i s&#8217;absentaren del lloc.<br>Moments despr\u00e9s, una patrulla de motoristes de la Gu\u00e0rdia Civil de Tr\u00e0nsit es va personar en el punt, comprovant que el conductor es trobava sota la influ\u00e8ncia de begudes alcoh\u00f2liques, llan\u00e7ant un resultat que superava en m\u00e9s del doble la taxa d&#8217;alcohol permesa.<\/p>\n\n\n\n<p>Per un Equip d&#8217;Atestats del Subsector de la Gu\u00e0rdia Civil de Tr\u00e0nsit de Val\u00e8ncia es va procedir a investigar a l&#8217;autor, de 66 anys d&#8217;edat, per sengles delictes contra la seguretat vi\u00e0ria, per conducci\u00f3 temer\u00e0ria i per conduir sota la influ\u00e8ncia de begudes alcoh\u00f2liques, que comporten penes de fins a 2 anys de pres\u00f3 i privaci\u00f3 del dret a conduir fins a 6 anys.<\/p>\n\n\n\n<p><\/p>\n","protected":false},"excerpt":{"rendered":"<div class=\"mh-excerpt\">La Gu\u00e0rdia Civil ho investiga per dos delictes contra la seguretat vi\u00e0ria El vehicle va col\u00b7lidir amb un altre vehicle ocupat per dues persones. Sobre les 19.15 hores del dissabte 11 de mar\u00e7, el conductor <a class=\"mh-excerpt-more\" href=\"https:\/\/www.tucomarca.com\/wordpress\/segunda\/ca\/un-conductor-sota-la-influencia-dalcohol-accedeix-a-la-a-3-en-sentit-contraria-la-altura-de-riba-roja\/\" title=\"Un conductor sota la influ\u00e8ncia d&#8217;alcohol accedeix a la A-3 en sentit contraria la altura de Riba-roja\">[+] <\/a><\/div>\n","protected":false},"author":1,"featured_media":82026,"comment_status":"open","ping_status":"open","sticky":false,"template":"","format":"standard","meta":{"footnotes":""},"categories":[10892,10898,10894,10904,10906,10896,10897],"tags":[12993,10899,10907],"class_list":{"0":"post-180901","1":"post","2":"type-post","3":"status-publish","4":"format-standard","5":"has-post-thumbnail","7":"category-camp-de-turia-ca","8":"category-ventana-ca","9":"category-la-comarca-ca","10":"category-sin-categorizar-ca","11":"category-riba-roja-ca","12":"category-seccion-ca","13":"category-sucesos-la-comarca-ca","14":"tag-autovia-a-3-ca","15":"tag-camp-de-turia-ca","16":"tag-riba-roja-del-turia-ca"},"_links":{"self":[{"href":"https:\/\/www.tucomarca.com\/wordpress\/segunda\/ca\/wp-json\/wp\/v2\/posts\/180901","targetHints":{"allow":["GET"]}}],"collection":[{"href":"https:\/\/www.tucomarca.com\/wordpress\/segunda\/ca\/wp-json\/wp\/v2\/posts"}],"about":[{"href":"https:\/\/www.tucomarca.com\/wordpress\/segunda\/ca\/wp-json\/wp\/v2\/types\/post"}],"author":[{"embeddable":true,"href":"https:\/\/www.tucomarca.com\/wordpress\/segunda\/ca\/wp-json\/wp\/v2\/users\/1"}],"replies":[{"embeddable":true,"href":"https:\/\/www.tucomarca.com\/wordpress\/segunda\/ca\/wp-json\/wp\/v2\/comments?post=180901"}],"version-history":[{"count":0,"href":"https:\/\/www.tucomarca.com\/wordpress\/segunda\/ca\/wp-json\/wp\/v2\/posts\/180901\/revisions"}],"wp:featuredmedia":[{"embeddable":true,"href":"https:\/\/www.tucomarca.com\/wordpress\/segunda\/ca\/wp-json\/wp\/v2\/media\/82026"}],"wp:attachment":[{"href":"https:\/\/www.tucomarca.com\/wordpress\/segunda\/ca\/wp-json\/wp\/v2\/media?parent=180901"}],"wp:term":[{"taxonomy":"category","embeddable":true,"href":"https:\/\/www.tucomarca.com\/wordpress\/segunda\/ca\/wp-json\/wp\/v2\/categories?post=180901"},{"taxonomy":"post_tag","embeddable":true,"href":"https:\/\/www.tucomarca.com\/wordpress\/segunda\/ca\/wp-json\/wp\/v2\/tags?post=180901"}],"curies":[{"name":"wp","href":"https:\/\/api.w.org\/{rel}","templated":true}]}}