{"id":180919,"date":"2023-03-15T13:05:00","date_gmt":"2023-03-15T12:05:00","guid":{"rendered":"https:\/\/www.tucomarca.com\/wordpress\/segunda\/?p=180919"},"modified":"2023-03-15T22:24:26","modified_gmt":"2023-03-15T21:24:26","slug":"les-falles-ja-ocupen-els-carrers-de-benaguasil","status":"publish","type":"post","link":"https:\/\/www.tucomarca.com\/wordpress\/segunda\/ca\/les-falles-ja-ocupen-els-carrers-de-benaguasil\/","title":{"rendered":"Les Falles ja ocupen els carrers de Benaguasil"},"content":{"rendered":"\n<h4 class=\"wp-block-heading\">La plant\u00e0 dels monuments dona el tret d&#8217;eixida a cinc dies de celebraci\u00f3.<\/h4>\n\n\n\n<figure class=\"wp-block-image size-full is-resized\"><img loading=\"lazy\" decoding=\"async\" src=\"http:\/\/www.tucomarca.com\/wordpress\/segunda\/wp-content\/uploads\/2023\/03\/Benaguasilplanta2.jpg\" alt=\"\" class=\"wp-image-180914\" width=\"317\" height=\"414\" srcset=\"https:\/\/www.tucomarca.com\/wordpress\/segunda\/wp-content\/uploads\/2023\/03\/Benaguasilplanta2.jpg 709w, https:\/\/www.tucomarca.com\/wordpress\/segunda\/wp-content\/uploads\/2023\/03\/Benaguasilplanta2-229x300.jpg 229w\" sizes=\"auto, (max-width: 317px) 100vw, 317px\" \/><\/figure>\n\n\n\n<p>La setmana gran fallera ha donat el tret d&#8217;eixida amb la planta dels monuments fallers, que a poc a poc van prenent forma. Si b\u00e9 algunes comissions van avan\u00e7ar els treballs de trasllat i muntatge de les seues rematades, ser\u00e0 al llarg del dia de hui quan els artistes i els seus equips, aix\u00ed com els fallers, malden per donar els \u00faltims retocs i treballen a preu fet per a tindre&#8217;ls apunte.<\/p>\n\n\n\n<p>Amb els monuments fallers ja plantats, comen\u00e7aran uns dies fren\u00e8tics per a les deu comissions de Benaguasil. Un dels actes m\u00e9s esperats i importants ser\u00e0 con\u00e9ixer els premis de les falles. Ser\u00e0 el dijous 16 de mar\u00e7 a les 14 hores quan totes les comissions es concentren a les portes de l&#8217;Ajuntament per a con\u00e9ixer el veredicte del jurat i recollir els premis.<\/p>\n\n\n\n<p>Uns altres dels actes m\u00e9s esperats pels fallers i falleres \u00e9s el tren faller previst per al dia 17, i l&#8217;ofrena de flors a la Verge de Montiel i la cavalcada, que se celebraren el dia 18. El punt i final a les falles de 2023 ho posaran el dia 19 la masclet\u00e0 de l&#8217;Ajuntament que es disparar\u00e0 en l&#8217;Avinguda de Montiel, la missa i process\u00f3 en honor de San Jos\u00e9 i la Crem\u00e0.<\/p>\n","protected":false},"excerpt":{"rendered":"<div class=\"mh-excerpt\">La plant\u00e0 dels monuments dona el tret d&#8217;eixida a cinc dies de celebraci\u00f3. La setmana gran fallera ha donat el tret d&#8217;eixida amb la planta dels monuments fallers, que a poc a poc van prenent <a class=\"mh-excerpt-more\" href=\"https:\/\/www.tucomarca.com\/wordpress\/segunda\/ca\/les-falles-ja-ocupen-els-carrers-de-benaguasil\/\" title=\"Les Falles ja ocupen els carrers de Benaguasil\">[+] <\/a><\/div>\n","protected":false},"author":12,"featured_media":180917,"comment_status":"open","ping_status":"open","sticky":false,"template":"","format":"standard","meta":{"footnotes":""},"categories":[10952,10892,10898,10894,11004,11007,11008,10896],"tags":[11136,10899,17140],"class_list":{"0":"post-180919","1":"post","2":"type-post","3":"status-publish","4":"format-standard","5":"has-post-thumbnail","7":"category-benaguasil-ca","8":"category-camp-de-turia-ca","9":"category-ventana-ca","10":"category-la-comarca-ca","11":"category-la-semana-en-imagenes-ca","12":"category-ocio-y-cultura-ca","13":"category-pueblos-en-fiestas-ca","14":"category-seccion-ca","15":"tag-benaguasil-ca","16":"tag-camp-de-turia-ca","17":"tag-fallas-2023-ca"},"_links":{"self":[{"href":"https:\/\/www.tucomarca.com\/wordpress\/segunda\/ca\/wp-json\/wp\/v2\/posts\/180919","targetHints":{"allow":["GET"]}}],"collection":[{"href":"https:\/\/www.tucomarca.com\/wordpress\/segunda\/ca\/wp-json\/wp\/v2\/posts"}],"about":[{"href":"https:\/\/www.tucomarca.com\/wordpress\/segunda\/ca\/wp-json\/wp\/v2\/types\/post"}],"author":[{"embeddable":true,"href":"https:\/\/www.tucomarca.com\/wordpress\/segunda\/ca\/wp-json\/wp\/v2\/users\/12"}],"replies":[{"embeddable":true,"href":"https:\/\/www.tucomarca.com\/wordpress\/segunda\/ca\/wp-json\/wp\/v2\/comments?post=180919"}],"version-history":[{"count":0,"href":"https:\/\/www.tucomarca.com\/wordpress\/segunda\/ca\/wp-json\/wp\/v2\/posts\/180919\/revisions"}],"wp:featuredmedia":[{"embeddable":true,"href":"https:\/\/www.tucomarca.com\/wordpress\/segunda\/ca\/wp-json\/wp\/v2\/media\/180917"}],"wp:attachment":[{"href":"https:\/\/www.tucomarca.com\/wordpress\/segunda\/ca\/wp-json\/wp\/v2\/media?parent=180919"}],"wp:term":[{"taxonomy":"category","embeddable":true,"href":"https:\/\/www.tucomarca.com\/wordpress\/segunda\/ca\/wp-json\/wp\/v2\/categories?post=180919"},{"taxonomy":"post_tag","embeddable":true,"href":"https:\/\/www.tucomarca.com\/wordpress\/segunda\/ca\/wp-json\/wp\/v2\/tags?post=180919"}],"curies":[{"name":"wp","href":"https:\/\/api.w.org\/{rel}","templated":true}]}}