{"id":180929,"date":"2023-03-16T12:00:00","date_gmt":"2023-03-16T11:00:00","guid":{"rendered":"https:\/\/www.tucomarca.com\/wordpress\/segunda\/?p=180929"},"modified":"2023-03-16T19:45:41","modified_gmt":"2023-03-16T18:45:41","slug":"serveis-socials-va-realitzar-3-802-atencions-als-ciutadans-de-riba-roja-de-turia","status":"publish","type":"post","link":"https:\/\/www.tucomarca.com\/wordpress\/segunda\/ca\/serveis-socials-va-realitzar-3-802-atencions-als-ciutadans-de-riba-roja-de-turia\/","title":{"rendered":"Serveis Socials va realitzar 3.802 atencions als ciutadans de Riba-roja de T\u00faria"},"content":{"rendered":"\n<h4 class=\"wp-block-heading\">Triplica la partida fins als 3\u20197 milions d&#8217;euros en aquesta legislatura i ampliar\u00e0 la plantilla fins als 27 treballadors&nbsp; &nbsp;<\/h4>\n\n\n\n<h4 class=\"wp-block-heading\">L&#8217;\u00e0rea de Pol\u00edtiques Inclusives i Drets Socials elabora la mem\u00f2ria del departament de l&#8217;any 2022 que constata una atenci\u00f3 detallada a les persones m\u00e9s vulnerables de la localitat&nbsp;<\/h4>\n\n\n\n<p>L&#8217;Ajuntament de Riba-roja de T\u00faria ha triplicat \u00e0mpliament la partida de Serveis Socials durant aquesta legislatura en passar dels 1\u20191 milions d&#8217;euros corresponents a l&#8217;any 2019 fins als 3\u20197 milions d&#8217;euros que s&#8217;han destinat en el pressupost d&#8217;enguany. Paral\u00b7lelament, la plantilla de treballadors d&#8217;aquest departament s&#8217;ampliar\u00e0 fins a les 27 persones al llarg del present exercici per a atendre totes les necessitats de les persones m\u00e9s vulnerables.&nbsp;<\/p>\n\n\n\n<p>L&#8217;\u00e0rea de Pol\u00edtiques Inclusives i Drets Socials de Riba-roja de T\u00faria va augmentar fins a les 3.802 les atencions durant l&#8217;any 2022 destinades a orientar i informar sobre els diversos aspectes i q\u00fcestions relacionades amb els serveis socials, atenci\u00f3 a la depend\u00e8ncia i gesti\u00f3 i tramitaci\u00f3 d&#8217;ajudes i prestacions econ\u00f2miques de l&#8217;\u00e0mbit municipal, auton\u00f2mic i estatal, entre altres temes. A m\u00e9s, s&#8217;han gestionat recursos residencials, atenci\u00f3 psicol\u00f2gica, assessorament i acompanyament legal. &nbsp;<\/p>\n\n\n\n<p>La intervenci\u00f3 espec\u00edfica individualitzada i grupal als ciutadans pels diferents professionals en aquells casos en els quals l&#8217;actuaci\u00f3 dels Serveis Socials aix\u00ed ho ha requerit ha constitu\u00eft unes altres de les funcions que s&#8217;ha dut a terme al llarg del passat exercici 2022. Entre les atencions que s&#8217;han efectuat en aquest per\u00edode de temps destaquen les 287 sol\u00b7licituds aprovades corresponents a ajudes econ\u00f2miques individuals d&#8217;emerg\u00e8ncia social.&nbsp;<\/p>\n\n\n\n<p>L&#8217;\u00e0rea de les persones majors \u00e9s una de les quals concentra una atenci\u00f3 m\u00e9s exhaustiva, amb 182 tramitacions de sol\u00b7licituds de depend\u00e8ncia, altres 113 revisions del grau de depend\u00e8ncia, 129 valoracions t\u00e8cniques en domicili realitzades a les persones sol\u00b7licitants, un total de 125 persones usu\u00e0ries del servei d&#8217;\u00e0pats social de les quals 62 van ser donades d&#8217;alta en el citat exercici, altres 42 sol\u00b7licituds i tramitaci\u00f3 d&#8217;ajuda a domicili amb un cost global de 60.655 euros, dels quals l&#8217;ajuntament va aportar 43.331 euros i els restants 17.323 van ser a c\u00e0rrec de la conselleria d\u2019Igualtat i Pol\u00edtques Inclusives. La tele-assist\u00e8ncia, per part seua, va concentrar 45 sol\u00b7licituds en total.&nbsp;<\/p>\n\n\n\n<p>El programa municipal per a les persones majors \u00e9s un dels quals millor acolliment ha tingut al llarg del passat any amb 497 assistents a les diverses activitats dissenyades que s&#8217;han dut a terme durant el citat per\u00edode de temps. La gimn\u00e0stica \u00e9s la modalitat que ha congregat major participaci\u00f3 amb 147 assistents, altres 78 persones en zumba, 64 en pilates, 85 persones en el ball, 21 persones en marxa n\u00f2rdica, mentisques que en fotografia van assistir 9 persones, altres 44 en dibuix i pintura i, finalment, 24 en aplicacions m\u00f2bils i 25 en tallers d&#8217;activaci\u00f3 de la mem\u00f2ria.&nbsp;<\/p>\n\n\n\n<p>Les activitats dirigides a les persones amb diversitat funcional d&#8217;entre els 4 i els 60 anys s\u00f3n un altre dels \u00e0mbits en els quals es dediquen m\u00e9s recursos per a la seua atenci\u00f3, amb 32 persones participants en el seu programa d&#8217;oci i temps lliure, altres 21 persones a l&#8217;escola d&#8217;estiu, un total de 18 usuaris en el campament que es duu a terme habitualment el mes d&#8217;agost o les 4 sol\u00b7licituds tramitades corresponent al transport p\u00fablic. &nbsp;<\/p>\n\n\n\n<p>Altres programes municipals inclosos en la mem\u00f2ria de Serveis Socials de 2022 s\u00f3n el \u201cFent inf\u00e0ncia\u201d amb 30 menors atesos amb intervenci\u00f3 i seguiment, altres 50 xiquets i xiquetes a l&#8217;escola d&#8217;estiu municipal, s&#8217;han at\u00e9s, a m\u00e9s, 26 casos de dones v\u00edctimes de viol\u00e8ncia de g\u00e8nere a les quals se&#8217;ls realitza un seguiment, mentre que en mat\u00e8ria d&#8217;habitatge s&#8217;han concedit 31 ajudes per valor de 36.716 euros o els 31 informes d&#8217;arrelament a persones migrants.&nbsp;<\/p>\n\n\n\n<p>L&#8217;alcalde de Riba-roja de T\u00faria, Robert Raga, ha destacat \u201cl&#8217;enorme esfor\u00e7 en recursos humans i econ\u00f2mics que s&#8217;han destinat a l&#8217;atenci\u00f3 dels nostres majors o de les persones m\u00e9s vulnerables que s&#8217;han dut a terme al llarg d&#8217;aquesta legislatura, en triplicar les partides econ\u00f2miques pressupost\u00e0ries corresponents i en ampliar la plantilla de personal en aquest departament per a atendre correctament els ciutadans que precisen d&#8217;aquests serveis\u201d. &nbsp;<\/p>\n\n\n\n<p><\/p>\n","protected":false},"excerpt":{"rendered":"<div class=\"mh-excerpt\">Triplica la partida fins als 3\u20197 milions d&#8217;euros en aquesta legislatura i ampliar\u00e0 la plantilla fins als 27 treballadors&nbsp; &nbsp; L&#8217;\u00e0rea de Pol\u00edtiques Inclusives i Drets Socials elabora la mem\u00f2ria del departament de l&#8217;any 2022 <a class=\"mh-excerpt-more\" href=\"https:\/\/www.tucomarca.com\/wordpress\/segunda\/ca\/serveis-socials-va-realitzar-3-802-atencions-als-ciutadans-de-riba-roja-de-turia\/\" title=\"Serveis Socials va realitzar 3.802 atencions als ciutadans de Riba-roja de T\u00faria\">[+] <\/a><\/div>\n","protected":false},"author":12,"featured_media":180928,"comment_status":"open","ping_status":"open","sticky":false,"template":"","format":"standard","meta":{"footnotes":""},"categories":[10892,10948,10894,10947,10906,10896],"tags":[10899,15024,18912],"class_list":{"0":"post-180929","1":"post","2":"type-post","3":"status-publish","4":"format-standard","5":"has-post-thumbnail","7":"category-camp-de-turia-ca","8":"category-infraestructuras-ca","9":"category-la-comarca-ca","10":"category-politica","11":"category-riba-roja-ca","12":"category-seccion-ca","13":"tag-camp-de-turia-ca","14":"tag-riba-roja-de-turia-ca","15":"tag-serveis-socials-ca"},"_links":{"self":[{"href":"https:\/\/www.tucomarca.com\/wordpress\/segunda\/ca\/wp-json\/wp\/v2\/posts\/180929","targetHints":{"allow":["GET"]}}],"collection":[{"href":"https:\/\/www.tucomarca.com\/wordpress\/segunda\/ca\/wp-json\/wp\/v2\/posts"}],"about":[{"href":"https:\/\/www.tucomarca.com\/wordpress\/segunda\/ca\/wp-json\/wp\/v2\/types\/post"}],"author":[{"embeddable":true,"href":"https:\/\/www.tucomarca.com\/wordpress\/segunda\/ca\/wp-json\/wp\/v2\/users\/12"}],"replies":[{"embeddable":true,"href":"https:\/\/www.tucomarca.com\/wordpress\/segunda\/ca\/wp-json\/wp\/v2\/comments?post=180929"}],"version-history":[{"count":0,"href":"https:\/\/www.tucomarca.com\/wordpress\/segunda\/ca\/wp-json\/wp\/v2\/posts\/180929\/revisions"}],"wp:featuredmedia":[{"embeddable":true,"href":"https:\/\/www.tucomarca.com\/wordpress\/segunda\/ca\/wp-json\/wp\/v2\/media\/180928"}],"wp:attachment":[{"href":"https:\/\/www.tucomarca.com\/wordpress\/segunda\/ca\/wp-json\/wp\/v2\/media?parent=180929"}],"wp:term":[{"taxonomy":"category","embeddable":true,"href":"https:\/\/www.tucomarca.com\/wordpress\/segunda\/ca\/wp-json\/wp\/v2\/categories?post=180929"},{"taxonomy":"post_tag","embeddable":true,"href":"https:\/\/www.tucomarca.com\/wordpress\/segunda\/ca\/wp-json\/wp\/v2\/tags?post=180929"}],"curies":[{"name":"wp","href":"https:\/\/api.w.org\/{rel}","templated":true}]}}