{"id":180964,"date":"2023-03-16T10:00:00","date_gmt":"2023-03-16T09:00:00","guid":{"rendered":"https:\/\/www.tucomarca.com\/wordpress\/segunda\/?p=180964"},"modified":"2023-03-16T19:50:19","modified_gmt":"2023-03-16T18:50:19","slug":"lalumnat-dels-centres-escolars-de-xest-recapta-1-470-euros-per-a-feder-en-el-mercat-ambulant-solidari","status":"publish","type":"post","link":"https:\/\/www.tucomarca.com\/wordpress\/segunda\/ca\/lalumnat-dels-centres-escolars-de-xest-recapta-1-470-euros-per-a-feder-en-el-mercat-ambulant-solidari\/","title":{"rendered":"L&#8217;alumnat dels centres escolars de Xest recapta 1.470 euros per a Feder en el Mercat ambulant Solidari"},"content":{"rendered":"\n<p>Xest ha celebrat aquesta setmana el Mercat ambulant Solidari que organitza la regidoria d&#8217;Educaci\u00f3 al costat dels centres educatius de la localitat. Aquesta acci\u00f3 t\u00e9 l&#8217;objectiu d&#8217;implicar l&#8217;alumnat i a tota la poblaci\u00f3 en la recaptaci\u00f3 de fons amb finalitats ben\u00e8fics. En aquesta ocasi\u00f3, els fons obtinguts en el Mercat ambulant han anat destinats a la Federaci\u00f3 Espanyola de Malalties Rares (Feder), aportant un total de 1.470 euros.<\/p>\n\n\n\n<p>\u201cVull agrair la participaci\u00f3 de tots els centres educatius, em consta que han dedicat moltes hores per a preparar aquest mercat ambulant, perqu\u00e8 la majoria d&#8217;objectes que es venen hui ac\u00ed \u00e9s material confeccionat per l&#8217;alumnat\u201d, ha declarat la regidora d&#8217;Educaci\u00f3, M\u00aa \u00c1ngeles Llorente.<\/p>\n\n\n\n<p>A primera hora del mat\u00ed els col\u00b7legis CEIP Vicente Blasco Ib\u00e1\u00f1ez, CEIP Ana Lluch, CEIP Francisco Giner dels Rius i San Jos\u00e9 de la Muntanya han muntat els seus llocs de venda en la pla\u00e7a Doctor Cajal, on es podrien adquirir artesanies realitzades per l&#8217;alumnat i objectes en des\u00fas. \u201cEm sembla estupenda aquesta iniciativa, perqu\u00e8 amb aquesta activitat els xiquets ja comencen a conscienciar-se amb les causes socials i tamb\u00e9 estan fent que els ve\u00efns ens involucrem i col\u00b7laborem. Encara que ha vingut molta gent, m&#8217;agradaria que m\u00e9s persones del poble es bolcaren en aquesta mena d&#8217;actes\u201d, destacava M\u00aa Jes\u00fas Manzanera, una de les ve\u00efnes que ha participat realitzant compres en el Mercat ambulant.<\/p>\n\n\n\n<p>\u201cSens dubte aquesta experi\u00e8ncia ajuda al fet que els xiquets s&#8217;acostumen a fer coses pels altres; han estat molt motivats durant els preparatius i tamb\u00e9 hui ac\u00ed venent. En el cas del nostre centre, hem estat fent diferents manualitats en cada curs i aix\u00f2 \u00e9s el que ara estem venent\u201d, explicava Miriam Fraile Huercio, mestra del CEIP Ana Lluch.<\/p>\n\n\n\n<p>El propi alumnat, coordinat pels seus mestres i mestres, ha sigut l&#8217;encarregat de realitzar les vendes a totes les persones que s&#8217;han acostat a la pla\u00e7a per a col\u00b7laborar. \u201cHem portat moltes coses diferents, totes fetes per nosaltres a m\u00e0 i s&#8217;est\u00e0 venent quasi tot\u201d, apuntava Pedro Giner, alumne del CEIP Vicente Blasco Ib\u00e1\u00f1ez. \u201cTots estem contents de ser ac\u00ed i estem gaudint de l&#8217;activitat, per\u00f2 sobretot, ens agrada la idea de poder recaptar diners amb finalitats ben\u00e8fics\u201d.<\/p>\n\n\n\n<p>En finalitzar el Mercat ambulant s&#8217;ha fet lliurament a Feder de tota la recaptaci\u00f3.<\/p>\n\n\n\n<figure class=\"wp-block-gallery has-nested-images columns-2 is-cropped wp-block-gallery-1 is-layout-flex wp-block-gallery-is-layout-flex\">\n<figure class=\"wp-block-image size-large\"><img loading=\"lazy\" decoding=\"async\" width=\"709\" height=\"473\" data-id=\"180949\" src=\"http:\/\/www.tucomarca.com\/wordpress\/segunda\/wp-content\/uploads\/2023\/03\/Cheste_MercadilloSolidario_2.jpg\" alt=\"\" class=\"wp-image-180949\" srcset=\"https:\/\/www.tucomarca.com\/wordpress\/segunda\/wp-content\/uploads\/2023\/03\/Cheste_MercadilloSolidario_2.jpg 709w, https:\/\/www.tucomarca.com\/wordpress\/segunda\/wp-content\/uploads\/2023\/03\/Cheste_MercadilloSolidario_2-300x200.jpg 300w\" sizes=\"auto, (max-width: 709px) 100vw, 709px\" \/><\/figure>\n\n\n\n<figure class=\"wp-block-image size-large\"><img loading=\"lazy\" decoding=\"async\" width=\"709\" height=\"473\" data-id=\"180951\" src=\"http:\/\/www.tucomarca.com\/wordpress\/segunda\/wp-content\/uploads\/2023\/03\/Cheste_MercadilloSolidario_3.jpg\" alt=\"\" class=\"wp-image-180951\" srcset=\"https:\/\/www.tucomarca.com\/wordpress\/segunda\/wp-content\/uploads\/2023\/03\/Cheste_MercadilloSolidario_3.jpg 709w, https:\/\/www.tucomarca.com\/wordpress\/segunda\/wp-content\/uploads\/2023\/03\/Cheste_MercadilloSolidario_3-300x200.jpg 300w\" sizes=\"auto, (max-width: 709px) 100vw, 709px\" \/><\/figure>\n\n\n\n<figure class=\"wp-block-image size-large\"><img loading=\"lazy\" decoding=\"async\" width=\"709\" height=\"473\" data-id=\"180953\" src=\"http:\/\/www.tucomarca.com\/wordpress\/segunda\/wp-content\/uploads\/2023\/03\/Cheste_MercadilloSolidario_4.jpg\" alt=\"\" class=\"wp-image-180953\" srcset=\"https:\/\/www.tucomarca.com\/wordpress\/segunda\/wp-content\/uploads\/2023\/03\/Cheste_MercadilloSolidario_4.jpg 709w, https:\/\/www.tucomarca.com\/wordpress\/segunda\/wp-content\/uploads\/2023\/03\/Cheste_MercadilloSolidario_4-300x200.jpg 300w\" sizes=\"auto, (max-width: 709px) 100vw, 709px\" \/><\/figure>\n\n\n\n<figure class=\"wp-block-image size-large\"><img loading=\"lazy\" decoding=\"async\" width=\"709\" height=\"473\" data-id=\"180955\" src=\"http:\/\/www.tucomarca.com\/wordpress\/segunda\/wp-content\/uploads\/2023\/03\/Cheste_MercadilloSolidario_5.jpg\" alt=\"\" class=\"wp-image-180955\" srcset=\"https:\/\/www.tucomarca.com\/wordpress\/segunda\/wp-content\/uploads\/2023\/03\/Cheste_MercadilloSolidario_5.jpg 709w, https:\/\/www.tucomarca.com\/wordpress\/segunda\/wp-content\/uploads\/2023\/03\/Cheste_MercadilloSolidario_5-300x200.jpg 300w\" sizes=\"auto, (max-width: 709px) 100vw, 709px\" \/><\/figure>\n\n\n\n<figure class=\"wp-block-image size-large\"><img loading=\"lazy\" decoding=\"async\" width=\"709\" height=\"473\" data-id=\"180957\" src=\"http:\/\/www.tucomarca.com\/wordpress\/segunda\/wp-content\/uploads\/2023\/03\/Cheste_MercadilloSolidario_6.jpg\" alt=\"\" class=\"wp-image-180957\" srcset=\"https:\/\/www.tucomarca.com\/wordpress\/segunda\/wp-content\/uploads\/2023\/03\/Cheste_MercadilloSolidario_6.jpg 709w, https:\/\/www.tucomarca.com\/wordpress\/segunda\/wp-content\/uploads\/2023\/03\/Cheste_MercadilloSolidario_6-300x200.jpg 300w\" sizes=\"auto, (max-width: 709px) 100vw, 709px\" \/><\/figure>\n\n\n\n<figure class=\"wp-block-image size-large\"><img loading=\"lazy\" decoding=\"async\" width=\"709\" height=\"473\" data-id=\"180947\" src=\"http:\/\/www.tucomarca.com\/wordpress\/segunda\/wp-content\/uploads\/2023\/03\/Cheste_MercadilloSolidario_1.jpg\" alt=\"\" class=\"wp-image-180947\" srcset=\"https:\/\/www.tucomarca.com\/wordpress\/segunda\/wp-content\/uploads\/2023\/03\/Cheste_MercadilloSolidario_1.jpg 709w, https:\/\/www.tucomarca.com\/wordpress\/segunda\/wp-content\/uploads\/2023\/03\/Cheste_MercadilloSolidario_1-300x200.jpg 300w\" sizes=\"auto, (max-width: 709px) 100vw, 709px\" \/><\/figure>\n<\/figure>\n","protected":false},"excerpt":{"rendered":"<div class=\"mh-excerpt\">Xest ha celebrat aquesta setmana el Mercat ambulant Solidari que organitza la regidoria d&#8217;Educaci\u00f3 al costat dels centres educatius de la localitat. Aquesta acci\u00f3 t\u00e9 l&#8217;objectiu d&#8217;implicar l&#8217;alumnat i a tota la poblaci\u00f3 en la <a class=\"mh-excerpt-more\" href=\"https:\/\/www.tucomarca.com\/wordpress\/segunda\/ca\/lalumnat-dels-centres-escolars-de-xest-recapta-1-470-euros-per-a-feder-en-el-mercat-ambulant-solidari\/\" title=\"L&#8217;alumnat dels centres escolars de Xest recapta 1.470 euros per a Feder en el Mercat ambulant Solidari\">[+] <\/a><\/div>\n","protected":false},"author":12,"featured_media":180960,"comment_status":"open","ping_status":"open","sticky":false,"template":"","format":"gallery","meta":{"footnotes":""},"categories":[10894,10912,11007,10896,10974],"tags":[11071,11479,10914,17240],"class_list":{"0":"post-180964","1":"post","2":"type-post","3":"status-publish","4":"format-gallery","5":"has-post-thumbnail","7":"category-la-comarca-ca","8":"category-la-hoya-ca","9":"category-ocio-y-cultura-ca","10":"category-seccion-ca","11":"category-cheste-ca","12":"tag-cheste","13":"tag-feder-ca","14":"tag-la-hoya-de-bunol-chiva-ca","15":"tag-mercadillo-solidario-ca","16":"post_format-post-format-gallery"},"_links":{"self":[{"href":"https:\/\/www.tucomarca.com\/wordpress\/segunda\/ca\/wp-json\/wp\/v2\/posts\/180964","targetHints":{"allow":["GET"]}}],"collection":[{"href":"https:\/\/www.tucomarca.com\/wordpress\/segunda\/ca\/wp-json\/wp\/v2\/posts"}],"about":[{"href":"https:\/\/www.tucomarca.com\/wordpress\/segunda\/ca\/wp-json\/wp\/v2\/types\/post"}],"author":[{"embeddable":true,"href":"https:\/\/www.tucomarca.com\/wordpress\/segunda\/ca\/wp-json\/wp\/v2\/users\/12"}],"replies":[{"embeddable":true,"href":"https:\/\/www.tucomarca.com\/wordpress\/segunda\/ca\/wp-json\/wp\/v2\/comments?post=180964"}],"version-history":[{"count":0,"href":"https:\/\/www.tucomarca.com\/wordpress\/segunda\/ca\/wp-json\/wp\/v2\/posts\/180964\/revisions"}],"wp:featuredmedia":[{"embeddable":true,"href":"https:\/\/www.tucomarca.com\/wordpress\/segunda\/ca\/wp-json\/wp\/v2\/media\/180960"}],"wp:attachment":[{"href":"https:\/\/www.tucomarca.com\/wordpress\/segunda\/ca\/wp-json\/wp\/v2\/media?parent=180964"}],"wp:term":[{"taxonomy":"category","embeddable":true,"href":"https:\/\/www.tucomarca.com\/wordpress\/segunda\/ca\/wp-json\/wp\/v2\/categories?post=180964"},{"taxonomy":"post_tag","embeddable":true,"href":"https:\/\/www.tucomarca.com\/wordpress\/segunda\/ca\/wp-json\/wp\/v2\/tags?post=180964"}],"curies":[{"name":"wp","href":"https:\/\/api.w.org\/{rel}","templated":true}]}}