{"id":181021,"date":"2023-03-16T09:00:00","date_gmt":"2023-03-16T08:00:00","guid":{"rendered":"https:\/\/www.tucomarca.com\/wordpress\/segunda\/?p=181021"},"modified":"2023-03-16T20:59:24","modified_gmt":"2023-03-16T19:59:24","slug":"cinc-gossos-i-un-gat-pereixen-en-lincendi-dun-garatge-en-riba-roja-del-turia","status":"publish","type":"post","link":"https:\/\/www.tucomarca.com\/wordpress\/segunda\/ca\/cinc-gossos-i-un-gat-pereixen-en-lincendi-dun-garatge-en-riba-roja-del-turia\/","title":{"rendered":"Cinc gossos i un gat pereixen en l&#8217;incendi d&#8217;un garatge en Riba-roja del T\u00faria"},"content":{"rendered":"\n<p>Efectius del Consorci Provincial de Bombers de Val\u00e8ncia han intervingut aquest dimecres al mat\u00ed en un incendi declarat en un garatge de Riba-roja del T\u00faria en el qual han perit cinc gossos i un gat. <\/p>\n\n\n\n<p>El sinistre es va iniciar a les 8,15 hores del mat\u00ed en un garatge situat al carrer Crist dels Afligits en el qual, segons fonts del Consorci, s&#8217;acumulaven molts materials i estris varis en el seu interior. <\/p>\n\n\n\n<p>Per als treballs d&#8217;extinci\u00f3 s&#8217;han mobilitzat efectius del parc de Paterna, Torrent i L&#8217;Eliana; aix\u00ed com el sergent de Paterna.<\/p>\n\n\n\n<figure class=\"wp-block-gallery has-nested-images columns-default is-cropped wp-block-gallery-1 is-layout-flex wp-block-gallery-is-layout-flex\">\n<figure class=\"wp-block-image size-large\"><img loading=\"lazy\" decoding=\"async\" width=\"1440\" height=\"1920\" data-id=\"181016\" src=\"http:\/\/www.tucomarca.com\/wordpress\/segunda\/wp-content\/uploads\/2023\/03\/incnedioRiba3.jpg\" alt=\"\" class=\"wp-image-181016\" srcset=\"https:\/\/www.tucomarca.com\/wordpress\/segunda\/wp-content\/uploads\/2023\/03\/incnedioRiba3.jpg 1440w, https:\/\/www.tucomarca.com\/wordpress\/segunda\/wp-content\/uploads\/2023\/03\/incnedioRiba3-225x300.jpg 225w, https:\/\/www.tucomarca.com\/wordpress\/segunda\/wp-content\/uploads\/2023\/03\/incnedioRiba3-768x1024.jpg 768w, https:\/\/www.tucomarca.com\/wordpress\/segunda\/wp-content\/uploads\/2023\/03\/incnedioRiba3-1152x1536.jpg 1152w\" sizes=\"auto, (max-width: 1440px) 100vw, 1440px\" \/><\/figure>\n\n\n\n<figure class=\"wp-block-image size-large\"><img loading=\"lazy\" decoding=\"async\" width=\"1440\" height=\"1920\" data-id=\"181018\" src=\"http:\/\/www.tucomarca.com\/wordpress\/segunda\/wp-content\/uploads\/2023\/03\/incendioRiba4.jpg\" alt=\"\" class=\"wp-image-181018\" srcset=\"https:\/\/www.tucomarca.com\/wordpress\/segunda\/wp-content\/uploads\/2023\/03\/incendioRiba4.jpg 1440w, https:\/\/www.tucomarca.com\/wordpress\/segunda\/wp-content\/uploads\/2023\/03\/incendioRiba4-225x300.jpg 225w, https:\/\/www.tucomarca.com\/wordpress\/segunda\/wp-content\/uploads\/2023\/03\/incendioRiba4-768x1024.jpg 768w, https:\/\/www.tucomarca.com\/wordpress\/segunda\/wp-content\/uploads\/2023\/03\/incendioRiba4-1152x1536.jpg 1152w\" sizes=\"auto, (max-width: 1440px) 100vw, 1440px\" \/><\/figure>\n<\/figure>\n","protected":false},"excerpt":{"rendered":"<div class=\"mh-excerpt\">Efectius del Consorci Provincial de Bombers de Val\u00e8ncia han intervingut aquest dimecres al mat\u00ed en un incendi declarat en un garatge de Riba-roja del T\u00faria en el qual han perit cinc gossos i un gat. <a class=\"mh-excerpt-more\" href=\"https:\/\/www.tucomarca.com\/wordpress\/segunda\/ca\/cinc-gossos-i-un-gat-pereixen-en-lincendi-dun-garatge-en-riba-roja-del-turia\/\" title=\"Cinc gossos i un gat pereixen en l&#8217;incendi d&#8217;un garatge en Riba-roja del T\u00faria\">[+] <\/a><\/div>\n","protected":false},"author":1,"featured_media":181013,"comment_status":"open","ping_status":"open","sticky":false,"template":"","format":"gallery","meta":{"footnotes":""},"categories":[10892,10898,10948,10894,10904,10906,10896,10897],"tags":[10899,12755,10907],"class_list":{"0":"post-181021","1":"post","2":"type-post","3":"status-publish","4":"format-gallery","5":"has-post-thumbnail","7":"category-camp-de-turia-ca","8":"category-ventana-ca","9":"category-infraestructuras-ca","10":"category-la-comarca-ca","11":"category-sin-categorizar-ca","12":"category-riba-roja-ca","13":"category-seccion-ca","14":"category-sucesos-la-comarca-ca","15":"tag-camp-de-turia-ca","16":"tag-incendio-ca","17":"tag-riba-roja-del-turia-ca","18":"post_format-post-format-gallery"},"_links":{"self":[{"href":"https:\/\/www.tucomarca.com\/wordpress\/segunda\/ca\/wp-json\/wp\/v2\/posts\/181021","targetHints":{"allow":["GET"]}}],"collection":[{"href":"https:\/\/www.tucomarca.com\/wordpress\/segunda\/ca\/wp-json\/wp\/v2\/posts"}],"about":[{"href":"https:\/\/www.tucomarca.com\/wordpress\/segunda\/ca\/wp-json\/wp\/v2\/types\/post"}],"author":[{"embeddable":true,"href":"https:\/\/www.tucomarca.com\/wordpress\/segunda\/ca\/wp-json\/wp\/v2\/users\/1"}],"replies":[{"embeddable":true,"href":"https:\/\/www.tucomarca.com\/wordpress\/segunda\/ca\/wp-json\/wp\/v2\/comments?post=181021"}],"version-history":[{"count":0,"href":"https:\/\/www.tucomarca.com\/wordpress\/segunda\/ca\/wp-json\/wp\/v2\/posts\/181021\/revisions"}],"wp:featuredmedia":[{"embeddable":true,"href":"https:\/\/www.tucomarca.com\/wordpress\/segunda\/ca\/wp-json\/wp\/v2\/media\/181013"}],"wp:attachment":[{"href":"https:\/\/www.tucomarca.com\/wordpress\/segunda\/ca\/wp-json\/wp\/v2\/media?parent=181021"}],"wp:term":[{"taxonomy":"category","embeddable":true,"href":"https:\/\/www.tucomarca.com\/wordpress\/segunda\/ca\/wp-json\/wp\/v2\/categories?post=181021"},{"taxonomy":"post_tag","embeddable":true,"href":"https:\/\/www.tucomarca.com\/wordpress\/segunda\/ca\/wp-json\/wp\/v2\/tags?post=181021"}],"curies":[{"name":"wp","href":"https:\/\/api.w.org\/{rel}","templated":true}]}}