{"id":181520,"date":"2023-03-21T10:00:00","date_gmt":"2023-03-21T09:00:00","guid":{"rendered":"https:\/\/www.tucomarca.com\/wordpress\/segunda\/?p=181520"},"modified":"2023-03-21T13:44:34","modified_gmt":"2023-03-21T12:44:34","slug":"carlos-mazon-i-vicente-mompo-abrigallaran-a-ricardo-gabaldon-en-la-seua-presentacio-com-a-candidat-a-lalcaldia-dutiel-pel-pp","status":"publish","type":"post","link":"https:\/\/www.tucomarca.com\/wordpress\/segunda\/ca\/carlos-mazon-i-vicente-mompo-abrigallaran-a-ricardo-gabaldon-en-la-seua-presentacio-com-a-candidat-a-lalcaldia-dutiel-pel-pp\/","title":{"rendered":"Carlos Maz\u00f3n i Vicente Momp\u00f3 abrigallaran a Ricardo Gabald\u00f3n en la seua presentaci\u00f3 com a candidat a l&#8217;alcaldia d&#8217;Utiel pel PP"},"content":{"rendered":"\n<h3 class=\"wp-block-heading\">El candidat a l&#8217;alcaldia d&#8217;Utiel, Ricardo Gabald\u00f3n, comptar\u00e0&nbsp;amb el suport de Carlos Maz\u00f3n i Vicente Momp\u00f3, el dissabte 25 de mar\u00e7 a la casa de Cultura de la poblaci\u00f3, en la presentaci\u00f3 oficial de la seua candidatura davant afiliats, simpatitzants i ciutadans del municipi.&nbsp;<\/h3>\n\n\n\n<p>El dissabte dia 25 de mar\u00e7, a les 17,00 hores, a la Casa de Cultura d&#8217;Utiel, tindr\u00e0 lloc la presentaci\u00f3 oficial de la candidatura de Ricardo Gabald\u00f3n a l&#8217;alcaldia del municipi. A l&#8217;acte est\u00e0 confirmada la pres\u00e8ncia del tamb\u00e9&nbsp;candidat a la Generalitat Valenciana, Carlos Maz\u00f3n i el president provincial del PP Vicente Momp\u00f3.<\/p>\n\n\n\n<p>En l&#8217;acte de presentaci\u00f3, el candidat a l&#8217;alcaldia, juntament amb el candidat&nbsp;tamb\u00e9 a la Generalitat, demanaran a la ciutadania que confien en Ricardo&nbsp;Gabald\u00f3n com a candidat, &#8220;perqu\u00e8 Utiel progresse i isca de la letargia en el&nbsp;que es troba&#8221;, afirmen els populars d&#8217;Utiel.<\/p>\n\n\n\n<p>Abans de l&#8217;acte de presentaci\u00f3, el candidat juntament amb representants del Partit Popular de Val\u00e8ncia, representants locals, afiliats i simpatitzants, celebraran un menjar a l&#8217;Hotel El Tollo d&#8217;Utiel a les 14.30 hores. Informa, <strong>Luis Ib\u00e1\u00f1ez<\/strong>.<\/p>\n","protected":false},"excerpt":{"rendered":"<div class=\"mh-excerpt\">El candidat a l&#8217;alcaldia d&#8217;Utiel, Ricardo Gabald\u00f3n, comptar\u00e0&nbsp;amb el suport de Carlos Maz\u00f3n i Vicente Momp\u00f3, el dissabte 25 de mar\u00e7 a la casa de Cultura de la poblaci\u00f3, en la presentaci\u00f3 oficial de la <a class=\"mh-excerpt-more\" href=\"https:\/\/www.tucomarca.com\/wordpress\/segunda\/ca\/carlos-mazon-i-vicente-mompo-abrigallaran-a-ricardo-gabaldon-en-la-seua-presentacio-com-a-candidat-a-lalcaldia-dutiel-pel-pp\/\" title=\"Carlos Maz\u00f3n i Vicente Momp\u00f3 abrigallaran a Ricardo Gabald\u00f3n en la seua presentaci\u00f3 com a candidat a l&#8217;alcaldia d&#8217;Utiel pel PP\">[+] <\/a><\/div>\n","protected":false},"author":1,"featured_media":181518,"comment_status":"open","ping_status":"open","sticky":false,"template":"","format":"standard","meta":{"footnotes":""},"categories":[11019,10948,10894,10947,10909,10896,11059],"tags":[11978,10910,11174],"class_list":{"0":"post-181520","1":"post","2":"type-post","3":"status-publish","4":"format-standard","5":"has-post-thumbnail","7":"category-agenda-ca","8":"category-infraestructuras-ca","9":"category-la-comarca-ca","10":"category-politica","11":"category-requena-utiel-ca","12":"category-seccion-ca","13":"category-utiel-ca","14":"tag-partido-popular-ca","15":"tag-requena-utiel-ca","16":"tag-utiel-ca"},"_links":{"self":[{"href":"https:\/\/www.tucomarca.com\/wordpress\/segunda\/ca\/wp-json\/wp\/v2\/posts\/181520","targetHints":{"allow":["GET"]}}],"collection":[{"href":"https:\/\/www.tucomarca.com\/wordpress\/segunda\/ca\/wp-json\/wp\/v2\/posts"}],"about":[{"href":"https:\/\/www.tucomarca.com\/wordpress\/segunda\/ca\/wp-json\/wp\/v2\/types\/post"}],"author":[{"embeddable":true,"href":"https:\/\/www.tucomarca.com\/wordpress\/segunda\/ca\/wp-json\/wp\/v2\/users\/1"}],"replies":[{"embeddable":true,"href":"https:\/\/www.tucomarca.com\/wordpress\/segunda\/ca\/wp-json\/wp\/v2\/comments?post=181520"}],"version-history":[{"count":0,"href":"https:\/\/www.tucomarca.com\/wordpress\/segunda\/ca\/wp-json\/wp\/v2\/posts\/181520\/revisions"}],"wp:featuredmedia":[{"embeddable":true,"href":"https:\/\/www.tucomarca.com\/wordpress\/segunda\/ca\/wp-json\/wp\/v2\/media\/181518"}],"wp:attachment":[{"href":"https:\/\/www.tucomarca.com\/wordpress\/segunda\/ca\/wp-json\/wp\/v2\/media?parent=181520"}],"wp:term":[{"taxonomy":"category","embeddable":true,"href":"https:\/\/www.tucomarca.com\/wordpress\/segunda\/ca\/wp-json\/wp\/v2\/categories?post=181520"},{"taxonomy":"post_tag","embeddable":true,"href":"https:\/\/www.tucomarca.com\/wordpress\/segunda\/ca\/wp-json\/wp\/v2\/tags?post=181520"}],"curies":[{"name":"wp","href":"https:\/\/api.w.org\/{rel}","templated":true}]}}