{"id":181609,"date":"2023-03-22T12:00:00","date_gmt":"2023-03-22T11:00:00","guid":{"rendered":"https:\/\/www.tucomarca.com\/wordpress\/segunda\/?p=181609"},"modified":"2023-03-22T12:49:47","modified_gmt":"2023-03-22T11:49:47","slug":"esquerra-unida-i-podemos-pacten-una-candidatura-conjunta-per-a-les-municipals-a-bunyol-que-encapcalara-chimo-masmano-ruiz","status":"publish","type":"post","link":"https:\/\/www.tucomarca.com\/wordpress\/segunda\/ca\/esquerra-unida-i-podemos-pacten-una-candidatura-conjunta-per-a-les-municipals-a-bunyol-que-encapcalara-chimo-masmano-ruiz\/","title":{"rendered":"Esquerra Unida i Podemos pacten una candidatura conjunta per a les municipals a Bunyol que encap\u00e7alar\u00e0 Chimo Masmano Ruiz"},"content":{"rendered":"\n<p>Esquerra Unida i Podem de Bunyol han arribat a un acord per a presentar-se en coalici\u00f3 a les pr\u00f2ximes eleccions municipals del 28 de Maig de 2023, una candidatura unit\u00e0ria que encap\u00e7alar\u00e0 Chimo Masmano Ruiz i el segon lloc de la qual estar\u00e0 ocupat per l&#8217;actual cap de llista de Podemos en la localitat, Mati Mas.<\/p>\n\n\n\n<p>&#8220;L&#8217;acord s&#8217;ha produ\u00eft despr\u00e9s que en les assemblees de tots dos partits es prenguera aquesta decisi\u00f3, amb la ferma intenci\u00f3 de conjuminar esfor\u00e7os des de l&#8217;esquerra, encaminats a realitzar una pol\u00edtica local, per a la ciutadania&#8221;, tal com han informat a trav\u00e9s de les seues xarxes socials totes dues formacions.<\/p>\n","protected":false},"excerpt":{"rendered":"<div class=\"mh-excerpt\">Esquerra Unida i Podem de Bunyol han arribat a un acord per a presentar-se en coalici\u00f3 a les pr\u00f2ximes eleccions municipals del 28 de Maig de 2023, una candidatura unit\u00e0ria que encap\u00e7alar\u00e0 Chimo Masmano Ruiz <a class=\"mh-excerpt-more\" href=\"https:\/\/www.tucomarca.com\/wordpress\/segunda\/ca\/esquerra-unida-i-podemos-pacten-una-candidatura-conjunta-per-a-les-municipals-a-bunyol-que-encapcalara-chimo-masmano-ruiz\/\" title=\"Esquerra Unida i Podemos pacten una candidatura conjunta per a les municipals a Bunyol que encap\u00e7alar\u00e0 Chimo Masmano Ruiz\">[+] <\/a><\/div>\n","protected":false},"author":12,"featured_media":181607,"comment_status":"open","ping_status":"open","sticky":false,"template":"","format":"standard","meta":{"footnotes":""},"categories":[10911,10894,10912,10947,10896],"tags":[10913,18828,11569,10914,13025],"class_list":{"0":"post-181609","1":"post","2":"type-post","3":"status-publish","4":"format-standard","5":"has-post-thumbnail","7":"category-bunol-ca","8":"category-la-comarca-ca","9":"category-la-hoya-ca","10":"category-politica","11":"category-seccion-ca","12":"tag-bunol-ca","13":"tag-elecciones-municipales-2023-ca","14":"tag-esquerra-unida-bunol-ca","15":"tag-la-hoya-de-bunol-chiva-ca","16":"tag-podemos-bunol-ca"},"_links":{"self":[{"href":"https:\/\/www.tucomarca.com\/wordpress\/segunda\/ca\/wp-json\/wp\/v2\/posts\/181609","targetHints":{"allow":["GET"]}}],"collection":[{"href":"https:\/\/www.tucomarca.com\/wordpress\/segunda\/ca\/wp-json\/wp\/v2\/posts"}],"about":[{"href":"https:\/\/www.tucomarca.com\/wordpress\/segunda\/ca\/wp-json\/wp\/v2\/types\/post"}],"author":[{"embeddable":true,"href":"https:\/\/www.tucomarca.com\/wordpress\/segunda\/ca\/wp-json\/wp\/v2\/users\/12"}],"replies":[{"embeddable":true,"href":"https:\/\/www.tucomarca.com\/wordpress\/segunda\/ca\/wp-json\/wp\/v2\/comments?post=181609"}],"version-history":[{"count":0,"href":"https:\/\/www.tucomarca.com\/wordpress\/segunda\/ca\/wp-json\/wp\/v2\/posts\/181609\/revisions"}],"wp:featuredmedia":[{"embeddable":true,"href":"https:\/\/www.tucomarca.com\/wordpress\/segunda\/ca\/wp-json\/wp\/v2\/media\/181607"}],"wp:attachment":[{"href":"https:\/\/www.tucomarca.com\/wordpress\/segunda\/ca\/wp-json\/wp\/v2\/media?parent=181609"}],"wp:term":[{"taxonomy":"category","embeddable":true,"href":"https:\/\/www.tucomarca.com\/wordpress\/segunda\/ca\/wp-json\/wp\/v2\/categories?post=181609"},{"taxonomy":"post_tag","embeddable":true,"href":"https:\/\/www.tucomarca.com\/wordpress\/segunda\/ca\/wp-json\/wp\/v2\/tags?post=181609"}],"curies":[{"name":"wp","href":"https:\/\/api.w.org\/{rel}","templated":true}]}}