{"id":181701,"date":"2023-03-23T11:00:00","date_gmt":"2023-03-23T10:00:00","guid":{"rendered":"https:\/\/www.tucomarca.com\/wordpress\/segunda\/?p=181701"},"modified":"2023-03-23T12:27:13","modified_gmt":"2023-03-23T11:27:13","slug":"la-guardia-civil-dete-als-responsables-del-robatori-dimatges-religioses-a-la-ribera","status":"publish","type":"post","link":"https:\/\/www.tucomarca.com\/wordpress\/segunda\/ca\/la-guardia-civil-dete-als-responsables-del-robatori-dimatges-religioses-a-la-ribera\/","title":{"rendered":"La Gu\u00e0rdia Civil det\u00e9 als responsables del robatori d&#8217;imatges religioses a La Ribera"},"content":{"rendered":"\n<h3 class=\"wp-block-heading\"><strong>2 persones han sigut detingudes per robatori amb for\u00e7a en les coses a l&#8217;interior de les seg\u00fcents esgl\u00e9sies: M. Barraquetes, Corbera, Poliny\u00e0 de X\u00faquer, Fortaleny, Simat de la Valldigna, Xeraco, Riola, Cogullada<\/strong>.<\/h3>\n\n\n\n<h3 class=\"wp-block-heading\"><strong>Altres 2 persones que regentaven una botiga d&#8217;antiguitats estan sent investigats per delictes d&#8217;encobriment<\/strong>.<\/h3>\n\n\n\n<p>La Gu\u00e0rdia Civil de Val\u00e8ncia det\u00e9 als responsables dels 12 delictes relacionats amb el robatori d&#8217;imatges religioses a l&#8217;interior de diverses esgl\u00e9sies a la comarca de la Ribera Baixa, la Ribera Alta i La Safor.\u00a0<\/p>\n\n\n\n<p>Els agents de la Gu\u00e0rdia Civil van donar principi el mes de febrer passat a una investigaci\u00f3 despr\u00e9s de la crida d&#8217;uns ve\u00efns de la localitat de Riola, que van manifestar haver sigut testimonis de com uns homes introdu\u00efen imatges religioses en una dels habitatges, ja que durant aquest mes es van cometre diversos robatoris a l&#8217;interior d&#8217;esgl\u00e9sies en diversos pobles de la zona de la Ribera Baixa, concretament: Mareny de Barraquetes, Ermita de Corbera i Poliny\u00e0 de X\u00faquer.\u00a0<br>Posteriorment, el passat 20 de mar\u00e7, la patrulla de seguretat ciutadana va rebre av\u00eds de la central COS que un particular estava sent testimoni de com uns individus estaven descarregant una imatge religiosa de gran grand\u00e0ria d&#8217;un vehicle, introduint-la a l&#8217;interior d&#8217;un habitatge. Despr\u00e9s d&#8217;aix\u00f2, els agents es van personar en aquest habitatge, on una dona els va obrir la porta. En aqueix moment, els agents van observar la imatge d&#8217;una figura religiosa, m\u00e9s concretament, una verge portant als seus bra\u00e7os al xiquet Jes\u00fas, al costat de la qual hi havia un rosari. Preguntada per aquest fet, la dona va manifestar que desconeixia l&#8217;origen de la figura, per\u00f2 que el seu marit i un altre home l&#8217;havien descarregada a la seua casa.\u00a0<br>Els agents de la Gu\u00e0rdia Civil, amb el consentiment de l&#8217;habitant i 2 testimonis, van procedir a realitzar el registre de l&#8217;habitatge, durant el qual es va recuperar la imatge de la verge. Preguntada de nou per aquest fet, va manifestar que havia sigut sostreta durant la nit a l&#8217;esgl\u00e9sia de Cogullada, en el terme municipal de Carcaixent (Val\u00e8ncia), al costat de la seua parella.\u00a0<br>M\u00e9s tard, els agents van procedir a entrevistar-se amb el propietari del vehicle utilitzat per al fet delictiu, que va manifestar haver-li prestat el cotxe al detingut per a anar a Cogullada al costat de la seua dona i la seua filla.\u00a0<br>La detinguda, en la seua manifestaci\u00f3, va declarar haver anat amb la seua parella i la seua filla a l&#8217;esgl\u00e9sia de Cogullada i haver descarregat posteriorment en el seu domicili la imatge entre tots dos. Se li va preguntar tamb\u00e9 en pres\u00e8ncia del seu advocat pels cables de coure aprehesos en el domicili, declarant haver-los trobat un dia a la seua casa i, despr\u00e9s de preguntar-li al seu marit, est li va confessar haver-los robat juntament amb un altre home de les vies del tren pr\u00f2ximes a la localitat de Sueca (Val\u00e8ncia).\u00a0<br>Despr\u00e9s de nombroses perquisicions, els investigadors van aconseguir localitzar una botiga d&#8217;antiguitats a Val\u00e8ncia, en la qual els detinguts havien realitzat el lliurament de les imatges religioses sostretes. En el registre efectuat en el citat establiment, es van localitzar les imatges religioses sostretes a les esgl\u00e9sies, confirmant que havien sigut entregades per un home, una dona i una menor. Per aix\u00f2 es procedeix a investigar als 2 homes que regenten l&#8217;establiment per sengles delictes d&#8217;encobriment.\u00a0<br>En les citades operacions s&#8217;han detingut a 2 persones, 1 home i 1 dona, de 24 i 33 anys i de nacionalitats colombi\u00e0 i espanyola per 9 delictes de robatori amb for\u00e7a en les coses a l&#8217;interior d&#8217;esgl\u00e9sies i 1 imatge en la fa\u00e7ana d&#8217;un habitatge. Tamb\u00e9 se&#8217;ls imputa pertinen\u00e7a a grup criminal.\u00a0<br>Per aquests fets tamb\u00e9 estan sent investigats 2 homes, de 64 i 66 anys, de nacionalitat espanyola, propietaris de la botiga d&#8217;antiguitats, per 2 delictes d&#8217;encobriment.\u00a0<br>En total, la Gu\u00e0rdia Civil de Val\u00e8ncia ha aconseguit esclarir en aquestes operacions un total de 12 delictes.\u00a0<br>Les dilig\u00e8ncies han sigut entregades en el Jutjat de Primera Inst\u00e0ncia i Instrucci\u00f3 N\u00famero 6 de Sueca.<\/p>\n\n\n\n<figure class=\"wp-block-image size-large\"><img loading=\"lazy\" decoding=\"async\" width=\"1024\" height=\"768\" src=\"http:\/\/www.tucomarca.com\/wordpress\/segunda\/wp-content\/uploads\/2023\/03\/GCRobosLaRibera-1024x768.jpg\" alt=\"\" class=\"wp-image-181696\" srcset=\"https:\/\/www.tucomarca.com\/wordpress\/segunda\/wp-content\/uploads\/2023\/03\/GCRobosLaRibera-1024x768.jpg 1024w, https:\/\/www.tucomarca.com\/wordpress\/segunda\/wp-content\/uploads\/2023\/03\/GCRobosLaRibera-300x225.jpg 300w, https:\/\/www.tucomarca.com\/wordpress\/segunda\/wp-content\/uploads\/2023\/03\/GCRobosLaRibera-768x576.jpg 768w, https:\/\/www.tucomarca.com\/wordpress\/segunda\/wp-content\/uploads\/2023\/03\/GCRobosLaRibera-1536x1152.jpg 1536w, https:\/\/www.tucomarca.com\/wordpress\/segunda\/wp-content\/uploads\/2023\/03\/GCRobosLaRibera-2048x1536.jpg 2048w, https:\/\/www.tucomarca.com\/wordpress\/segunda\/wp-content\/uploads\/2023\/03\/GCRobosLaRibera-678x509.jpg 678w, https:\/\/www.tucomarca.com\/wordpress\/segunda\/wp-content\/uploads\/2023\/03\/GCRobosLaRibera-326x245.jpg 326w, https:\/\/www.tucomarca.com\/wordpress\/segunda\/wp-content\/uploads\/2023\/03\/GCRobosLaRibera-80x60.jpg 80w\" sizes=\"auto, (max-width: 1024px) 100vw, 1024px\" \/><\/figure>\n","protected":false},"excerpt":{"rendered":"<div class=\"mh-excerpt\">2 persones han sigut detingudes per robatori amb for\u00e7a en les coses a l&#8217;interior de les seg\u00fcents esgl\u00e9sies: M. Barraquetes, Corbera, Poliny\u00e0 de X\u00faquer, Fortaleny, Simat de la Valldigna, Xeraco, Riola, Cogullada. Altres 2 persones <a class=\"mh-excerpt-more\" href=\"https:\/\/www.tucomarca.com\/wordpress\/segunda\/ca\/la-guardia-civil-dete-als-responsables-del-robatori-dimatges-religioses-a-la-ribera\/\" title=\"La Gu\u00e0rdia Civil det\u00e9 als responsables del robatori d&#8217;imatges religioses a La Ribera\">[+] <\/a><\/div>\n","protected":false},"author":1,"featured_media":181699,"comment_status":"open","ping_status":"open","sticky":false,"template":"","format":"image","meta":{"footnotes":""},"categories":[10898,10948,10894,10904,10902,10896,10897],"tags":[11118,18935,11077,17587],"class_list":{"0":"post-181701","1":"post","2":"type-post","3":"status-publish","4":"format-image","5":"has-post-thumbnail","7":"category-ventana-ca","8":"category-infraestructuras-ca","9":"category-la-comarca-ca","10":"category-sin-categorizar-ca","11":"category-la-ribera-ca","12":"category-seccion-ca","13":"category-sucesos-la-comarca-ca","14":"tag-guardia-civil-ca","15":"tag-iglesias-ca","16":"tag-la-ribera-alta-ca","17":"tag-robos-ca","18":"post_format-post-format-image"},"_links":{"self":[{"href":"https:\/\/www.tucomarca.com\/wordpress\/segunda\/ca\/wp-json\/wp\/v2\/posts\/181701","targetHints":{"allow":["GET"]}}],"collection":[{"href":"https:\/\/www.tucomarca.com\/wordpress\/segunda\/ca\/wp-json\/wp\/v2\/posts"}],"about":[{"href":"https:\/\/www.tucomarca.com\/wordpress\/segunda\/ca\/wp-json\/wp\/v2\/types\/post"}],"author":[{"embeddable":true,"href":"https:\/\/www.tucomarca.com\/wordpress\/segunda\/ca\/wp-json\/wp\/v2\/users\/1"}],"replies":[{"embeddable":true,"href":"https:\/\/www.tucomarca.com\/wordpress\/segunda\/ca\/wp-json\/wp\/v2\/comments?post=181701"}],"version-history":[{"count":0,"href":"https:\/\/www.tucomarca.com\/wordpress\/segunda\/ca\/wp-json\/wp\/v2\/posts\/181701\/revisions"}],"wp:featuredmedia":[{"embeddable":true,"href":"https:\/\/www.tucomarca.com\/wordpress\/segunda\/ca\/wp-json\/wp\/v2\/media\/181699"}],"wp:attachment":[{"href":"https:\/\/www.tucomarca.com\/wordpress\/segunda\/ca\/wp-json\/wp\/v2\/media?parent=181701"}],"wp:term":[{"taxonomy":"category","embeddable":true,"href":"https:\/\/www.tucomarca.com\/wordpress\/segunda\/ca\/wp-json\/wp\/v2\/categories?post=181701"},{"taxonomy":"post_tag","embeddable":true,"href":"https:\/\/www.tucomarca.com\/wordpress\/segunda\/ca\/wp-json\/wp\/v2\/tags?post=181701"}],"curies":[{"name":"wp","href":"https:\/\/api.w.org\/{rel}","templated":true}]}}