{"id":181827,"date":"2023-03-26T10:00:00","date_gmt":"2023-03-26T09:00:00","guid":{"rendered":"https:\/\/www.tucomarca.com\/wordpress\/segunda\/?p=181827"},"modified":"2023-03-27T12:31:39","modified_gmt":"2023-03-27T11:31:39","slug":"mompo-i-mazon-abrigallen-a-abel-marti-en-la-presentacio-de-la-candidatura-del-pp-a-lalcaldia-de-la-pobla-de-vallbona","status":"publish","type":"post","link":"https:\/\/www.tucomarca.com\/wordpress\/segunda\/ca\/mompo-i-mazon-abrigallen-a-abel-marti-en-la-presentacio-de-la-candidatura-del-pp-a-lalcaldia-de-la-pobla-de-vallbona\/","title":{"rendered":"Momp\u00f3 i Maz\u00f3n abrigallen a Abel Mart\u00ed en la presentaci\u00f3 de la candidatura del PP a l&#8217;alcaldia de La Pobla de Vallbona"},"content":{"rendered":"\n<h3 class=\"wp-block-heading\"><strong>El candidat popular va defensar la necessitat de treballar per a construir un futur millor que retorne la il\u00b7lusi\u00f3 a la ciutadania del municipi<\/strong><\/h3>\n\n\n\n<p>El mat\u00ed del dissabte 25 de mar\u00e7, La Pobla de Vallbona es va reunir al costat del Centre Social per a acollir la presentaci\u00f3 d&#8217;Abel Mart\u00ed, candidat del Partit Popular per a l&#8217;alcaldia del municipi en les pr\u00f2ximes eleccions. Acompanyat del ve\u00efnat, els afiliats i simpatitzants, aix\u00ed com d&#8217;autoritats i representants del Partit Popular, Mart\u00ed va exposar que el seu projecte per a La Pobla persegueix \u201cmillorar la vida de la nostra gent en tot el que siga a la nostra m\u00e0 perqu\u00e8 el poble recupera la il\u00b7lusi\u00f3\u201d.<br>Entre els assistents, va destacar la pres\u00e8ncia de Vicent Momp\u00f3, President del PP de la prov\u00edncia de Val\u00e8ncia, i Carlos Maz\u00f3n, President dels populars de la Comunitat Valenciana i de la Diputaci\u00f3 d&#8217;Alacant. Tots dos c\u00e0rrecs, que van voler acompanyar a Abel Mart\u00ed en l&#8217;inici de la seua carrera per a retornar al PP l&#8217;alcaldia del Sa Pobla, van dedicar unes paraules als presents i van deixar patent la seua plena confian\u00e7a en Mart\u00ed.<br>Maz\u00f3n va recalcar la import\u00e0ncia d&#8217;apostar per un canvi de direcci\u00f3 i va recordar als presents que \u00e9s a les seues mans el futur no sols del poble, tamb\u00e9 de la pr\u00f2pia Comunitat Valenciana: \u201cMunicipis com La Pobla seran clau per a recuperar el control de la comunitat i corregir all\u00f2 que ens impedeix cr\u00e9ixer\u201d.<br>Amb el lema \u201cLa Pobla Il\u00b7lusiona\u201d, el candidat popular va insistir en la import\u00e0ncia de posar en valor les riqueses del municipi i treballar per construir un futur que retorne a la poblaci\u00f3 la il\u00b7lusi\u00f3 perduda: \u201cLa Pobla t\u00e9 qualitats m\u00e9s que suficients per a afrontar el futur amb optimisme i amb la seguretat que, amb els canvis necessaris, podem aconseguir tot el que la nostra poblaci\u00f3 mereix per a viure millor\u201d.\u00a0<br>Abel Mart\u00ed va afirmar que la seua voluntat \u00e9s governar per al total de la poblaci\u00f3, sense importar ideologies o colors: \u201cLa Pobla som tots i governar per a tots \u00e9s l&#8217;\u00fanica forma que la nostra comunitat avance, cresca i millore. \u00c9s el nostre deure treballar per a fer-lo possible\u201d.\u00a0<br>Durant l&#8217;acte es van viure moments de gran emoci\u00f3, amb el suport dels presents i, especialment, amb la pres\u00e8ncia de les persones m\u00e9s afins del candidat, que no van voler deixar passar l&#8217;ocasi\u00f3 de mostrar la seua confian\u00e7a en el projecte de futur que representa Mart\u00ed per a aquest municipi de la comarca del Camp de T\u00faria.<br>\u201cEns mou la il\u00b7lusi\u00f3 pel que podem construir tots junts, pensant sempre a generar benestar per als nostres, potenciar les nostres riqueses i recuperar les regnes del nostre futur\u201d, va assegurar el candidat popular. D&#8217;aquesta manera conclo\u00efa Abel Mart\u00ed la presentaci\u00f3 de la seua candidatura a l&#8217;alcaldia: \u201cLa Pobla Il\u00b7lusiona\u201d. Informa, <strong>Luis Ib\u00e1\u00f1ez.<\/strong><\/p>\n\n\n\n<figure class=\"wp-block-gallery has-nested-images columns-default is-cropped wp-block-gallery-1 is-layout-flex wp-block-gallery-is-layout-flex\">\n<figure class=\"wp-block-image size-large\"><img loading=\"lazy\" decoding=\"async\" width=\"1024\" height=\"768\" data-id=\"181823\" src=\"http:\/\/www.tucomarca.com\/wordpress\/segunda\/wp-content\/uploads\/2023\/03\/PPLaPobla3.jpg\" alt=\"\" class=\"wp-image-181823\" srcset=\"https:\/\/www.tucomarca.com\/wordpress\/segunda\/wp-content\/uploads\/2023\/03\/PPLaPobla3.jpg 1024w, https:\/\/www.tucomarca.com\/wordpress\/segunda\/wp-content\/uploads\/2023\/03\/PPLaPobla3-300x225.jpg 300w, https:\/\/www.tucomarca.com\/wordpress\/segunda\/wp-content\/uploads\/2023\/03\/PPLaPobla3-768x576.jpg 768w, https:\/\/www.tucomarca.com\/wordpress\/segunda\/wp-content\/uploads\/2023\/03\/PPLaPobla3-678x509.jpg 678w, https:\/\/www.tucomarca.com\/wordpress\/segunda\/wp-content\/uploads\/2023\/03\/PPLaPobla3-326x245.jpg 326w, https:\/\/www.tucomarca.com\/wordpress\/segunda\/wp-content\/uploads\/2023\/03\/PPLaPobla3-80x60.jpg 80w\" sizes=\"auto, (max-width: 1024px) 100vw, 1024px\" \/><\/figure>\n\n\n\n<figure class=\"wp-block-image size-large\"><img loading=\"lazy\" decoding=\"async\" width=\"1024\" height=\"768\" data-id=\"181821\" src=\"http:\/\/www.tucomarca.com\/wordpress\/segunda\/wp-content\/uploads\/2023\/03\/PPLaPobla2.jpg\" alt=\"\" class=\"wp-image-181821\" srcset=\"https:\/\/www.tucomarca.com\/wordpress\/segunda\/wp-content\/uploads\/2023\/03\/PPLaPobla2.jpg 1024w, https:\/\/www.tucomarca.com\/wordpress\/segunda\/wp-content\/uploads\/2023\/03\/PPLaPobla2-300x225.jpg 300w, https:\/\/www.tucomarca.com\/wordpress\/segunda\/wp-content\/uploads\/2023\/03\/PPLaPobla2-768x576.jpg 768w, https:\/\/www.tucomarca.com\/wordpress\/segunda\/wp-content\/uploads\/2023\/03\/PPLaPobla2-678x509.jpg 678w, https:\/\/www.tucomarca.com\/wordpress\/segunda\/wp-content\/uploads\/2023\/03\/PPLaPobla2-326x245.jpg 326w, https:\/\/www.tucomarca.com\/wordpress\/segunda\/wp-content\/uploads\/2023\/03\/PPLaPobla2-80x60.jpg 80w\" sizes=\"auto, (max-width: 1024px) 100vw, 1024px\" \/><\/figure>\n<\/figure>\n","protected":false},"excerpt":{"rendered":"<div class=\"mh-excerpt\">El candidat popular va defensar la necessitat de treballar per a construir un futur millor que retorne la il\u00b7lusi\u00f3 a la ciutadania del municipi El mat\u00ed del dissabte 25 de mar\u00e7, La Pobla de Vallbona <a class=\"mh-excerpt-more\" href=\"https:\/\/www.tucomarca.com\/wordpress\/segunda\/ca\/mompo-i-mazon-abrigallen-a-abel-marti-en-la-presentacio-de-la-candidatura-del-pp-a-lalcaldia-de-la-pobla-de-vallbona\/\" title=\"Momp\u00f3 i Maz\u00f3n abrigallen a Abel Mart\u00ed en la presentaci\u00f3 de la candidatura del PP a l&#8217;alcaldia de La Pobla de Vallbona\">[+] <\/a><\/div>\n","protected":false},"author":1,"featured_media":181820,"comment_status":"open","ping_status":"open","sticky":false,"template":"","format":"gallery","meta":{"footnotes":""},"categories":[10892,10948,10894,10915,10947,10896],"tags":[10899,10916,11978,11344],"class_list":{"0":"post-181827","1":"post","2":"type-post","3":"status-publish","4":"format-gallery","5":"has-post-thumbnail","7":"category-camp-de-turia-ca","8":"category-infraestructuras-ca","9":"category-la-comarca-ca","10":"category-la-pobla-ca","11":"category-politica","12":"category-seccion-ca","13":"tag-camp-de-turia-ca","14":"tag-la-pobla-de-vallbona-ca","15":"tag-partido-popular-ca","16":"tag-pp-ca","17":"post_format-post-format-gallery"},"_links":{"self":[{"href":"https:\/\/www.tucomarca.com\/wordpress\/segunda\/ca\/wp-json\/wp\/v2\/posts\/181827","targetHints":{"allow":["GET"]}}],"collection":[{"href":"https:\/\/www.tucomarca.com\/wordpress\/segunda\/ca\/wp-json\/wp\/v2\/posts"}],"about":[{"href":"https:\/\/www.tucomarca.com\/wordpress\/segunda\/ca\/wp-json\/wp\/v2\/types\/post"}],"author":[{"embeddable":true,"href":"https:\/\/www.tucomarca.com\/wordpress\/segunda\/ca\/wp-json\/wp\/v2\/users\/1"}],"replies":[{"embeddable":true,"href":"https:\/\/www.tucomarca.com\/wordpress\/segunda\/ca\/wp-json\/wp\/v2\/comments?post=181827"}],"version-history":[{"count":0,"href":"https:\/\/www.tucomarca.com\/wordpress\/segunda\/ca\/wp-json\/wp\/v2\/posts\/181827\/revisions"}],"wp:featuredmedia":[{"embeddable":true,"href":"https:\/\/www.tucomarca.com\/wordpress\/segunda\/ca\/wp-json\/wp\/v2\/media\/181820"}],"wp:attachment":[{"href":"https:\/\/www.tucomarca.com\/wordpress\/segunda\/ca\/wp-json\/wp\/v2\/media?parent=181827"}],"wp:term":[{"taxonomy":"category","embeddable":true,"href":"https:\/\/www.tucomarca.com\/wordpress\/segunda\/ca\/wp-json\/wp\/v2\/categories?post=181827"},{"taxonomy":"post_tag","embeddable":true,"href":"https:\/\/www.tucomarca.com\/wordpress\/segunda\/ca\/wp-json\/wp\/v2\/tags?post=181827"}],"curies":[{"name":"wp","href":"https:\/\/api.w.org\/{rel}","templated":true}]}}