{"id":182219,"date":"2023-03-29T19:00:00","date_gmt":"2023-03-29T18:00:00","guid":{"rendered":"https:\/\/www.tucomarca.com\/wordpress\/segunda\/?p=182219"},"modified":"2023-03-29T19:52:00","modified_gmt":"2023-03-29T18:52:00","slug":"video-aixi-han-gaudit-de-la-tradicional-nit-dalbaes-2023-els-fallers-i-falleres-de-la-falla-el-mercat-de-turis","status":"publish","type":"post","link":"https:\/\/www.tucomarca.com\/wordpress\/segunda\/ca\/video-aixi-han-gaudit-de-la-tradicional-nit-dalbaes-2023-els-fallers-i-falleres-de-la-falla-el-mercat-de-turis\/","title":{"rendered":"V\u00eddeo: aix\u00ed han gaudit de la tradicional nit d&#8217;albaes 2023 els fallers i falleres de la Falla El Mercat de Tur\u00eds"},"content":{"rendered":"\n<figure class=\"wp-block-embed is-type-video is-provider-youtube wp-block-embed-youtube wp-embed-aspect-16-9 wp-has-aspect-ratio\"><div class=\"wp-block-embed__wrapper\">\n<iframe loading=\"lazy\" title=\"V\u00eddeo: Albaes Falles de Tur\u00eds 2023. Presidents i Falleres Majors Falla Pla\u00e7a del Mercat\" width=\"500\" height=\"281\" src=\"https:\/\/www.youtube.com\/embed\/UxCj9V8yaD8?feature=oembed\" frameborder=\"0\" allow=\"accelerometer; autoplay; clipboard-write; encrypted-media; gyroscope; picture-in-picture; web-share\" referrerpolicy=\"strict-origin-when-cross-origin\" allowfullscreen><\/iframe>\n<\/div><\/figure>\n\n\n\n<p>Els fallers i falleres de la comissi\u00f3 Plaza del Mercat de Tur\u00eds han gaudit de la tradicional vetlada del cant de les albaes, tal com es pot veure en el videoenregistrament a c\u00e0rrec de\u00a0<strong>tucomarca televisi\u00f3<\/strong>\u00a0d&#8217;aquesta tradicional nit de les Falles de Tur\u00eds 2023; unes albaes que ha sigut interpretades pel grup de Cant Valenci\u00e0 del Puig de Santa Maria.<\/p>\n","protected":false},"excerpt":{"rendered":"<div class=\"mh-excerpt\">Els fallers i falleres de la comissi\u00f3 Plaza del Mercat de Tur\u00eds han gaudit de la tradicional vetlada del cant de les albaes, tal com es pot veure en el videoenregistrament a c\u00e0rrec de\u00a0tucomarca televisi\u00f3\u00a0d&#8217;aquesta <a class=\"mh-excerpt-more\" href=\"https:\/\/www.tucomarca.com\/wordpress\/segunda\/ca\/video-aixi-han-gaudit-de-la-tradicional-nit-dalbaes-2023-els-fallers-i-falleres-de-la-falla-el-mercat-de-turis\/\" title=\"V\u00eddeo: aix\u00ed han gaudit de la tradicional nit d&#8217;albaes 2023 els fallers i falleres de la Falla El Mercat de Tur\u00eds\">[+] <\/a><\/div>\n","protected":false},"author":1,"featured_media":182220,"comment_status":"open","ping_status":"open","sticky":false,"template":"","format":"video","meta":{"footnotes":""},"categories":[11005,10898,10894,10904,10902,11004,11007,11008,10896,11047,11062],"tags":[17325,16744,11499,11500,11077,11093],"class_list":{"0":"post-182219","1":"post","2":"type-post","3":"status-publish","4":"format-video","5":"has-post-thumbnail","7":"category-canal-musica","8":"category-ventana-ca","9":"category-la-comarca-ca","10":"category-sin-categorizar-ca","11":"category-la-ribera-ca","12":"category-la-semana-en-imagenes-ca","13":"category-ocio-y-cultura-ca","14":"category-pueblos-en-fiestas-ca","15":"category-seccion-ca","16":"category-turis-ca","17":"category-videos","18":"tag-2023-ca","19":"tag-albaes-ca","20":"tag-fallas-ca","21":"tag-falles-ca","22":"tag-la-ribera-alta-ca","23":"tag-turis-ca","24":"post_format-post-format-video"},"_links":{"self":[{"href":"https:\/\/www.tucomarca.com\/wordpress\/segunda\/ca\/wp-json\/wp\/v2\/posts\/182219","targetHints":{"allow":["GET"]}}],"collection":[{"href":"https:\/\/www.tucomarca.com\/wordpress\/segunda\/ca\/wp-json\/wp\/v2\/posts"}],"about":[{"href":"https:\/\/www.tucomarca.com\/wordpress\/segunda\/ca\/wp-json\/wp\/v2\/types\/post"}],"author":[{"embeddable":true,"href":"https:\/\/www.tucomarca.com\/wordpress\/segunda\/ca\/wp-json\/wp\/v2\/users\/1"}],"replies":[{"embeddable":true,"href":"https:\/\/www.tucomarca.com\/wordpress\/segunda\/ca\/wp-json\/wp\/v2\/comments?post=182219"}],"version-history":[{"count":0,"href":"https:\/\/www.tucomarca.com\/wordpress\/segunda\/ca\/wp-json\/wp\/v2\/posts\/182219\/revisions"}],"wp:featuredmedia":[{"embeddable":true,"href":"https:\/\/www.tucomarca.com\/wordpress\/segunda\/ca\/wp-json\/wp\/v2\/media\/182220"}],"wp:attachment":[{"href":"https:\/\/www.tucomarca.com\/wordpress\/segunda\/ca\/wp-json\/wp\/v2\/media?parent=182219"}],"wp:term":[{"taxonomy":"category","embeddable":true,"href":"https:\/\/www.tucomarca.com\/wordpress\/segunda\/ca\/wp-json\/wp\/v2\/categories?post=182219"},{"taxonomy":"post_tag","embeddable":true,"href":"https:\/\/www.tucomarca.com\/wordpress\/segunda\/ca\/wp-json\/wp\/v2\/tags?post=182219"}],"curies":[{"name":"wp","href":"https:\/\/api.w.org\/{rel}","templated":true}]}}