{"id":182288,"date":"2023-03-30T09:55:00","date_gmt":"2023-03-30T08:55:00","guid":{"rendered":"https:\/\/www.tucomarca.com\/wordpress\/segunda\/?p=182288"},"modified":"2023-03-30T20:08:52","modified_gmt":"2023-03-30T19:08:52","slug":"xest-comptara-amb-un-programa-dactivitats-destinades-a-public-juvenil","status":"publish","type":"post","link":"https:\/\/www.tucomarca.com\/wordpress\/segunda\/ca\/xest-comptara-amb-un-programa-dactivitats-destinades-a-public-juvenil\/","title":{"rendered":"Xest comptar\u00e0 amb un programa d&#8217;activitats destinades a p\u00fablic juvenil"},"content":{"rendered":"\n<p>En el marc del projecte Xest Jove, la regidoria de Joventut ha preparat un programa anual d&#8217;activitats per a joves.<\/p>\n\n\n\n<p>El programa arrancar\u00e0 aquest mes d&#8217;abril i comptar\u00e0 amb la participaci\u00f3 de la joventut chestana. \u201cA partir de la setmana que ve instal\u00b7larem una b\u00fastia de suggeriments en el pavell\u00f3, en l&#8217;IES Ricardo Mar\u00edn i a l&#8217;ajuntament perqu\u00e8 els i les joves puguen indicar diferents propostes d&#8217;oci a realitzar. Des de la Regidoria de Joventut, els animem a participar i a traslladar-nos les seues inquietuds amb la finalitat de crear un programa adaptat als seus gustos i interessos\u201d, ha explicat el regidor, Ra\u00fal Mota.<\/p>\n\n\n\n<p>Tots els mesos es programaran activitats i s&#8217;anunciaran en les plataformes informatives municipals. \u201cExisteix una demanda de propostes d&#8217;oci per a p\u00fablic juvenil i aquesta \u00e9s la resposta des de l&#8217;Ajuntament\u201d, ha declarat l&#8217;alcalde, Jos\u00e9 Morell.<\/p>\n\n\n\n<p><strong>Activitats infantils i juvenils per a facilitar la conciliaci\u00f3 familiar<\/strong><\/p>\n\n\n\n<figure class=\"wp-block-image size-large is-resized\"><img loading=\"lazy\" decoding=\"async\" src=\"http:\/\/www.tucomarca.com\/wordpress\/segunda\/wp-content\/uploads\/2023\/03\/ChesteJoven_2-724x1024.jpg\" alt=\"\" class=\"wp-image-182285\" width=\"444\" height=\"628\" srcset=\"https:\/\/www.tucomarca.com\/wordpress\/segunda\/wp-content\/uploads\/2023\/03\/ChesteJoven_2-724x1024.jpg 724w, https:\/\/www.tucomarca.com\/wordpress\/segunda\/wp-content\/uploads\/2023\/03\/ChesteJoven_2-212x300.jpg 212w, https:\/\/www.tucomarca.com\/wordpress\/segunda\/wp-content\/uploads\/2023\/03\/ChesteJoven_2-768x1086.jpg 768w, https:\/\/www.tucomarca.com\/wordpress\/segunda\/wp-content\/uploads\/2023\/03\/ChesteJoven_2.jpg 835w\" sizes=\"auto, (max-width: 444px) 100vw, 444px\" \/><\/figure>\n\n\n\n<p>D&#8217;altra banda, al juny i setembre es posar\u00e0 en marxa un programa de conciliaci\u00f3 familiar. Aix\u00ed, s&#8217;organitzaran activitats per a alumnat d&#8217;Educaci\u00f3 Infantil i Prim\u00e0ria, de 15.00 a 17.00, de l&#8217;1 al 22 de juny; i de 10.00 a 13.00, del 4 al 8 de setembre.&nbsp;<\/p>\n\n\n\n<p>\u201cAmb aquestes activitats pretenem afavorir la conciliaci\u00f3 familiar al final del curs escolar, ja que durant el mes de juny l&#8217;alumnat no t\u00e9 classe a la vesprada, a difer\u00e8ncia de la resta del curs, i aix\u00f2 pot complicar la conciliaci\u00f3 laboral-familiar als seus pares i mares. De la mateixa manera, i ateses les mateixes dificultats de les fam\u00edlies, es programaran activitats per als primers dies de setembre, previ a l&#8217;inici del nou curs\u201d, ha manifestat Morell.<\/p>\n","protected":false},"excerpt":{"rendered":"<div class=\"mh-excerpt\">En el marc del projecte Xest Jove, la regidoria de Joventut ha preparat un programa anual d&#8217;activitats per a joves. El programa arrancar\u00e0 aquest mes d&#8217;abril i comptar\u00e0 amb la participaci\u00f3 de la joventut chestana. <a class=\"mh-excerpt-more\" href=\"https:\/\/www.tucomarca.com\/wordpress\/segunda\/ca\/xest-comptara-amb-un-programa-dactivitats-destinades-a-public-juvenil\/\" title=\"Xest comptar\u00e0 amb un programa d&#8217;activitats destinades a p\u00fablic juvenil\">[+] <\/a><\/div>\n","protected":false},"author":12,"featured_media":182284,"comment_status":"open","ping_status":"open","sticky":false,"template":"","format":"standard","meta":{"footnotes":""},"categories":[11019,10948,10894,10912,10896,10974],"tags":[11071,18975,10914],"class_list":{"0":"post-182288","1":"post","2":"type-post","3":"status-publish","4":"format-standard","5":"has-post-thumbnail","7":"category-agenda-ca","8":"category-infraestructuras-ca","9":"category-la-comarca-ca","10":"category-la-hoya-ca","11":"category-seccion-ca","12":"category-cheste-ca","13":"tag-cheste","14":"tag-cheste-joven-ca","15":"tag-la-hoya-de-bunol-chiva-ca"},"_links":{"self":[{"href":"https:\/\/www.tucomarca.com\/wordpress\/segunda\/ca\/wp-json\/wp\/v2\/posts\/182288","targetHints":{"allow":["GET"]}}],"collection":[{"href":"https:\/\/www.tucomarca.com\/wordpress\/segunda\/ca\/wp-json\/wp\/v2\/posts"}],"about":[{"href":"https:\/\/www.tucomarca.com\/wordpress\/segunda\/ca\/wp-json\/wp\/v2\/types\/post"}],"author":[{"embeddable":true,"href":"https:\/\/www.tucomarca.com\/wordpress\/segunda\/ca\/wp-json\/wp\/v2\/users\/12"}],"replies":[{"embeddable":true,"href":"https:\/\/www.tucomarca.com\/wordpress\/segunda\/ca\/wp-json\/wp\/v2\/comments?post=182288"}],"version-history":[{"count":0,"href":"https:\/\/www.tucomarca.com\/wordpress\/segunda\/ca\/wp-json\/wp\/v2\/posts\/182288\/revisions"}],"wp:featuredmedia":[{"embeddable":true,"href":"https:\/\/www.tucomarca.com\/wordpress\/segunda\/ca\/wp-json\/wp\/v2\/media\/182284"}],"wp:attachment":[{"href":"https:\/\/www.tucomarca.com\/wordpress\/segunda\/ca\/wp-json\/wp\/v2\/media?parent=182288"}],"wp:term":[{"taxonomy":"category","embeddable":true,"href":"https:\/\/www.tucomarca.com\/wordpress\/segunda\/ca\/wp-json\/wp\/v2\/categories?post=182288"},{"taxonomy":"post_tag","embeddable":true,"href":"https:\/\/www.tucomarca.com\/wordpress\/segunda\/ca\/wp-json\/wp\/v2\/tags?post=182288"}],"curies":[{"name":"wp","href":"https:\/\/api.w.org\/{rel}","templated":true}]}}