{"id":182461,"date":"2023-03-31T17:00:00","date_gmt":"2023-03-31T16:00:00","guid":{"rendered":"https:\/\/www.tucomarca.com\/wordpress\/segunda\/?p=182461"},"modified":"2023-03-31T19:05:29","modified_gmt":"2023-03-31T18:05:29","slug":"sanitat-notifica-8-defuncions-i-906-nous-casos-de-coronavirus-en-la-comunitat-valenciana-501-dells-en-persones-majors-de-60-anys","status":"publish","type":"post","link":"https:\/\/www.tucomarca.com\/wordpress\/segunda\/ca\/sanitat-notifica-8-defuncions-i-906-nous-casos-de-coronavirus-en-la-comunitat-valenciana-501-dells-en-persones-majors-de-60-anys\/","title":{"rendered":"Sanitat notifica 8 defuncions i 906 nous casos de coronavirus en la Comunitat Valenciana, 501 d&#8217;ells en persones majors de 60 anys"},"content":{"rendered":"\n<h3 class=\"wp-block-heading\"><strong>Els hospitals valencians tenen 187 persones ingressades per COVID, 5 d&#8217;elles en l&#8217;UCI<\/strong><\/h3>\n\n\n\n<p>La Conselleria de Sanitat Universal i Salut P\u00fablica ha notificat un total de 906 nous casos de coronavirus confirmats per prova PCR o a trav\u00e9s de test d&#8217;ant\u00edgens des de l&#8217;\u00faltima actualitzaci\u00f3 divendres passat. Els nous casos per prov\u00edncies s\u00f3n 172 a Castell\u00f3 (196.840 en total), 160 a Alacant (537.007 en total) i 574 a Val\u00e8ncia (856.196 en total).<\/p>\n\n\n\n<p>D&#8217;ells, 501 s\u00f3n persones majors de 60 anys. Per prov\u00edncies: 88 de Castell\u00f3, 117 d&#8217;Alacant i 296 de Val\u00e8ncia.<\/p>\n\n\n\n<p>Els hospitals valencians tenen actualment 187 persones ingressades per*COVID, 5 d&#8217;elles en l&#8217;UCI: 39 a la prov\u00edncia de Castell\u00f3, 3 en UCI; 40 a la prov\u00edncia d&#8217;Alacant, 0 d&#8217;elles en l&#8217;UCI, i 108 a la prov\u00edncia de Val\u00e8ncia, 2 en UCI.<\/p>\n\n\n\n<p>S&#8217;han notificat 8 defuncions per coronavirus des de l&#8217;\u00faltima actualitzaci\u00f3, tots amb data de defunci\u00f3 en els \u00faltims 7 dies. Es tracta de 5 dones, d&#8217;entre 77 i 90 anys, i 3 homes d&#8217;entre 55 i 80 anys. El total de decessos des de l&#8217;inici de la pand\u00e8mia ascendeix a 10.459: 1.267 a la prov\u00edncia de Castell\u00f3, 3.965 en la d&#8217;Alacant i 5.227 en la de Val\u00e8ncia.<\/p>\n\n\n\n<p><\/p>\n\n\n\n<p><\/p>\n","protected":false},"excerpt":{"rendered":"<div class=\"mh-excerpt\">Els hospitals valencians tenen 187 persones ingressades per COVID, 5 d&#8217;elles en l&#8217;UCI La Conselleria de Sanitat Universal i Salut P\u00fablica ha notificat un total de 906 nous casos de coronavirus confirmats per prova PCR <a class=\"mh-excerpt-more\" href=\"https:\/\/www.tucomarca.com\/wordpress\/segunda\/ca\/sanitat-notifica-8-defuncions-i-906-nous-casos-de-coronavirus-en-la-comunitat-valenciana-501-dells-en-persones-majors-de-60-anys\/\" title=\"Sanitat notifica 8 defuncions i 906 nous casos de coronavirus en la Comunitat Valenciana, 501 d&#8217;ells en persones majors de 60 anys\">[+] <\/a><\/div>\n","protected":false},"author":1,"featured_media":150986,"comment_status":"open","ping_status":"open","sticky":false,"template":"","format":"standard","meta":{"footnotes":""},"categories":[11010,12202,10948,10894,10904,10903,10896,10897],"tags":[11939,11940,11199],"class_list":{"0":"post-182461","1":"post","2":"type-post","3":"status-publish","4":"format-standard","5":"has-post-thumbnail","7":"category-canal-salud","8":"category-covid-19-ca","9":"category-infraestructuras-ca","10":"category-la-comarca-ca","11":"category-sin-categorizar-ca","12":"category-medio-ambiente-la-comarca-ca","13":"category-seccion-ca","14":"category-sucesos-la-comarca-ca","15":"tag-coronavirus-ca","16":"tag-covid-19-ca","17":"tag-la-comunitat-ca"},"_links":{"self":[{"href":"https:\/\/www.tucomarca.com\/wordpress\/segunda\/ca\/wp-json\/wp\/v2\/posts\/182461","targetHints":{"allow":["GET"]}}],"collection":[{"href":"https:\/\/www.tucomarca.com\/wordpress\/segunda\/ca\/wp-json\/wp\/v2\/posts"}],"about":[{"href":"https:\/\/www.tucomarca.com\/wordpress\/segunda\/ca\/wp-json\/wp\/v2\/types\/post"}],"author":[{"embeddable":true,"href":"https:\/\/www.tucomarca.com\/wordpress\/segunda\/ca\/wp-json\/wp\/v2\/users\/1"}],"replies":[{"embeddable":true,"href":"https:\/\/www.tucomarca.com\/wordpress\/segunda\/ca\/wp-json\/wp\/v2\/comments?post=182461"}],"version-history":[{"count":0,"href":"https:\/\/www.tucomarca.com\/wordpress\/segunda\/ca\/wp-json\/wp\/v2\/posts\/182461\/revisions"}],"wp:featuredmedia":[{"embeddable":true,"href":"https:\/\/www.tucomarca.com\/wordpress\/segunda\/ca\/wp-json\/wp\/v2\/media\/150986"}],"wp:attachment":[{"href":"https:\/\/www.tucomarca.com\/wordpress\/segunda\/ca\/wp-json\/wp\/v2\/media?parent=182461"}],"wp:term":[{"taxonomy":"category","embeddable":true,"href":"https:\/\/www.tucomarca.com\/wordpress\/segunda\/ca\/wp-json\/wp\/v2\/categories?post=182461"},{"taxonomy":"post_tag","embeddable":true,"href":"https:\/\/www.tucomarca.com\/wordpress\/segunda\/ca\/wp-json\/wp\/v2\/tags?post=182461"}],"curies":[{"name":"wp","href":"https:\/\/api.w.org\/{rel}","templated":true}]}}