{"id":182478,"date":"2023-04-02T12:00:00","date_gmt":"2023-04-02T11:00:00","guid":{"rendered":"https:\/\/www.tucomarca.com\/wordpress\/segunda\/?p=182478"},"modified":"2023-04-02T23:30:06","modified_gmt":"2023-04-02T22:30:06","slug":"ava-asaja-denuncia-una-alarma-social-pels-robatoris-de-vehicles-i-maquinaria-a-agricultors","status":"publish","type":"post","link":"https:\/\/www.tucomarca.com\/wordpress\/segunda\/ca\/ava-asaja-denuncia-una-alarma-social-pels-robatoris-de-vehicles-i-maquinaria-a-agricultors\/","title":{"rendered":"AVA-Asaja den\u00fancia una \u201calarma social\u201d pels robatoris de vehicles i maquin\u00e0ria a agricultors"},"content":{"rendered":"\n<h4 class=\"wp-block-heading\">A un associat de Pedralba li sostrauen d&#8217;un magatzem un tractor i una trituradora per valor de 50.000 euros i a un altre de Paterna li roben una furgoneta a punta de navalla<\/h4>\n\n\n\n<p>\u201cAlarma social\u201d: Aix\u00ed qualifica l&#8217;Associaci\u00f3 Valenciana d&#8217;Agricultors (AVA-ASAJA) l&#8217;actual escalada de robatoris i assalts que els lladres estan perpetrant en el sector agrari de la Comunitat Valenciana. L&#8217;entitat presidida per Crist\u00f3bal Aguado detecta que, a m\u00e9s de les sostraccions de collites i materials d&#8217;instal\u00b7lacions de reg que ja venia denunciant, ara la gravetat i la freq\u00fc\u00e8ncia dels delictes s&#8217;intensifica amb robatoris de tractors, vehicles i maquin\u00e0ria agr\u00edcola, alguns d&#8217;ells fins i tot a plena llum del dia i a punta de navalla.&nbsp;<br>Un associat de Pedralba, Roberto Yuste, va patir fa dues nits el robatori d&#8217;un tractor i una trituradora, el valor econ\u00f2mic de la qual ascendeix a 50.000 euros. Els lladres van assaltar el magatzem en el qual es trobava la maquinaria agr\u00edcola, la qual era emprada per a les labors del cultiu de c\u00edtrics. Tamb\u00e9 van sostraure uns 1.500 litres de combustible emmagatzemats en una cuba a l&#8217;interior de la nau, un compressor d&#8217;aire amb la seua m\u00e0nega i uns 30 metres de reixeta galvanitzada. Yuste lamenta \u201cel tremend colp que aquest delicte suposa tant per a la viabilitat econ\u00f2mica de la meua explotaci\u00f3, com el colp moral al qual he de sobreposar-me si vull tirar avant. I no sols m&#8217;ha passat a mi, recentment m&#8217;han informat d&#8217;altres tres robatoris de vehicles agraris a la prov\u00edncia de Val\u00e8ncia\u201d.&nbsp;<br>El cas d&#8217;un altre agricultor, Jos\u00e9 Barres, delegat de AVA-ASAJA de Paterna, no \u00e9s menys dolor\u00f3s. Fa uns dies estava treballant en la seua parcel\u00b7la al mat\u00ed quan, de sobte, un jove li va espentar per l&#8217;esquena i li va fer caure a terra. En tornar-se, el delinq\u00fcent \u2013que cobria el seu rostre amb una m\u00e0scara i una caputxa\u2013 li va demanar la cartera i les claus que portara en les butxaques mentre li amena\u00e7ava amb una navalla. Res m\u00e9s arrabassar-li la clau de la furgoneta que tenia aparcada en un cam\u00ed rural, el lladre va marxar en aquesta. Agranes est\u00e0 en contacte amb les forces de seguretat per a tractar d&#8217;obtindre informaci\u00f3 sobre el parador del seu vehicle per\u00f2, de moment, les investigacions dels agents no estan donant resultats: \u201cSegurament tots els tractors i vehicles que s&#8217;emporten els lladres s\u00f3n venuts en el mercat negre, ja siga sencers o per peces, i fins i tot, segons alguns precedents, poden acabar en altres pa\u00efsos\u201d.&nbsp;<br>AVA-ASAJA reitera a la Delegaci\u00f3 del Govern que redoble la vigil\u00e0ncia tant en les explotacions agr\u00e0ries com en els punts de recepci\u00f3 de mercaderies suposadament robades perqu\u00e8 \u201cla delinq\u00fc\u00e8ncia en el medi rural valenci\u00e0 est\u00e0 causant una vertadera alarma social, que ve a empitjorar la dram\u00e0tica rendibilitat dels agricultors i ramaders a causa de l&#8217;encariment dels costos de producci\u00f3, el minvament de collites per les adversitats clim\u00e0tiques, la falta de solucions contra les plagues i malalties o els danys r\u00e8cord provocats per la fauna salvatge. La impunitat amb la qual actuen els lladres \u00e9s intolerable. Com a sector i com a societat no podem continuar amb aquesta xacra\u201d.<\/p>\n\n\n\n<p><\/p>\n","protected":false},"excerpt":{"rendered":"<div class=\"mh-excerpt\">A un associat de Pedralba li sostrauen d&#8217;un magatzem un tractor i una trituradora per valor de 50.000 euros i a un altre de Paterna li roben una furgoneta a punta de navalla \u201cAlarma social\u201d: <a class=\"mh-excerpt-more\" href=\"https:\/\/www.tucomarca.com\/wordpress\/segunda\/ca\/ava-asaja-denuncia-una-alarma-social-pels-robatoris-de-vehicles-i-maquinaria-a-agricultors\/\" title=\"AVA-Asaja den\u00fancia una \u201calarma social\u201d pels robatoris de vehicles i maquin\u00e0ria a agricultors\">[+] <\/a><\/div>\n","protected":false},"author":12,"featured_media":182477,"comment_status":"open","ping_status":"open","sticky":false,"template":"","format":"standard","meta":{"footnotes":""},"categories":[10905,11046,10898,10948,10894,10904,11025,10947,10909,10896,10897],"tags":[11924,18982,18983],"class_list":{"0":"post-182478","1":"post","2":"type-post","3":"status-publish","4":"format-standard","5":"has-post-thumbnail","7":"category-agricultura-la-comarca-ca","8":"category-los-serranos-ca","9":"category-ventana-ca","10":"category-infraestructuras-ca","11":"category-la-comarca-ca","12":"category-sin-categorizar-ca","13":"category-pedralba-ca","14":"category-politica","15":"category-requena-utiel-ca","16":"category-seccion-ca","17":"category-sucesos-la-comarca-ca","18":"tag-ava-asaja-ca","19":"tag-robo-de-maquinaria-agricola-ca","20":"tag-robos-de-vehiculos-ca"},"_links":{"self":[{"href":"https:\/\/www.tucomarca.com\/wordpress\/segunda\/ca\/wp-json\/wp\/v2\/posts\/182478","targetHints":{"allow":["GET"]}}],"collection":[{"href":"https:\/\/www.tucomarca.com\/wordpress\/segunda\/ca\/wp-json\/wp\/v2\/posts"}],"about":[{"href":"https:\/\/www.tucomarca.com\/wordpress\/segunda\/ca\/wp-json\/wp\/v2\/types\/post"}],"author":[{"embeddable":true,"href":"https:\/\/www.tucomarca.com\/wordpress\/segunda\/ca\/wp-json\/wp\/v2\/users\/12"}],"replies":[{"embeddable":true,"href":"https:\/\/www.tucomarca.com\/wordpress\/segunda\/ca\/wp-json\/wp\/v2\/comments?post=182478"}],"version-history":[{"count":0,"href":"https:\/\/www.tucomarca.com\/wordpress\/segunda\/ca\/wp-json\/wp\/v2\/posts\/182478\/revisions"}],"wp:featuredmedia":[{"embeddable":true,"href":"https:\/\/www.tucomarca.com\/wordpress\/segunda\/ca\/wp-json\/wp\/v2\/media\/182477"}],"wp:attachment":[{"href":"https:\/\/www.tucomarca.com\/wordpress\/segunda\/ca\/wp-json\/wp\/v2\/media?parent=182478"}],"wp:term":[{"taxonomy":"category","embeddable":true,"href":"https:\/\/www.tucomarca.com\/wordpress\/segunda\/ca\/wp-json\/wp\/v2\/categories?post=182478"},{"taxonomy":"post_tag","embeddable":true,"href":"https:\/\/www.tucomarca.com\/wordpress\/segunda\/ca\/wp-json\/wp\/v2\/tags?post=182478"}],"curies":[{"name":"wp","href":"https:\/\/api.w.org\/{rel}","templated":true}]}}